{"id":81812,"date":"2024-08-17T16:06:35","date_gmt":"2024-08-17T16:06:35","guid":{"rendered":"https:\/\/fono.fcm.unc.edu.ar\/?p=12577"},"modified":"2024-08-17T16:06:35","modified_gmt":"2024-08-17T16:06:35","slug":"8o-congreso-mundial-sobre-implantes-cocleares-en-paises-emergentes","status":"publish","type":"post","link":"http:\/\/hoycordobaweb.com\/index.php\/2024\/08\/17\/8o-congreso-mundial-sobre-implantes-cocleares-en-paises-emergentes\/","title":{"rendered":"8\u00ba Congreso Mundial sobre Implantes Cocleares en Pa\u00edses Emergentes"},"content":{"rendered":"<h2 class=\"fusion-post-title\">8\u00ba Congreso Mundial sobre Implantes Cocleares en Pa\u00edses Emergentes<\/h2>\n<div class=\"post-content\" readability=\"42\">\n<p><img loading=\"lazy\" fetchpriority=\"high\" decoding=\"async\" class=\"alignright size-fusion-400 wp-image-12578\" src=\"https:\/\/fono.fcm.unc.edu.ar\/wp-content\/uploads\/sites\/14\/2024\/08\/congresoZernotti-400x216.jpeg\" alt width=\"400\" height=\"216\" srcset=\"https:\/\/fono.fcm.unc.edu.ar\/wp-content\/uploads\/sites\/14\/2024\/08\/congresoZernotti-200x108.jpeg 200w, https:\/\/fono.fcm.unc.edu.ar\/wp-content\/uploads\/sites\/14\/2024\/08\/congresoZernotti-300x162.jpeg 300w, https:\/\/fono.fcm.unc.edu.ar\/wp-content\/uploads\/sites\/14\/2024\/08\/congresoZernotti-400x216.jpeg 400w, https:\/\/fono.fcm.unc.edu.ar\/wp-content\/uploads\/sites\/14\/2024\/08\/congresoZernotti-600x325.jpeg 600w, https:\/\/fono.fcm.unc.edu.ar\/wp-content\/uploads\/sites\/14\/2024\/08\/congresoZernotti-768x415.jpeg 768w, https:\/\/fono.fcm.unc.edu.ar\/wp-content\/uploads\/sites\/14\/2024\/08\/congresoZernotti-800x433.jpeg 800w, https:\/\/fono.fcm.unc.edu.ar\/wp-content\/uploads\/sites\/14\/2024\/08\/congresoZernotti.jpeg 1000w\" sizes=\"(max-width: 400px) 100vw, 400px\">La Escuela de Fonoaudiolog\u00eda informa que del 15 al 17 de septiembre en la ciudad de Buenos Aires se llevar\u00e1 a cabo el 8\u00ba Congreso Mundial sobre Implantes Cocleares en Pa\u00edses Emergentes.<\/p>\n<p>El evento cuenta con el respaldo de dos importantes instituciones en el campo de la fonoaudiolog\u00eda referente a la audici\u00f3n: la Academia Alexander Graham Bell, tambi\u00e9n conocida como AG Bell y la Escuela de Fonoaudiolog\u00eda de la Universidad Nacional de C\u00f3rdoba.<\/p>\n<p>En \u00e9sta oportunidad la presidencia del evento est\u00e1 a cargo del profesor de nuestra Escuela, el Dr. Mario Zernotti.<\/p>\n<\/p><\/div>\n","protected":false},"excerpt":{"rendered":"<p>8\u00ba Congreso Mundial sobre Implantes Cocleares en Pa\u00edses Emergentes La Escuela de Fonoaudiolog\u00eda informa que del 15 al 17 de septiembre en la ciudad de Buenos Aires se llevar\u00e1 a cabo el 8\u00ba Congreso Mundial sobre Implantes Cocleares en Pa\u00edses Emergentes. El evento cuenta con el respaldo de dos importantes instituciones en el campo de [&hellip;]<\/p>\n","protected":false},"author":1,"featured_media":0,"comment_status":"closed","ping_status":"closed","sticky":false,"template":"","format":"standard","meta":[],"categories":[1],"tags":[],"_links":{"self":[{"href":"http:\/\/hoycordobaweb.com\/index.php\/wp-json\/wp\/v2\/posts\/81812"}],"collection":[{"href":"http:\/\/hoycordobaweb.com\/index.php\/wp-json\/wp\/v2\/posts"}],"about":[{"href":"http:\/\/hoycordobaweb.com\/index.php\/wp-json\/wp\/v2\/types\/post"}],"author":[{"embeddable":true,"href":"http:\/\/hoycordobaweb.com\/index.php\/wp-json\/wp\/v2\/users\/1"}],"replies":[{"embeddable":true,"href":"http:\/\/hoycordobaweb.com\/index.php\/wp-json\/wp\/v2\/comments?post=81812"}],"version-history":[{"count":0,"href":"http:\/\/hoycordobaweb.com\/index.php\/wp-json\/wp\/v2\/posts\/81812\/revisions"}],"wp:attachment":[{"href":"http:\/\/hoycordobaweb.com\/index.php\/wp-json\/wp\/v2\/media?parent=81812"}],"wp:term":[{"taxonomy":"category","embeddable":true,"href":"http:\/\/hoycordobaweb.com\/index.php\/wp-json\/wp\/v2\/categories?post=81812"},{"taxonomy":"post_tag","embeddable":true,"href":"http:\/\/hoycordobaweb.com\/index.php\/wp-json\/wp\/v2\/tags?post=81812"}],"curies":[{"name":"wp","href":"https:\/\/api.w.org\/{rel}","templated":true}]}}