{"id":8177,"date":"2020-12-23T00:05:01","date_gmt":"2020-12-23T00:05:01","guid":{"rendered":"http:\/\/enfermeria.fcm.unc.edu.ar\/?p=2940"},"modified":"2020-12-23T00:05:01","modified_gmt":"2020-12-23T00:05:01","slug":"comision-de-violencia-de-genero-ganadores-del-concurso-de-fotografias-ser-mujer-hoy","status":"publish","type":"post","link":"http:\/\/hoycordobaweb.com\/index.php\/2020\/12\/23\/comision-de-violencia-de-genero-ganadores-del-concurso-de-fotografias-ser-mujer-hoy\/","title":{"rendered":"Comisi\u00f3n de Violencia de G\u00e9nero \u2013 Ganadores del concurso de fotograf\u00edas \u00abSer mujer Hoy\u00bb"},"content":{"rendered":"<div readability=\"86.465695668839\">\n<p>En el marco de la Campa\u00f1a&nbsp; de promoci\u00f3n \u201cSer Mujer Hoy\u201d&nbsp; organizado por la Comisi\u00f3n contra la violencia de g\u00e9nero de la Escuela de Enfermer\u00eda&nbsp; se realizaron diferentes actividades con el objetivo de sensibilizar y reflexionar sobre la erradicaci\u00f3n de la violencia dirigida a mujeres y ni\u00f1as, una de ellas cont\u00f3 con un concurso de fotograf\u00eda que se nomin\u00f3 como la Campa\u00f1a \u201cSer Mujer Hoy\u201d, comenzando su difusi\u00f3n desde el d\u00eda 25 de Noviembre y terminando el d\u00eda 10 de Diciembre.&nbsp; Resoluci\u00f3n Interna \u2013 2020-81-E-UNC- DIR#EE<\/p>\n<p>El concurso fotogr\u00e1fico tuvo&nbsp; la finalidad&nbsp; de poder visibilizar, interpelar y transformar sentidos&nbsp; mediante im\u00e1genes que representen el ser mujer en la actualidad, desde un enfoque que inclu\u00eda: autoestima,&nbsp; libertad, y creatividad con una mirada desde y hacia la sociedad actual, tambi\u00e9n&nbsp; repensar sobre los v\u00ednculos saludables y&nbsp; percepciones construidas a trav\u00e9s del tiempo y la cultura, pudiendo generarse espacios de resignificaci\u00f3n del concepto de autoestima en la mujer.<\/p>\n<p>En relaci\u00f3n al material fotogr\u00e1fico y sus requisitos se tuvo un amplio sentido de la inclusi\u00f3n permiti\u00e9ndose la participaci\u00f3n de fot\u00f3grafos profesionales como aficionados. La muestra virtual const\u00f3 con 29 fotograf\u00edas que han logrado ampliamente llegar a las expectativas pensadas al inicio de esta innovadora experiencia.<\/p>\n<p>Mediante la valoraci\u00f3n de un comit\u00e9 evaluador integrado&nbsp;&nbsp; por un especialista de fotograf\u00eda, del \u00e1rea de la Direcci\u00f3n de la E.E. y de la comisi\u00f3n que organiza, se arriba al siguiente resultado:<\/p>\n<p>1\u00b0 Puesto: <strong>SEMBRANDO FLORECEMOS \u2013&nbsp; Autora: \u00c1ngela Braconi.<\/strong><\/p>\n<p>2\u00b0 Puesto: <strong>ACORDES QUERETANOS- Autor: Daniel Casartelli.<\/strong><\/p>\n<p>3\u00b0 Puesto (voto like en redes sociales) <strong>LAS OLOCCO<\/strong> \u2013 <strong>Autor: Nicol\u00e1s Ezequiel V\u00e1zquez Olocco<\/strong>.<\/p>\n<p>3\u00b0 Puesto (voto like en redes sociales) <strong>MUJERES DE AYER, DE HOY Y DE SIEMPRE \u2013 Autor: Nicol\u00e1s Ezequiel V\u00e1zquez Olocco.<\/strong><\/p>\n<p>1\u00b0 Menci\u00f3n: <strong>YO SOY- Autora: Guadalupe Esther Viotti.<\/strong><\/p>\n<p>2\u00b0 Menci\u00f3n: <strong>CICATRICES- Autor: C\u00e9sar&nbsp; Marcelo Contreras.<\/strong><\/p>\n<p>3\u00b0 Menci\u00f3n: <strong>Sin T\u00edtulo \u2013 Autor: C\u00e9sar&nbsp; Marcelo Contreras.<\/strong><\/p>\n<p>4\u00b0Menci\u00f3n: <strong>Sin T\u00edtulo -Autor: Jes\u00fas Albornoz<\/strong><\/p>\n<p>5\u00b0Menci\u00f3n: <strong>MUJER EN LUCHA \u2013 Autor: \u00c1ngela Braconi<\/strong><\/p>\n<p><strong><em>Agradecimientos por su participaci\u00f3n a los siguientes fot\u00f3grafos\/as:<\/em><\/strong> Emma Urbancic, Diego \u00c1lvarez, Mar\u00eda Alejandra Rita Baca, Carlisssh Moyano, Rosa del Valle Flores, Martha A. Moreschi y&nbsp; Jessica Anabel Pe\u00f1a Monier<\/p>\n<p>Todas las fotos est\u00e1n expuestas en nuestra Fan Page: <a href=\"https:\/\/www.facebook.com\/Comisi%C3%B3n-contra-la-violencia-de-g%C3%A9nero-Escuela-de-Enfermer%C3%ADa-208943466562236\/?__tn__=-UC*F\">https:\/\/www.facebook.com\/Comisi%C3%B3n-contra-la-violencia-de-g%C3%A9nero-Escuela-de-Enfermer%C3%ADa-208943466562236\/?__tn__=-UC*F<\/a><\/p>\n<\/div>\n<div readability=\"32\">\n<p>1\u00b0 Puesto: <strong>SEMBRANDO FLORECEMOS \u2013&nbsp; Autora: \u00c1ngela Braconi<\/strong><\/p>\n<\/div>\n<div readability=\"32\">\n<p>2\u00b0 Puesto: <strong>ACORDES QUERETANOS- Autor: <\/strong>Daniel Casartelli<\/p>\n<\/div>\n<div readability=\"32\">\n<p>3\u00b0 Puesto (voto like en redes sociales) <strong>LAS OLOCCO<\/strong> \u2013 Autor: Nicol\u00e1s Ezequiel V\u00e1zquez Olocco<\/p>\n<\/div>\n<div readability=\"34\">\n<p>3\u00b0 Puesto (voto like en redes sociales) <strong>MUJERES DE AYER, DE HOY Y DE SIEMPRE \u2013 Autor: <\/strong>Nicol\u00e1s Ezequiel V\u00e1zquez Olocco<\/p>\n<\/div>\n","protected":false},"excerpt":{"rendered":"<p>En el marco de la Campa\u00f1a&nbsp; de promoci\u00f3n \u201cSer Mujer Hoy\u201d&nbsp; organizado por la Comisi\u00f3n contra la violencia de g\u00e9nero de la Escuela de Enfermer\u00eda&nbsp; se realizaron diferentes actividades con el objetivo de sensibilizar y reflexionar sobre la erradicaci\u00f3n de la violencia dirigida a mujeres y ni\u00f1as, una de ellas cont\u00f3 con un concurso de [&hellip;]<\/p>\n","protected":false},"author":1,"featured_media":0,"comment_status":"closed","ping_status":"closed","sticky":false,"template":"","format":"standard","meta":[],"categories":[17],"tags":[],"_links":{"self":[{"href":"http:\/\/hoycordobaweb.com\/index.php\/wp-json\/wp\/v2\/posts\/8177"}],"collection":[{"href":"http:\/\/hoycordobaweb.com\/index.php\/wp-json\/wp\/v2\/posts"}],"about":[{"href":"http:\/\/hoycordobaweb.com\/index.php\/wp-json\/wp\/v2\/types\/post"}],"author":[{"embeddable":true,"href":"http:\/\/hoycordobaweb.com\/index.php\/wp-json\/wp\/v2\/users\/1"}],"replies":[{"embeddable":true,"href":"http:\/\/hoycordobaweb.com\/index.php\/wp-json\/wp\/v2\/comments?post=8177"}],"version-history":[{"count":0,"href":"http:\/\/hoycordobaweb.com\/index.php\/wp-json\/wp\/v2\/posts\/8177\/revisions"}],"wp:attachment":[{"href":"http:\/\/hoycordobaweb.com\/index.php\/wp-json\/wp\/v2\/media?parent=8177"}],"wp:term":[{"taxonomy":"category","embeddable":true,"href":"http:\/\/hoycordobaweb.com\/index.php\/wp-json\/wp\/v2\/categories?post=8177"},{"taxonomy":"post_tag","embeddable":true,"href":"http:\/\/hoycordobaweb.com\/index.php\/wp-json\/wp\/v2\/tags?post=8177"}],"curies":[{"name":"wp","href":"https:\/\/api.w.org\/{rel}","templated":true}]}}