{"id":81647,"date":"2024-08-14T02:03:48","date_gmt":"2024-08-14T02:03:48","guid":{"rendered":"https:\/\/www.ole.com.ar\/futbol-internacional\/libertadores\/error-altamirano-san-lorenzo-mineiro-libertadores_0_VShAdI5sku.html"},"modified":"2024-08-14T02:03:48","modified_gmt":"2024-08-14T02:03:48","slug":"video-el-error-de-altamirano-en-el-1-1-de-san-lorenzo-vs-a-mineiro","status":"publish","type":"post","link":"http:\/\/hoycordobaweb.com\/index.php\/2024\/08\/14\/video-el-error-de-altamirano-en-el-1-1-de-san-lorenzo-vs-a-mineiro\/","title":{"rendered":"Video: el error de Altamirano en el 1-1 de San Lorenzo vs. A. Mineiro"},"content":{"rendered":"<p><img src=\"http:\/\/hoycordobaweb.com\/wp-content\/uploads\/2024\/08\/video-el-error-de-altamirano-en-el-1-1-de-san-lorenzo-vs-a-mineiro.jpg\"><\/p>\n<p><time class=\"createDate\" datetime=\"2024-08-13T23:03:48-03:00\">13\/08\/2024 23:03hs.<\/time><time class=\"modificatedDate\" datetime=\"2024-08-13T23:42:55-03:00\"> Actualizado al 13\/08\/2024 23:42hs.<\/time><\/p>\n<div id=\"storyBody\">\n<div class=\"custom-text \" readability=\"30.731707317073\">\n<p>Baldazo de agua fr\u00eda para San Lorenzo a los 13 minutos del segundo tiempo en el Nuevo Gas\u00f3metro ante<a href=\"https:\/\/www.ole.com.ar\/futbol-internacional\/libertadores\/error-altamirano-san-lorenzo-mineiro-libertadores_0_VShAdI5sku.html\" target=\"_self\" title=\" A. Mineiro por la ida de octavos de Libertadores\" alt=\" A. Mineiro por la ida de octavos de Libertadores\" rel=\"noopener noreferrer\"> A. Mineiro por la ida de octavos de Libertadores<\/a>. El Cicl\u00f3n no sufr\u00eda ante los brasile\u00f1os, pero los visitantes llegaron al empate de la manera menos pensada gracias<strong> a una falla del arquero Facundo Altamirano. \u00bfQu\u00e9 pas\u00f3?<\/strong><\/p>\n<\/div>\n<div class=\"custom-text \" readability=\"37\">\n<p>Centro de Fausto Vera al \u00e1rea local que termin\u00f3 yendo hacia donde se encontraba Altamirano en el rect\u00e1ngulo chico. Parec\u00eda una bola f\u00e1cil. El arquero intent\u00f3 atenazarla en el aire antes de caer al suelo, p<strong>ero se le escap\u00f3 y termin\u00f3 dando rebote. La pelota fue capitalizada por Paulinho, <\/strong>quien inesperadamente clav\u00f3 la igualdad en el Bajo Flores. De no creer.<\/p>\n<\/div>\n<p><h2><strong>ERROR DE ALTAMIRANO Y GOL DE A. MINEIRO<\/strong><\/h2>\n<\/p>\n<div type=\"embed\" class=\"sc-3f46f5ae-0 djVTgz\">\n<div class=\"sc-3f46f5ae-1 fTjZec videoText\" id=\"contentTitleembedKvQwo2aw\" type=\"embed\"><svg fill=\"#ffffff\"><symbol id=\"play\" viewBox=\"0 0 512 512\"><path d=\"M512 256C512 397.4 397.4 512 256 512C114.6 512 0 397.4 0 256C0 114.6 114.6 0 256 0C397.4 0 512 114.6 512 256zM176 168V344C176 352.7 180.7 360.7 188.3 364.9C195.8 369.2 205.1 369 212.5 364.5L356.5 276.5C363.6 272.1 368 264.4 368 256C368 247.6 363.6 239.9 356.5 235.5L212.5 147.5C205.1 142.1 195.8 142.8 188.3 147.1C180.7 151.3 176 159.3 176 168V168z\" \/><\/symbol><use xlink:href=\"#play\" \/><\/svg><\/p>\n<div class=\"right\">\n<p>Atletico Mineiro<!-- --> &#8211;<!-- --> <span>&nbsp;<\/span><\/p>\n<h2 class=\"title-vid\">Paulinho lo empat\u00f3 para Mineiro<\/h2>\n<\/div>\n<\/div>\n<p><span class=\"back\" id=\"spanBackembedKvQwo2aw\"><\/span><\/div>\n<div class=\"custom-text \" readability=\"33\">\n<p>Lamento de unos, celebraci\u00f3n de otros. <\/p>\n<\/div>\n<div class=\"sc-a7166897-0 exHLBh\" readability=\"7\">\n<section readability=\"4\"><picture><img alt=\"Ortigoza, presente en el Nuevo Gas\u00f3metro despu\u00e9s de la pelea con Moretti y a 10 a\u00f1os de la Libertadores\" src=\"http:\/\/hoycordobaweb.com\/wp-content\/uploads\/2024\/08\/video-el-error-de-altamirano-en-el-1-1-de-san-lorenzo-vs-a-mineiro-2.jpg\" width=\"290\" height=\"290\" decoding=\"async\" data-nimg=\"future\" loading=\"lazy\"><\/picture>\n<p><span>Mir\u00e1 tambi\u00e9n<\/span><\/p>\n<hr>\n<h3>Ortigoza, presente en el Nuevo Gas\u00f3metro despu\u00e9s de la pelea con Moretti y a 10 a\u00f1os de la Libertadores<\/h3>\n<\/p>\n<\/section>\n<\/div>\n<div class=\"sc-a7166897-0 exHLBh\" readability=\"6\">\n<section readability=\"2\"><picture><img alt=\"La llave de la Libertadores: as\u00ed siguen los octavos de final \" src=\"http:\/\/hoycordobaweb.com\/wp-content\/uploads\/2024\/08\/video-el-error-de-altamirano-en-el-1-1-de-san-lorenzo-vs-a-mineiro-3.jpg\" width=\"290\" height=\"290\" decoding=\"async\" data-nimg=\"future\" loading=\"lazy\"><\/picture>\n<p><span>Mir\u00e1 tambi\u00e9n<\/span><\/p>\n<hr>\n<h3>La llave de la Libertadores: as\u00ed siguen los octavos de final <\/h3>\n<\/p>\n<\/section>\n<\/div>\n<div class=\"sc-a7166897-0 exHLBh\" readability=\"6.5\">\n<section readability=\"3\"><picture><img alt=\"San Lorenzo empat\u00f3 con Atl\u00e9tico Mineiro y buscar\u00e1 el pase a los cuartos de la Libertadores en Brasil\" src=\"http:\/\/hoycordobaweb.com\/wp-content\/uploads\/2024\/08\/video-el-error-de-altamirano-en-el-1-1-de-san-lorenzo-vs-a-mineiro-4.jpg\" width=\"290\" height=\"290\" decoding=\"async\" data-nimg=\"future\" loading=\"lazy\"><\/picture>\n<p><span>Mir\u00e1 tambi\u00e9n<\/span><\/p>\n<hr>\n<h3>San Lorenzo empat\u00f3 con Atl\u00e9tico Mineiro y buscar\u00e1 el pase a los cuartos de la Libertadores en Brasil<\/h3>\n<\/p>\n<\/section>\n<\/div>\n<\/div>\n","protected":false},"excerpt":{"rendered":"<p>13\/08\/2024 23:03hs. Actualizado al 13\/08\/2024 23:42hs. Baldazo de agua fr\u00eda para San Lorenzo a los 13 minutos del segundo tiempo en el Nuevo Gas\u00f3metro ante A. Mineiro por la ida de octavos de Libertadores. El Cicl\u00f3n no sufr\u00eda ante los brasile\u00f1os, pero los visitantes llegaron al empate de la manera menos pensada gracias a una [&hellip;]<\/p>\n","protected":false},"author":1,"featured_media":81648,"comment_status":"open","ping_status":"closed","sticky":false,"template":"","format":"standard","meta":[],"categories":[16],"tags":[],"_links":{"self":[{"href":"http:\/\/hoycordobaweb.com\/index.php\/wp-json\/wp\/v2\/posts\/81647"}],"collection":[{"href":"http:\/\/hoycordobaweb.com\/index.php\/wp-json\/wp\/v2\/posts"}],"about":[{"href":"http:\/\/hoycordobaweb.com\/index.php\/wp-json\/wp\/v2\/types\/post"}],"author":[{"embeddable":true,"href":"http:\/\/hoycordobaweb.com\/index.php\/wp-json\/wp\/v2\/users\/1"}],"replies":[{"embeddable":true,"href":"http:\/\/hoycordobaweb.com\/index.php\/wp-json\/wp\/v2\/comments?post=81647"}],"version-history":[{"count":0,"href":"http:\/\/hoycordobaweb.com\/index.php\/wp-json\/wp\/v2\/posts\/81647\/revisions"}],"wp:featuredmedia":[{"embeddable":true,"href":"http:\/\/hoycordobaweb.com\/index.php\/wp-json\/wp\/v2\/media\/81648"}],"wp:attachment":[{"href":"http:\/\/hoycordobaweb.com\/index.php\/wp-json\/wp\/v2\/media?parent=81647"}],"wp:term":[{"taxonomy":"category","embeddable":true,"href":"http:\/\/hoycordobaweb.com\/index.php\/wp-json\/wp\/v2\/categories?post=81647"},{"taxonomy":"post_tag","embeddable":true,"href":"http:\/\/hoycordobaweb.com\/index.php\/wp-json\/wp\/v2\/tags?post=81647"}],"curies":[{"name":"wp","href":"https:\/\/api.w.org\/{rel}","templated":true}]}}