{"id":81628,"date":"2024-08-10T15:46:11","date_gmt":"2024-08-10T15:46:11","guid":{"rendered":"https:\/\/fono.fcm.unc.edu.ar\/?p=12502"},"modified":"2024-08-10T15:46:11","modified_gmt":"2024-08-10T15:46:11","slug":"comenzo-el-curso-de-posgrado-disfagia-en-el-adulto","status":"publish","type":"post","link":"http:\/\/hoycordobaweb.com\/index.php\/2024\/08\/10\/comenzo-el-curso-de-posgrado-disfagia-en-el-adulto\/","title":{"rendered":"Comenz\u00f3 el Curso de Posgrado \u00abDisfagia en el Adulto\u00bb"},"content":{"rendered":"<h2 class=\"fusion-post-title\">Comenz\u00f3 el Curso de Posgrado \u00abDisfagia en el Adulto\u00bb<\/h2>\n<div class=\"post-content\" readability=\"36\">\n<p><img loading=\"lazy\" fetchpriority=\"high\" decoding=\"async\" class=\"alignright size-fusion-400 wp-image-12503\" src=\"https:\/\/fono.fcm.unc.edu.ar\/wp-content\/uploads\/sites\/14\/2024\/08\/cursodisfagia-400x443.jpg\" alt width=\"400\" height=\"443\" srcset=\"https:\/\/fono.fcm.unc.edu.ar\/wp-content\/uploads\/sites\/14\/2024\/08\/cursodisfagia-200x221.jpg 200w, https:\/\/fono.fcm.unc.edu.ar\/wp-content\/uploads\/sites\/14\/2024\/08\/cursodisfagia-271x300.jpg 271w, https:\/\/fono.fcm.unc.edu.ar\/wp-content\/uploads\/sites\/14\/2024\/08\/cursodisfagia-400x443.jpg 400w, https:\/\/fono.fcm.unc.edu.ar\/wp-content\/uploads\/sites\/14\/2024\/08\/cursodisfagia-600x664.jpg 600w, https:\/\/fono.fcm.unc.edu.ar\/wp-content\/uploads\/sites\/14\/2024\/08\/cursodisfagia-768x850.jpg 768w, https:\/\/fono.fcm.unc.edu.ar\/wp-content\/uploads\/sites\/14\/2024\/08\/cursodisfagia-800x886.jpg 800w, https:\/\/fono.fcm.unc.edu.ar\/wp-content\/uploads\/sites\/14\/2024\/08\/cursodisfagia-925x1024.jpg 925w, https:\/\/fono.fcm.unc.edu.ar\/wp-content\/uploads\/sites\/14\/2024\/08\/cursodisfagia.jpg 1080w\" sizes=\"(max-width: 400px) 100vw, 400px\">Durante la jornada de hoy inici\u00f3 el curso de posgrado&nbsp; <em>Disfagia en el adulto<\/em>.<\/p>\n<p>Felicitaciones al equipo docente y a quienes apuestan por la formaci\u00f3n continua en la Universidad Nacional de C\u00f3rdoba, Facultad de Ciencias M\u00e9dicas y nuestra Escuela de Fonoaudiolog\u00eda!<\/p>\n<\/p><\/div>\n","protected":false},"excerpt":{"rendered":"<p>Comenz\u00f3 el Curso de Posgrado \u00abDisfagia en el Adulto\u00bb Durante la jornada de hoy inici\u00f3 el curso de posgrado&nbsp; Disfagia en el adulto. Felicitaciones al equipo docente y a quienes apuestan por la formaci\u00f3n continua en la Universidad Nacional de C\u00f3rdoba, Facultad de Ciencias M\u00e9dicas y nuestra Escuela de Fonoaudiolog\u00eda!<\/p>\n","protected":false},"author":1,"featured_media":0,"comment_status":"closed","ping_status":"closed","sticky":false,"template":"","format":"standard","meta":[],"categories":[1],"tags":[],"_links":{"self":[{"href":"http:\/\/hoycordobaweb.com\/index.php\/wp-json\/wp\/v2\/posts\/81628"}],"collection":[{"href":"http:\/\/hoycordobaweb.com\/index.php\/wp-json\/wp\/v2\/posts"}],"about":[{"href":"http:\/\/hoycordobaweb.com\/index.php\/wp-json\/wp\/v2\/types\/post"}],"author":[{"embeddable":true,"href":"http:\/\/hoycordobaweb.com\/index.php\/wp-json\/wp\/v2\/users\/1"}],"replies":[{"embeddable":true,"href":"http:\/\/hoycordobaweb.com\/index.php\/wp-json\/wp\/v2\/comments?post=81628"}],"version-history":[{"count":0,"href":"http:\/\/hoycordobaweb.com\/index.php\/wp-json\/wp\/v2\/posts\/81628\/revisions"}],"wp:attachment":[{"href":"http:\/\/hoycordobaweb.com\/index.php\/wp-json\/wp\/v2\/media?parent=81628"}],"wp:term":[{"taxonomy":"category","embeddable":true,"href":"http:\/\/hoycordobaweb.com\/index.php\/wp-json\/wp\/v2\/categories?post=81628"},{"taxonomy":"post_tag","embeddable":true,"href":"http:\/\/hoycordobaweb.com\/index.php\/wp-json\/wp\/v2\/tags?post=81628"}],"curies":[{"name":"wp","href":"https:\/\/api.w.org\/{rel}","templated":true}]}}