{"id":81590,"date":"2024-08-12T01:15:00","date_gmt":"2024-08-12T01:15:00","guid":{"rendered":"https:\/\/fm-comunicar.com.ar\/contenido\/22197\/campeonato-provincial-de-ajedrez-por-equipos-en-jesus-maria"},"modified":"2024-08-12T01:15:00","modified_gmt":"2024-08-12T01:15:00","slug":"campeonato-provincial-de-ajedrez-por-equipos-en-jesus-maria","status":"publish","type":"post","link":"http:\/\/hoycordobaweb.com\/index.php\/2024\/08\/12\/campeonato-provincial-de-ajedrez-por-equipos-en-jesus-maria\/","title":{"rendered":"Campeonato Provincial de Ajedrez por equipos en Jes\u00fas Mar\u00eda"},"content":{"rendered":"<p>El encuentro se llevar\u00e1 a cabo el s\u00e1bado 17 y domingo 18 de agosto en el Sal\u00f3n 16 de Mayo del Anfiteatro de Doma y Folklore. Conoc\u00e9 todos los detalles en la nota.<img src=\"http:\/\/hoycordobaweb.com\/wp-content\/uploads\/2024\/08\/campeonato-provincial-de-ajedrez-por-equipos-en-jesus-maria.jpg\"><\/p>\n","protected":false},"excerpt":{"rendered":"<p>El encuentro se llevar\u00e1 a cabo el s\u00e1bado 17 y domingo 18 de agosto en el Sal\u00f3n 16 de Mayo del Anfiteatro de Doma y Folklore. Conoc\u00e9 todos los detalles en la nota.<\/p>\n","protected":false},"author":1,"featured_media":81591,"comment_status":"closed","ping_status":"closed","sticky":false,"template":"","format":"standard","meta":[],"categories":[18],"tags":[],"_links":{"self":[{"href":"http:\/\/hoycordobaweb.com\/index.php\/wp-json\/wp\/v2\/posts\/81590"}],"collection":[{"href":"http:\/\/hoycordobaweb.com\/index.php\/wp-json\/wp\/v2\/posts"}],"about":[{"href":"http:\/\/hoycordobaweb.com\/index.php\/wp-json\/wp\/v2\/types\/post"}],"author":[{"embeddable":true,"href":"http:\/\/hoycordobaweb.com\/index.php\/wp-json\/wp\/v2\/users\/1"}],"replies":[{"embeddable":true,"href":"http:\/\/hoycordobaweb.com\/index.php\/wp-json\/wp\/v2\/comments?post=81590"}],"version-history":[{"count":0,"href":"http:\/\/hoycordobaweb.com\/index.php\/wp-json\/wp\/v2\/posts\/81590\/revisions"}],"wp:featuredmedia":[{"embeddable":true,"href":"http:\/\/hoycordobaweb.com\/index.php\/wp-json\/wp\/v2\/media\/81591"}],"wp:attachment":[{"href":"http:\/\/hoycordobaweb.com\/index.php\/wp-json\/wp\/v2\/media?parent=81590"}],"wp:term":[{"taxonomy":"category","embeddable":true,"href":"http:\/\/hoycordobaweb.com\/index.php\/wp-json\/wp\/v2\/categories?post=81590"},{"taxonomy":"post_tag","embeddable":true,"href":"http:\/\/hoycordobaweb.com\/index.php\/wp-json\/wp\/v2\/tags?post=81590"}],"curies":[{"name":"wp","href":"https:\/\/api.w.org\/{rel}","templated":true}]}}