{"id":81581,"date":"2024-08-12T16:22:42","date_gmt":"2024-08-12T16:22:42","guid":{"rendered":"https:\/\/cordobaturismo.gov.ar\/?p=892185"},"modified":"2024-08-12T16:22:42","modified_gmt":"2024-08-12T16:22:42","slug":"una-nutrida-agenda-de-actividades-de-cultura-cba-se-desarrollara-del-12-al-18-de-agosto","status":"publish","type":"post","link":"http:\/\/hoycordobaweb.com\/index.php\/2024\/08\/12\/una-nutrida-agenda-de-actividades-de-cultura-cba-se-desarrollara-del-12-al-18-de-agosto\/","title":{"rendered":"Una nutrida agenda de actividades de @cultura.cba, se desarrollar\u00e1 del 12 al 18 de agosto"},"content":{"rendered":"<p>La <strong>Agencia C\u00f3rdoba Cultura <\/strong>presentar\u00e1 desde este<strong> lunes 12 <\/strong>de <strong>agosto<\/strong> al <strong>domingo 18<\/strong> de <strong>agosto<\/strong> de 2024, una serie de propuestas para gozar de los distintos artistas cordobeses que copar\u00e1n una destacada programaci\u00f3n en toda la periferia de la ciudad capital.<\/p>\n<p>Esta semana se destaca el inicio de la novena edici\u00f3n del Festival Pulso Urbano. El festival de danza contempor\u00e1nea en paisajes urbanos y naturales, se desarrollar\u00e1 los d\u00edas 14, 15 y 16 de agosto y tendr\u00e1 eje en la naturaleza.&nbsp; A trav\u00e9s de intervenciones y piezas de corta duraci\u00f3n el festival se traslada a espacios naturales de la provincia y homenajear\u00e1 a las aves aut\u00f3ctonas de la regi\u00f3n pampeana, la regi\u00f3n Mar Chiquita, el interior de los barrios de la capital y la ciclov\u00eda a\u00e9rea, a la vera del R\u00edo Suqu\u00eda.<\/p>\n<p>Por otra parte, el mi\u00e9rcoles 14 a las 19:00 horas, el Museo Provincial de Fotograf\u00eda Palacio Dionisi inaugura un nuevo bloque expositivo compuesto por seis muestras fotogr\u00e1ficas. \u201cLa costura y el sue\u00f1o\u00bb de Gabriel Orge; \u00abEn el sur americano (\u00bfcolor o blanco y negro?)\u00bb de Tony Vald\u00e9z; \u00abSustancias eternas\u00bb de Cecilia Casenave, \u00abTodas las rutas\u00bb de Sof\u00eda Desuque y \u00abDerribando a Lombroso\u00bb de Soledad Galv\u00e1n. Tambi\u00e9n se exhibir\u00e1n fotograf\u00edas estenopeicas que resultaron seleccionadas a partir de la convocatoria abierta por el D\u00eda Mundial de la Fotograf\u00eda Estenopeica, con fotos de participantes de distintos lugares del mundo.<\/p>\n<p>Por \u00faltimo, el s\u00e1bado 17 y domingo 18 a las 17:00 horas, la Orquesta Acad\u00e9mica, el Coro del Seminario de Canto, el Seminario de danzas cl\u00e1sicas Nora Irinova y el Seminario de Teatro Jolie Libois, ponen en escena Conciertos para so\u00f1ar en el Teatro del Libertador San Mart\u00edn. La direcci\u00f3n general es del maestro Hadrian Avila Arzuza, relatos a cargo de Jorge Gorostiza y un programa alrededor de piezas de Beethoven, Camille Saint- S\u00e4ens, y Mussorgsky.<\/p>\n<figure class=\"wp-block-image size-full\"><img loading=\"lazy\" decoding=\"async\" width=\"996\" height=\"664\" src=\"http:\/\/hoycordobaweb.com\/wp-content\/uploads\/2024\/08\/una-nutrida-agenda-de-actividades-de-cultura-cba-se-desarrollara-del-12-al-18-de-agosto.jpg\" alt class=\"wp-image-892187\" srcset=\"http:\/\/hoycordobaweb.com\/wp-content\/uploads\/2024\/08\/una-nutrida-agenda-de-actividades-de-cultura-cba-se-desarrollara-del-12-al-18-de-agosto.jpg 996w, http:\/\/hoycordobaweb.com\/wp-content\/uploads\/2024\/08\/una-nutrida-agenda-de-actividades-de-cultura-cba-se-desarrollara-del-12-al-18-de-agosto-11.jpg 300w, http:\/\/hoycordobaweb.com\/wp-content\/uploads\/2024\/08\/una-nutrida-agenda-de-actividades-de-cultura-cba-se-desarrollara-del-12-al-18-de-agosto-12.jpg 768w\" sizes=\"(max-width: 996px) 100vw, 996px\"><\/figure>\n<p class=\"has-medium-font-size\"><strong>La grilla completa de la Agencia C\u00f3rdoba Cultura, aqu\u00ed:<\/strong><\/p>\n<p class=\"has-medium-font-size\"><strong><u>Lunes 12<\/u><\/strong><\/p>\n<p>A las 10:00 horas, Apertura <strong><em>\u201cTalk to God\u201d<\/em><\/strong>.<\/p>\n<p>Paseo del Buen Pastor \u2013 Capilla \u2013 Hip\u00f3lito Yrigoyen 325.<\/p>\n<p>En el mes aniversario del espacio cultural, el multifac\u00e9tico artista visual Luciano Colman presenta la segunda etapa de la serie de intervenciones previstas. En esta ocasi\u00f3n es una instalaci\u00f3n interactiva visual y sonora titulada \u201cTalk to God\u201d. Compuesta por un \u00e1rbol central con bocinas y tel\u00e9fonos p\u00fablicos conectados entre s\u00ed, m\u00e1s una serie de poliedros con parlantes a 360\u00ba, los cuales hacen referencia a la geometr\u00eda sagrada de los s\u00f3lidos de Plat\u00f3n, esta instalaci\u00f3n est\u00e1 pensada para invitar al p\u00fablico a expresarse, hablar, desahogarse, explayarse y exclamar, donde el concepto fundamental es tratar de comunicarse cada uno con su Dios. Esta instalaci\u00f3n podr\u00e1 visitarse hasta el mes de noviembre. <strong>Entrada libre y gratuita<\/strong>.<\/p>\n<p>A las 17:30 horas Cine: <strong>La conversi\u00f3n<\/strong> (de Marco Bellocchio, Italia, 2024).<\/p>\n<p>Centro Cultural Leonardo Favio \u2013 Buenos Aires 55, R\u00edo Cuarto.<\/p>\n<p>En 1858, Edgardo Mortara, un joven jud\u00edo de Bolonia, es secuestrado en su casa familiar por soldados del Papa de Roma. Habiendo sido bautizado en secreto por su nodriza, debe recibir una educaci\u00f3n cat\u00f3lica.&nbsp; Repite mi\u00e9rcoles 14 a las 20:30 horas. <strong>Entrada general $1.000 <\/strong>pesos, <strong>estudiantes<\/strong> y <strong>jubilados $500 pesos<\/strong>.<\/p>\n<p>A las 19:00 horas Cine en Biblioteca C\u00f3rdoba: <strong><em>\u201cCoraz\u00f3n Salvaje\u201d<\/em><\/strong> (de David Lynch, Estados Unidos, 1990).<\/p>\n<p>Biblioteca C\u00f3rdoba \u2013 27 de abril 375.<\/p>\n<p>En agosto nos atrevemos a exponernos al miedo, al inconsciente, a nuestras inquietudes m\u00e1s profundas a trav\u00e9s del cine de David Lynch. Durante un permiso carcelario, Sailor va a ver a su novia Lula y ambos deciden huir a California. La madre de la chica, que se opone a esta relaci\u00f3n, se pone en contacto con un mafioso para que elimine a Sailor. En realidad, quiere deshacerse de \u00e9l porque el joven presenci\u00f3 c\u00f3mo ella y su amante asesinaban a su marido. La huida de Sailor y Lula va acompa\u00f1ada de turbios acontecimientos y s\u00f3rdidos recuerdos.&nbsp; <strong>Entrada libre y gratuita<\/strong>.<\/p>\n<figure class=\"wp-block-image size-full\"><img loading=\"lazy\" decoding=\"async\" width=\"996\" height=\"664\" src=\"http:\/\/hoycordobaweb.com\/wp-content\/uploads\/2024\/08\/una-nutrida-agenda-de-actividades-de-cultura-cba-se-desarrollara-del-12-al-18-de-agosto-1.jpg\" alt class=\"wp-image-892188\" srcset=\"http:\/\/hoycordobaweb.com\/wp-content\/uploads\/2024\/08\/una-nutrida-agenda-de-actividades-de-cultura-cba-se-desarrollara-del-12-al-18-de-agosto-1.jpg 996w, http:\/\/hoycordobaweb.com\/wp-content\/uploads\/2024\/08\/una-nutrida-agenda-de-actividades-de-cultura-cba-se-desarrollara-del-12-al-18-de-agosto-13.jpg 300w, http:\/\/hoycordobaweb.com\/wp-content\/uploads\/2024\/08\/una-nutrida-agenda-de-actividades-de-cultura-cba-se-desarrollara-del-12-al-18-de-agosto-14.jpg 768w\" sizes=\"(max-width: 996px) 100vw, 996px\"><\/figure>\n<p>A las 20:30 Horas Cine de cabecera: <strong>Las divas de Manuel Puig<\/strong>. Grand hotel (de Edmund Goulding, Estados Unidos, 1932).<\/p>\n<p>Centro Cultural Leonardo Favio \u2013 Buenos Aires 55, R\u00edo Cuarto.<\/p>\n<p>Un hotel de lujo en Berl\u00edn experimenta un per\u00edodo de aburrimiento hasta la llegada de un extra\u00f1o grupo de invitados: un arist\u00f3crata en ruinas, un empleado, un magnate cruel, una taqu\u00edgrafa hermosa e intrigante y una bailarina (Greta Garbo). <strong>Entrada libre y gratuita<\/strong>.<\/p>\n<p class=\"has-medium-font-size\"><strong><u>Martes 13<\/u><\/strong><\/p>\n<p>A las 18:00 horas Cine en el Palacio: <strong>C\u00f3rdoba<\/strong>, <strong>sinfon\u00eda urbana<\/strong> (de Polo Obligado, Daniela Goldes, Antonio Moro, Natalia Comello, Manuel Torrado, Mart\u00edn Alvarez, Micaela Conti, Germ\u00e1n Scelso, Argentina, 2017).<\/p>\n<p>Museo Evita Palacio Ferreyra \u2013 Av. Hip\u00f3lito Yrigoyen 511. <\/p>\n<p>Una serie de largometrajes dedicados a explorar a la ciudad como un cuerpo vivo en el que se pueden explorar historias de vida, sue\u00f1os, lugares. Para este nuevo ciclo se proyectar\u00e1n pel\u00edculas de todo el mundo, incluidos dos largometrajes cordobeses. Retrato po\u00e9tico y pol\u00edtico de la ciudad de C\u00f3rdoba, construido alrededor del cauce del r\u00edo que la atraviesa de punta a punta. El Suqu\u00eda, al traspasar el coraz\u00f3n de la urbe, experimenta un proceso de contaminaci\u00f3n al mismo ritmo que suceden acontecimientos, algunos cotidianos y otros de agitada revuelta social, que cargan sus aguas con todo tipo de impurezas y tensiones. <strong>La entrada es libre y gratuita<\/strong> hasta agotar la capacidad de la sala (90 personas).<\/p>\n<p>A las 18:00 horas <strong>Cine: Caminos cruzados<\/strong> (de Levan Akin, Turqu\u00eda, 2024).<\/p>\n<p>Centro Cultural Leonardo Favio \u2013 Buenos Aires 55, R\u00edo Cuarto.<\/p>\n<p>Achi, el joven vecino de Lia, una maestra georgiana jubilada, le hace saber que Tekla, sobrina transg\u00e9nero de L\u00eda, de quien esta hace mucho no sabe nada, cruz\u00f3 la frontera y vive en Turqu\u00eda. Junto a Achi, L\u00eda viaja a Estambul en busca de Tekla y ambos exploran las profundidades ocultas de la ciudad.&nbsp; Repite mi\u00e9rcoles 14, jueves 15 y s\u00e1bado 17 a las 18. <strong>Entrada general $1.000 <\/strong>pesos, <strong>estudiantes <\/strong>y <strong>jubilados $500 pesos<\/strong>.<\/p>\n<figure class=\"wp-block-image size-full\"><img loading=\"lazy\" decoding=\"async\" width=\"996\" height=\"666\" src=\"http:\/\/hoycordobaweb.com\/wp-content\/uploads\/2024\/08\/una-nutrida-agenda-de-actividades-de-cultura-cba-se-desarrollara-del-12-al-18-de-agosto-2.jpg\" alt class=\"wp-image-892190\" srcset=\"http:\/\/hoycordobaweb.com\/wp-content\/uploads\/2024\/08\/una-nutrida-agenda-de-actividades-de-cultura-cba-se-desarrollara-del-12-al-18-de-agosto-2.jpg 996w, http:\/\/hoycordobaweb.com\/wp-content\/uploads\/2024\/08\/una-nutrida-agenda-de-actividades-de-cultura-cba-se-desarrollara-del-12-al-18-de-agosto-15.jpg 300w, http:\/\/hoycordobaweb.com\/wp-content\/uploads\/2024\/08\/una-nutrida-agenda-de-actividades-de-cultura-cba-se-desarrollara-del-12-al-18-de-agosto-16.jpg 768w\" sizes=\"(max-width: 996px) 100vw, 996px\"><\/figure>\n<p>A las 19:00 horas Cine: <strong>La inmensidad<\/strong> (de Emanuele Crialese, Italia, 2022).<\/p>\n<p>Cine Arte C\u00f3rdoba \u2013 27 de abril 275.<\/p>\n<p>Roma, a\u00f1os 70. Clara y Felice acaban de mudarse a un piso nuevo. Su matrimonio est\u00e1 acabado: ya no se aman, pero son incapaces de separarse. Lo \u00fanico que los mantiene unidos son sus hijos, en los que Clara vuelca su deseo de libertad. Adriana, la mayor, acaba de cumplir 12 a\u00f1os y presencia muy de cerca los estados de \u00e1nimo de Clara y las tensiones cada vez mayores entre sus padres. Adriana rechaza su nombre y su identidad, quiere convencer a todo el mundo de que es un chico, y su obstinaci\u00f3n hace que el ya fr\u00e1gil equilibrio familiar alcance un punto de ruptura. Mientras los ni\u00f1os esperan una se\u00f1al que los gu\u00ede, todo cambia a su alrededor y en su interior.&nbsp; Repite mi\u00e9rcoles 14 a las 19, jueves 15 y viernes 16 a las 17:00 horas; s\u00e1bado 17 y domingo 18:00, y a las 21:00 horas. <strong>Entrada general $2.000 <\/strong>pesos, <strong>jubilados <\/strong>y <strong>estudiantes<\/strong> <strong>$1.500 <\/strong>pesos, disponible en boleter\u00eda.<\/p>\n<p>A las 20:00 horas <strong>Apertura del 8\u00b0 Mercado Girart: <em>\u201cLas Tres Hermanas\u201d<\/em><\/strong><\/p>\n<p>Teatro Real \u2013 Carlos Gim\u00e9nez\u2013 San Jer\u00f3nimo 66.<\/p>\n<p>Bajo la direcci\u00f3n de David Piccotto esta versi\u00f3n de \u00abLas Tres Hermanas\u00bb encuentra a los personajes del reconocido autor ruso Anton Ch\u00e9jov en un mundo particular: un mundo atravesado por el cine.&nbsp; Olga, Masha e Irina Pr\u00f3zorov viven en un peque\u00f1o pueblo de Rusia a comienzos del siglo XX. All\u00ed viven entre penas, angustias, deseos e ilusiones; entre lo mudo y lo sonoro; entre grises y colores; entre una pantalla y los espectadores. En escena: Estefan\u00eda Moyano, Araceli Gelleni, Alicia Vissani, Diego Haas, Nelson Balmaceda y Luciana Sgr\u00f3 Ruata. Edad Recomendada: mayores de 13 a\u00f1os. <strong>Entradas sin cargo retirar por Boleter\u00eda del Teatro<\/strong> Real, desde el mi\u00e9rcoles 7 al s\u00e1bado 6 de 10:00 a 20:00 horas, y domingo 11 de 15:00 a 20:00 horas.<\/p>\n<p>A las 20:30 horas Cine por la diversidad: <strong>Foco \u2013 cine africano<\/strong>. <strong>Yeelen<\/strong> (de Souleymane Ciss\u00e9, Mali,1987).<\/p>\n<p>Centro Cultural Leonardo Favio \u2013 Buenos Aires 55, R\u00edo Cuarto.<\/p>\n<p>Yeelen traza un viaje inici\u00e1tico a un tiempo indefinido. El joven Nianankoro recibe el conocimiento que le asegura el dominio de las fuerzas que le rodean, un conocimiento transmitido desde hace generaciones por los Bambara. <strong>Entrada libre y gratuita<\/strong>.<\/p>\n<p>A las 21:00 horas Cine: <strong>El mal no existe<\/strong> (de Ry\u00fbsuke Hamaguchi, Jap\u00f3n, 2023).<\/p>\n<p>Cine Arte C\u00f3rdoba \u2013 27 de abril 275.<\/p>\n<p>Takumi y su hija, Hana, viven en un pueblo cercano a Tokyo. Su vida se ver\u00e1 profundamente afectada cuando descubren que cerca de su casa se va a construir un glamouroso camping para que los habitantes de la ciudad hagan escapadas c\u00f3modas a la naturaleza. Cuando dos representantes de una empresa de Tokio llegan al pueblo para celebrar una reuni\u00f3n, queda claro que el proyecto tendr\u00e1 un impacto negativo en el suministro de agua local y provocar\u00e1 problemas. Las intenciones de la agencia ponen en peligro tanto el equilibrio ecol\u00f3gico de la meseta como su forma de vida, con consecuencias que afectan profundamente la vida de Takumi. Repite mi\u00e9rcoles 14, jueves 15 y viernes 16 a las 21; s\u00e1bado 17 y domingo 18 a las 17 y 19 hs. <strong>Entrada general $2.000<\/strong> <strong>pesos<\/strong>, <strong>jubilados<\/strong> y <strong>estudiantes<\/strong> <strong>$1.500 pesos<\/strong>, disponible en boleter\u00eda.<\/p>\n<figure class=\"wp-block-image size-full\"><img loading=\"lazy\" decoding=\"async\" width=\"996\" height=\"747\" src=\"http:\/\/hoycordobaweb.com\/wp-content\/uploads\/2024\/08\/una-nutrida-agenda-de-actividades-de-cultura-cba-se-desarrollara-del-12-al-18-de-agosto-3.jpg\" alt class=\"wp-image-892203\" srcset=\"http:\/\/hoycordobaweb.com\/wp-content\/uploads\/2024\/08\/una-nutrida-agenda-de-actividades-de-cultura-cba-se-desarrollara-del-12-al-18-de-agosto-3.jpg 996w, http:\/\/hoycordobaweb.com\/wp-content\/uploads\/2024\/08\/una-nutrida-agenda-de-actividades-de-cultura-cba-se-desarrollara-del-12-al-18-de-agosto-17.jpg 300w, http:\/\/hoycordobaweb.com\/wp-content\/uploads\/2024\/08\/una-nutrida-agenda-de-actividades-de-cultura-cba-se-desarrollara-del-12-al-18-de-agosto-18.jpg 768w\" sizes=\"(max-width: 996px) 100vw, 996px\"><\/figure>\n<p class=\"has-medium-font-size\"><strong><u>Mi\u00e9rcoles 14<\/u><\/strong><\/p>\n<p>A las 15:00 horas <strong>Ciclo Animalario<\/strong>: <strong><em>\u201cMesa de m\u00e1scaras Animalarias\u201d<\/em><\/strong><\/p>\n<p>Museo Hist\u00f3rico Provincial Marqu\u00e9s de Sobre Monte \u2013 Rosario de Santa Fe 218 Con las ilustraciones del ciclo proponemos la construcci\u00f3n de m\u00e1scaras, de animales aut\u00f3ctonos de esta provincia, donde el puma, el zorro gris, el flamenco, la serpiente de coral, la lechuza vizcachera, entre otros, son los protagonistas para crear con distintos materiales y soportes la fauna que nos acompa\u00f1\u00f3 durante toda esta propuesta. <strong>Actividad libre y gratuita<\/strong>.<\/p>\n<p>A las 15:00 horas <strong>Conversaciones con artistas<\/strong>: <strong>Celeste Villanueva<\/strong>. <\/p>\n<p>Museo Emilio Caraffa \u2013 Av. Poeta Lugones 411.<\/p>\n<p>En el marco de la muestra \u00ab\u2026Que si existen sue\u00f1os en tu mundo de bestia sean apacibles\u2026\u00bb, que se expone en la sala 8 y 9 del museo, la artista compartir\u00e1 en un recorrido a pie de obra relatos sobre la muestra, las obras y su forma de producci\u00f3n. Actividad para todo p\u00fablico con <strong>entrada gratuita<\/strong>.<\/p>\n<p>A las 17:00 horas <strong>Taller de fotomontaje<\/strong>.<\/p>\n<p>Museo Emilio Caraffa \u2013 Av. Poeta Lugones 411.<\/p>\n<p>Propuesta de dise\u00f1o de personajes con la t\u00e9cnica de fotomontaje. Coordina Cecilia Cand\u00eda. Destinada para adolescentes de 12 a 16 a\u00f1os. <strong>Entrada gratuita con cupo<\/strong> <strong>limitado<\/strong>.<\/p>\n<p>Inscribirse, <strong><a href=\"https:\/\/docs.google.com\/forms\/d\/e\/1FAIpQLSdizUOs9Wf6heFpeGhBrUzWip1prPnp3OHOIlHq32PYJnBiUw\/viewform?pli=1\" target=\"_blank\" rel=\"noreferrer noopener\">INGRESANDO AC\u00c1<\/a><\/strong>.<\/p>\n<figure class=\"wp-block-image size-large\"><img loading=\"lazy\" decoding=\"async\" width=\"1024\" height=\"683\" src=\"http:\/\/hoycordobaweb.com\/wp-content\/uploads\/2024\/08\/una-nutrida-agenda-de-actividades-de-cultura-cba-se-desarrollara-del-12-al-18-de-agosto-4.jpg\" alt class=\"wp-image-892192\" srcset=\"http:\/\/hoycordobaweb.com\/wp-content\/uploads\/2024\/08\/una-nutrida-agenda-de-actividades-de-cultura-cba-se-desarrollara-del-12-al-18-de-agosto-4.jpg 1024w, http:\/\/hoycordobaweb.com\/wp-content\/uploads\/2024\/08\/una-nutrida-agenda-de-actividades-de-cultura-cba-se-desarrollara-del-12-al-18-de-agosto-19.jpg 300w, http:\/\/hoycordobaweb.com\/wp-content\/uploads\/2024\/08\/una-nutrida-agenda-de-actividades-de-cultura-cba-se-desarrollara-del-12-al-18-de-agosto-20.jpg 768w, http:\/\/hoycordobaweb.com\/wp-content\/uploads\/2024\/08\/una-nutrida-agenda-de-actividades-de-cultura-cba-se-desarrollara-del-12-al-18-de-agosto-21.jpg 1536w, http:\/\/hoycordobaweb.com\/wp-content\/uploads\/2024\/08\/una-nutrida-agenda-de-actividades-de-cultura-cba-se-desarrollara-del-12-al-18-de-agosto-22.jpg 2048w\" sizes=\"(max-width: 1024px) 100vw, 1024px\"><\/figure>\n<p>A las 18:00 horas <strong>IX edici\u00f3n del Festival Pulso Urbano 2024<\/strong>.<\/p>\n<p>Teatro del Libertador San Mart\u00edn \u2013 Av. V\u00e9lez Sarsfield 365.<\/p>\n<p>Se presentar\u00e1 una serie de piezas breves de diferentes compa\u00f1\u00edas, el Seminario de Danzas Cl\u00e1sicas Nora Irinova, La Pendiente, la Compa\u00f1\u00eda Lo que hay, Compa\u00f1\u00eda Confluencias, Grupo art\u00edstico de la Escuela Municipal de Folklore de Cosqu\u00edn, y el Ballet Oficial de la Provincia de C\u00f3rdoba. Entrada gratuita con retiro previo por boleter\u00eda del teatro, desde el viernes 9, de 9:00 a 20:00 horas, hasta completar el aforo.<\/p>\n<p>A las 19:00 horas <strong>Inauguraci\u00f3n de muestras fotogr\u00e1ficas<\/strong>.<\/p>\n<p>Museo Provincial de Fotograf\u00eda Palacio Dionisi \u2013 Av. Hip\u00f3lito Yrigoyen, 622, C\u00f3rdoba Capital.<\/p>\n<p>Un nuevo bloque expositivo compuesto por seis muestras fotogr\u00e1ficas se inaugura en todas las salas de exhibici\u00f3n del Museo Palacio Dionisi. Gabriel Orge presenta \u00abLa costura y el sue\u00f1o\u00bb, una muestra sobre uno de los grandes inventos argentinos, la pelota sin tiento, que desde 1931 se fabrica en Bell Ville. Tony Vald\u00e9z exhibe \u00abEn el sur americano (\u00bfcolor o blanco y negro?)\u00bb, una serie de retratos fotogr\u00e1ficos sobre sus vecinos habitantes de la localidad cordobesa de Villa Giardino, manipulados con recortes en blanco y negro para generar un juego visual. Cecilia Casenave, Sof\u00eda Desuque y Soledad Galv\u00e1n fueron seleccionadas en la \u00abConvocatoria abierta para exhibici\u00f3n de proyectos fotogr\u00e1ficos\u00bb y, en esta instancia, presentan sus proyectos \u00abSustancias eternas\u00bb, \u00abTodas las rutas\u00bb y \u00abDerribando a Lombroso\u00bb, respectivamente, donde la memoria, el paso del tiempo y el deterioro son tem\u00e1ticas coincidentes en sus producciones, abordadas bajo diferentes soportes y materialidades. Tambi\u00e9n se exhibir\u00e1n fotograf\u00edas estenopeicas que resultaron seleccionadas a partir de la \u00abConvocatoria abierta por el D\u00eda Mundial de la Fotograf\u00eda Estenopeica\u00bb, lanzada en el mes de abril, con fotos de participantes de distintos lugares del mundo. <strong>Entrada libre y gratuita<\/strong>. En exhibici\u00f3n hasta el 18 de noviembre, inclusive.<\/p>\n<p>A las 19:30 horas <strong>Cine Club del CCC:&nbsp; Los sue\u00f1os de Akira Kurosawa <\/strong>(de Akira Kurosawa, Jap\u00f3n, 1950).<\/p>\n<p>Centro Cultural C\u00f3rdoba \u2013 Av. Poeta Lugones 401.<\/p>\n<p>Jap\u00f3n, siglo XII. En Kioto, bajo las puertas del derruido templo de Rashomon, se guarecen de la torrencial lluvia un le\u00f1ador, un sacerdote budista y un peregrino. Los tres discuten sobre el juicio a un bandido, acusado de haber dado muerte a un se\u00f1or feudal y violado a su esposa. Los detalles del crimen son narrados desde el punto de vista del bandido, de la mujer, del se\u00f1or feudal -con la ayuda de un m\u00e9dium- y del le\u00f1ador, \u00fanico testigo de los hechos. <strong>Entrada libre <\/strong>y <strong>gratuita<\/strong>, hasta agotar la capacidad de sala.<\/p>\n<figure class=\"wp-block-image size-full\"><img loading=\"lazy\" decoding=\"async\" width=\"996\" height=\"664\" src=\"http:\/\/hoycordobaweb.com\/wp-content\/uploads\/2024\/08\/una-nutrida-agenda-de-actividades-de-cultura-cba-se-desarrollara-del-12-al-18-de-agosto-5.jpg\" alt class=\"wp-image-892195\" srcset=\"http:\/\/hoycordobaweb.com\/wp-content\/uploads\/2024\/08\/una-nutrida-agenda-de-actividades-de-cultura-cba-se-desarrollara-del-12-al-18-de-agosto-5.jpg 996w, http:\/\/hoycordobaweb.com\/wp-content\/uploads\/2024\/08\/una-nutrida-agenda-de-actividades-de-cultura-cba-se-desarrollara-del-12-al-18-de-agosto-23.jpg 300w, http:\/\/hoycordobaweb.com\/wp-content\/uploads\/2024\/08\/una-nutrida-agenda-de-actividades-de-cultura-cba-se-desarrollara-del-12-al-18-de-agosto-24.jpg 768w\" sizes=\"(max-width: 996px) 100vw, 996px\"><\/figure>\n<p>A las 20:00 horas <strong>Orquesta Provincial de M\u00fasica Ciudadana: La historia del tango<\/strong>.<\/p>\n<p>Teatro Real \u2013 San Jer\u00f3nimo 66.<\/p>\n<p>Bajo la direcci\u00f3n art\u00edstica a cargo del maestro Dami\u00e1n Torres, en la presentaci\u00f3n cantan Gustavo Visent\u00edn y Mery Mur\u00faa, y bailan Esmeralda y Walter. La historia del Tango. Or\u00edgenes y Guardia Vieja es el cap\u00edtulo uno de una serie de conciertos con el objetivo de echar luz sobre una de las m\u00e1s extraordinarias creaciones del siglo XX, nuestra m\u00fasica ciudadana. <strong>Entrada general $2.000<\/strong> <strong>pesos<\/strong>, disponible a trav\u00e9s de <strong><a href=\"https:\/\/ventas.autoentrada.com\/\" target=\"_blank\" rel=\"noreferrer noopener\">Autoentrada<\/a><\/strong> y por boleter\u00eda del Teatro Real.<\/p>\n<p class=\"has-medium-font-size\"><strong><u>Jueves 15<\/u><\/strong><\/p>\n<p>A las 17:00 horas <strong>(Des) Materializaci\u00f3n de la performance<\/strong>.<\/p>\n<p>Museo Evita Palacio Ferreyra \u2013 Av. Hip\u00f3lito Yrigoyen 511.<\/p>\n<p>Mesa en el marco de la Expo Coincidencias Extraordinarias. Experiencias sobre las obras Negociaci\u00f3n, Otra Siembra, Ni\u00f1a Monstruo. Dialogan: Veronica Meloni, Dolores de Argentina y Sofia Torres Kosiba. Modera: Natalia Albanese <strong>Entrada libre y gratuita<\/strong>.<\/p>\n<p>A las 17:00 horas <strong>Ciclo Asamblea Audiovisual: Coraz\u00f3n de f\u00e1brica<\/strong> (de Virna Molina y Ernesto Ardito, 2008).<\/p>\n<p>Espacio Cultural Museo de las Mujeres-Rivera Indarte 55.<\/p>\n<p>Virna Molina y Ernesto Ardito estuvieron viviendo en el interior de la f\u00e1brica durante el a\u00f1o 2005, creando un film documental de registro directo que analiza desde la intimidad de cada situaci\u00f3n, el funcionamiento de una f\u00e1brica sin patrones. En el a\u00f1o 2001, en plena crisis econ\u00f3mica argentina, cientos de f\u00e1bricas cerraron. Pero los obreros de Cer\u00e1mica Zan\u00f3n, decidieron ocupar sus puestos de trabajo y comenzaron a producir y administrar la f\u00e1brica, ellos mismos. Sin jefes ni patrones. Desde el inicio, debieron sortear boicots y violentos intentos de desalojo. Pero con el apoyo de la comunidad de Neuqu\u00e9n, se convirtieron en el referente mundial m\u00e1s importante de f\u00e1bricas recuperadas.&nbsp; <strong>Entrada libre y gratuita<\/strong>.<\/p>\n<figure class=\"wp-block-image size-large\"><img loading=\"lazy\" decoding=\"async\" width=\"1024\" height=\"682\" src=\"http:\/\/hoycordobaweb.com\/wp-content\/uploads\/2024\/08\/una-nutrida-agenda-de-actividades-de-cultura-cba-se-desarrollara-del-12-al-18-de-agosto-6.jpg\" alt class=\"wp-image-892197\" srcset=\"http:\/\/hoycordobaweb.com\/wp-content\/uploads\/2024\/08\/una-nutrida-agenda-de-actividades-de-cultura-cba-se-desarrollara-del-12-al-18-de-agosto-6.jpg 1024w, http:\/\/hoycordobaweb.com\/wp-content\/uploads\/2024\/08\/una-nutrida-agenda-de-actividades-de-cultura-cba-se-desarrollara-del-12-al-18-de-agosto-25.jpg 300w, http:\/\/hoycordobaweb.com\/wp-content\/uploads\/2024\/08\/una-nutrida-agenda-de-actividades-de-cultura-cba-se-desarrollara-del-12-al-18-de-agosto-26.jpg 768w, http:\/\/hoycordobaweb.com\/wp-content\/uploads\/2024\/08\/una-nutrida-agenda-de-actividades-de-cultura-cba-se-desarrollara-del-12-al-18-de-agosto-27.jpg 1536w, http:\/\/hoycordobaweb.com\/wp-content\/uploads\/2024\/08\/una-nutrida-agenda-de-actividades-de-cultura-cba-se-desarrollara-del-12-al-18-de-agosto-28.jpg 1600w\" sizes=\"(max-width: 1024px) 100vw, 1024px\"><\/figure>\n<p>A las 19:00 horas <strong>Cine espacio INCA: El testigo <\/strong>(de Norma Fern\u00e1ndez, Argentina, 2024).<\/p>\n<p>Cine Arte C\u00f3rdoba \u2013 27 de abril 275.<\/p>\n<p>Osvaldo Bayer fue un testigo privilegiado de grandes acontecimientos mundiales. Intelectual pol\u00e9mico y visceral convocado por todo el mundo cultural, fue uno de los ciudadanos m\u00e1s ilustres de la Ciudad de Buenos Aires. Durante 30 a\u00f1os de amistad con la autora, fueron realizadas cuatro entrevistas filmadas, que constituyen hoy un material in\u00e9dito invalorable. Dialogar\u00e1n con sugestivos archivos fotogr\u00e1ficos y audiovisuales en un documental atrapante para espectadores de diversos sectores sociales, edades y geograf\u00edas. Repite el viernes 16 a las 19:00 horas. <strong>Entrada general $400 pesos<\/strong>, disponible en boleter\u00eda.<\/p>\n<p>A las 20:00 horas <strong>Camerata Bariloche<\/strong>.<\/p>\n<p>Teatro del Libertador San Mart\u00edn \u2013 Av. V\u00e9lez Sarsfield 365.<\/p>\n<p>La prestigiosa orquesta de cuerdas ofrece Divertimento I, de Wolfgang A. Mozart, la Sinfon\u00eda en Si menor, de F\u00e9lix Mendelssohn, Navarra, de Pablo Sarasate, Serenata para cuerdas, de Tchaikovsky, y una secuencia dedicada a Astor Piazzolla. La direcci\u00f3n musical es de Freddy Varela Montero. Entradas desde $9.000, disponible a trav\u00e9s del sitio <strong><a href=\"https:\/\/ventas.autoentrada.com\/\" target=\"_blank\" rel=\"noreferrer noopener\">Autoentrada<\/a><\/strong> y por boleter\u00eda del teatro. Organiza fundaci\u00f3n Pro Arte.<\/p>\n<p>A las 20:00 horas <strong>Tangos en el Centro<\/strong>.<\/p>\n<p>Centro Cultural C\u00f3rdoba \u2013 Av. Poeta Lugones 401.<\/p>\n<p>Se presenta el Ensamble Municipal de M\u00fasica Ciudadana, constituido en C\u00f3rdoba en el a\u00f1o 2004. Su prop\u00f3sito ha sido recrear cl\u00e1sicos de Tango, rescatar composiciones desconocidas, sumar piezas actuales y de compositores de hoy, como una forma de mantener vivo y din\u00e1mico este g\u00e9nero. La conformaci\u00f3n del Ensamble fue evolucionando, hasta llegar a su org\u00e1nico actual constituido por guitarra, guitarr\u00f3n, contrabajo, piano y voces solistas (masculina y femenina). Con inspiraci\u00f3n en los conjuntos de Roberto Grela y Anibal Troilo, sus integrantes tomaron el compromiso fundacional de continuar con la tarea de difundir la m\u00fasica ciudadana, uno de los g\u00e9neros m\u00e1s prol\u00edficos de la m\u00fasica argentina. <strong>Entrada libre y gratuita<\/strong>.<\/p>\n<p>A las 20:00 horas <strong>Apertura del 8\u00b0 Mercado Girart: \u201cMat\u00e1te de Amor\u201d<\/strong>.<\/p>\n<p>Teatro Real \u2013 Carlos Gim\u00e9nez\u2013 San Jer\u00f3nimo 66.<\/p>\n<p>Mat\u00e1te, amor es ese personaje, esa mujer de la que dicen que su femineidad est\u00e1 alterada en su manera de desear, de romperse el cuerpo, de arrojarse sucia, de tomar un fusil, de no tener piedad con nadie, sobre todo con ella misma. Pero querer sodomizar al marido o abandonar al hijo, \u00bfqu\u00e9 es para una mujer\u2013cazador que intenta salvarse de no ser nada, que intenta dar con su verdadera lengua? \u00bfA d\u00f3nde mira? \u00bfA d\u00f3nde entra cuando va al bosque? \u00bfQu\u00e9 est\u00e1 diciendo en otro idioma? Edad Recomendada: mayores de 18 a\u00f1os. Entrada general $1.5000 disponibles en <strong><a href=\"https:\/\/ventas.autoentrada.com\/\" target=\"_blank\" rel=\"noreferrer noopener\">autoentrada.com<\/a><\/strong> y en boleter\u00eda del teatro.<\/p>\n<figure class=\"wp-block-image size-full\"><img loading=\"lazy\" decoding=\"async\" width=\"996\" height=\"560\" src=\"http:\/\/hoycordobaweb.com\/wp-content\/uploads\/2024\/08\/una-nutrida-agenda-de-actividades-de-cultura-cba-se-desarrollara-del-12-al-18-de-agosto-7.jpg\" alt class=\"wp-image-892198\" srcset=\"http:\/\/hoycordobaweb.com\/wp-content\/uploads\/2024\/08\/una-nutrida-agenda-de-actividades-de-cultura-cba-se-desarrollara-del-12-al-18-de-agosto-7.jpg 996w, http:\/\/hoycordobaweb.com\/wp-content\/uploads\/2024\/08\/una-nutrida-agenda-de-actividades-de-cultura-cba-se-desarrollara-del-12-al-18-de-agosto-29.jpg 300w, http:\/\/hoycordobaweb.com\/wp-content\/uploads\/2024\/08\/una-nutrida-agenda-de-actividades-de-cultura-cba-se-desarrollara-del-12-al-18-de-agosto-30.jpg 768w\" sizes=\"(max-width: 996px) 100vw, 996px\"><\/figure>\n<p>A las 20:00 horas <strong>Ciclo Narraciones, M\u00fasica y Caf\u00e9: \u201cCanto a los oficios\u201d<\/strong>.<\/p>\n<p>Polo Audiovisual Villa Mar\u00eda \u2013 Dante Alighieri esquina Bv. C\u00e1rcano, Villa Mar\u00eda.<\/p>\n<p>Un encuentro entre poes\u00eda y m\u00fasica, donde se reivindican distintos oficios. Canciones y poes\u00edas dedicadas a quienes los practican cada d\u00eda, ense\u00f1an y procuran que sigan vivos. La amistad y el trabajo son el motivo de la formaci\u00f3n para este espect\u00e1culo. Participan los artistas \u00c1ngela Parodi, Coco Miotti y Lucila Mazzini. Destinado al p\u00fablico en general. <strong>Entrada libre y gratuita<\/strong>.<\/p>\n<p>A las 20:30 horas <strong><em>\u201cLa madrugada en que los perros conocen a Dios\u201d<\/em><\/strong>.<\/p>\n<p>Teatro Real \u2013 Sala Azucena Carmona \u2013&nbsp; San Jer\u00f3nimo 66.<\/p>\n<p>Dios decide suicidarse al amanecer. En un bald\u00edo de madrugada el alt\u00edsimo hablar\u00e1 por \u00faltima vez. Un \u00e1ngel lo acompa\u00f1a, pero las \u00fanicas criaturas que le preocupan a Dios son los perros. \u00bfQu\u00e9 ser\u00e1 de los perros sin Dios? Ser\u00e1 como despertar de un sue\u00f1o, pero no habr\u00e1 despertar. Direcci\u00f3n: Guillermo Baldo. <strong>Entrada general $2000 pesos<\/strong> \u2013 Disponibles en <strong><a href=\"https:\/\/ventas.autoentrada.com\/\" target=\"_blank\" rel=\"noreferrer noopener\">autoentrada.com<\/a><\/strong> y en boleter\u00eda del teatro.<\/p>\n<p>A las 20:30 horas <strong>Cine: El mal no existe<\/strong> (de Ry\u00fbsuke Hamaguchi, Jap\u00f3n, 2024).<\/p>\n<p>Centro Cultural Leonardo Favio \u2013 Buenos Aires 55, R\u00edo Cuarto.<\/p>\n<p>Takumi y su hija, Hana, viven en un pueblo cercano a Tokyo. Su vida se ver\u00e1 profundamente afectada cuando descubren que cerca de su casa se va a construir un glamouroso camping para que los habitantes de la ciudad hagan escapadas c\u00f3modas a la naturaleza. Las intenciones de los responsables del proyecto ponen en peligro tanto el equilibrio ecol\u00f3gico de la meseta como su forma de vida, con consecuencias que afectan profundamente la vida de Takumi. Repite viernes 16 a las 19, s\u00e1bado 17 a las 20:30. <strong>Entrada general $1.000 pesos<\/strong>, <strong>estudiantes<\/strong> y <strong>jubilados $500 pesos<\/strong>.<\/p>\n<figure class=\"wp-block-image size-full\"><img loading=\"lazy\" decoding=\"async\" width=\"996\" height=\"664\" src=\"http:\/\/hoycordobaweb.com\/wp-content\/uploads\/2024\/08\/una-nutrida-agenda-de-actividades-de-cultura-cba-se-desarrollara-del-12-al-18-de-agosto-8.jpg\" alt class=\"wp-image-892199\" srcset=\"http:\/\/hoycordobaweb.com\/wp-content\/uploads\/2024\/08\/una-nutrida-agenda-de-actividades-de-cultura-cba-se-desarrollara-del-12-al-18-de-agosto-8.jpg 996w, http:\/\/hoycordobaweb.com\/wp-content\/uploads\/2024\/08\/una-nutrida-agenda-de-actividades-de-cultura-cba-se-desarrollara-del-12-al-18-de-agosto-31.jpg 300w, http:\/\/hoycordobaweb.com\/wp-content\/uploads\/2024\/08\/una-nutrida-agenda-de-actividades-de-cultura-cba-se-desarrollara-del-12-al-18-de-agosto-32.jpg 768w\" sizes=\"(max-width: 996px) 100vw, 996px\"><\/figure>\n<p class=\"has-medium-font-size\"><strong><u>Viernes 16<\/u><\/strong><\/p>\n<p>A las 17:00 horas <strong>Cierre de la IX edici\u00f3n del Festival Pulso Urbano 2024<\/strong>.<\/p>\n<p>A la vera del R\u00edo Suqu\u00eda \u2013 Ciclov\u00eda A\u00e9rea.<\/p>\n<p>Se realiza el cierre del Festival con intervenciones de las diferentes compa\u00f1\u00edas como la compa\u00f1\u00eda Lo que hay, C\u00eda. Grupo art\u00edstico de la Escuela Municipal de Folklore de Cosqu\u00edn, C\u00eda. Confluencias, La Pendiente Compa\u00f1\u00eda de Danza, el Seminario de Danzas Cl\u00e1sicas Nora Irinova, y el Ballet oficial de la Provincia. <strong>Entrada libre y gratuita<\/strong>.<\/p>\n<p>A las 20:00 horas <strong>Tributo a Amy Winehouse: AMY\u2019S MONKEYS<\/strong>.<\/p>\n<p>Centro Cultural C\u00f3rdoba \u2013 Av. Poeta Lugones 401.<\/p>\n<p>Concierto de la agrupaci\u00f3n cordobesa que recrea los grandes \u00e9xitos de la afamada cantante y compositora brit\u00e1nica, Amy Winehouse. Dentro del repertorio se podr\u00e1n escuchar canciones cl\u00e1sicas de sus discos m\u00e1s conocidos: \u00abBack to black\u00bb, \u00abFrank\u00bb y \u00abLioness: Hidden Treasures\u00bb. En sus presentaciones Amy\u2019s Monkeys recrea el vestuario de los m\u00fasicos originales, en procura de sumergir al espectador en el ambiente retro que caracterizaba los conciertos de Winehouse. Interpretando estilos tales como el Jazz, Soul, R&amp;B, Reggae y Ska, el grupo est\u00e1 integrado por Kary Stefanich en la voz, Alfredo Corti en bater\u00eda, Marcelo Alonso Lescano en el bajo, Alejandro Gil en teclado y David Mar\u00edn en la guitarra. <strong>Entrada general $6.000 pesos<\/strong>, disponibles a trav\u00e9s del sitio <strong><a href=\"https:\/\/ventas.autoentrada.com\/\" target=\"_blank\" rel=\"noreferrer noopener\">autoentrada.com<\/a><\/strong> y una hora antes del espect\u00e1culo, en recepci\u00f3n del CCC.<\/p>\n<p>A las 20:00 horas <strong>Teatro Independiente en el Real: <em>\u201cLa Tormenta M\u00e1gica\u201d<\/em><\/strong>.<\/p>\n<p>Teatro Real \u2013 Azucena Carmona\u2013 San Jer\u00f3nimo 66.<\/p>\n<p>Esta obra est\u00e1 inspirada en \u201cLa tempestad\u201d de Williams Shakespeare. Prospera es una gran cient\u00edfica de reconocimiento mundial, y es traicionada por su hermano Antonio, su colaborador, que resulta ser un corrupto ambicioso. Para adue\u00f1arse de sus investigaciones, decide deshacerse de ella y de su otra hermana Miranda, dej\u00e1ndolas en el medio del oc\u00e9ano, a su merced, vendi\u00e9ndose al mejor postor, lo que provoca desastres naturales, hambrunas, incendios, etc. Milagrosamente Prospera y su hermana Miranda recalan en una isla radioactiva que Prospera logra transformar en un para\u00edso. En esa isla pasan cosas extra\u00f1as y Prospera adquiere poderes sobrenaturales. Mientras tanto Antonio est\u00e1 recorriendo el mundo en un avi\u00f3n de \u00faltima tecnolog\u00eda cuando de pronto se produce una gran tempestad precipitando el avi\u00f3n a tierra. Antonio despierta ileso en una playa extra\u00f1a y maravillosa no comprendiendo lo que ha pasado. As\u00ed comienza esta historia de poder, magia, venganza y conciencia. Edad Recomendada: mayores de 16 a\u00f1os. <strong>Entrada general $7.000 pesos<\/strong> disponibles en <strong><a href=\"https:\/\/ventas.autoentrada.com\/\" target=\"_blank\" rel=\"noreferrer noopener\">autoentrada.com<\/a><\/strong> y en boleter\u00eda del teatro.<\/p>\n<figure class=\"wp-block-image size-full\"><img loading=\"lazy\" decoding=\"async\" width=\"993\" height=\"660\" src=\"http:\/\/hoycordobaweb.com\/wp-content\/uploads\/2024\/08\/una-nutrida-agenda-de-actividades-de-cultura-cba-se-desarrollara-del-12-al-18-de-agosto-9.jpg\" alt class=\"wp-image-892200\" srcset=\"http:\/\/hoycordobaweb.com\/wp-content\/uploads\/2024\/08\/una-nutrida-agenda-de-actividades-de-cultura-cba-se-desarrollara-del-12-al-18-de-agosto-9.jpg 993w, http:\/\/hoycordobaweb.com\/wp-content\/uploads\/2024\/08\/una-nutrida-agenda-de-actividades-de-cultura-cba-se-desarrollara-del-12-al-18-de-agosto-33.jpg 300w, http:\/\/hoycordobaweb.com\/wp-content\/uploads\/2024\/08\/una-nutrida-agenda-de-actividades-de-cultura-cba-se-desarrollara-del-12-al-18-de-agosto-34.jpg 768w\" sizes=\"(max-width: 993px) 100vw, 993px\"><\/figure>\n<p>A las 20:30 horas <strong>Astrotaller. Ciclo Lun\u00e1ticos en el Ciencias<\/strong>.<\/p>\n<p>Museo de Ciencias Naturales \u2013 Av. Poeta Leopoldo Lugones 395.<\/p>\n<p>Charla introductoria sobre la relaci\u00f3n entre la Tierra y la Luna en el auditorio del Museo. Observaremos la Luna y su geograf\u00eda en la fase llena, desde nuestro telescopio Newtoniano de 300mm, en el Patio del Faro.<\/p>\n<p>IMPORTANTE: en caso de nubosidad muy abundante o mal clima se suspender\u00e1 la observaci\u00f3n a trav\u00e9s de los telescopios, pero continuaremos disfrutando la charla en el auditorio del museo.&nbsp; <strong>Entradas gratuitas<\/strong>, cupo limitado. Se solicitan en <strong><a href=\"https:\/\/ventas.autoentrada.com\/\" target=\"_blank\" rel=\"noreferrer noopener\">autoentrada.com<\/a><\/strong><\/p>\n<p>A las 20:00 horas <strong>M\u00fasica en el Real: Paris Jazz Club presenta <em>\u201cJazz Cartoons\u201d<\/em><\/strong>.<\/p>\n<p>Teatro Real \u2013 Carlos Gim\u00e9nez\u2013 San Jer\u00f3nimo 66.<\/p>\n<p>Un viaje hacia un mundo ideal con un repertorio exquisito. Un divertido espect\u00e1culo que nos conecta con ese ni\u00f1o al que alguna vez fuimos. La banda creada y dirigida por Francisco Villaveir\u00e1n y Sebasti\u00e1n Misuraca abordar\u00e1 un repertorio de canciones que han sabido ser la banda de sonido de muchas vidas en todas sus edades. Integrantes: Sebasti\u00e1n Misuraca (piano \/ mon\u00f3logos), Iv\u00e1n Buraschi Bernasconi (trompeta \/ voz), Michelle Bliman (saxo \/ voz), Santiago Ortol\u00e1 (bater\u00eda \/ washboard \/ voz), Diego Lebrero (contrabajo). Edad Recomendada: todo p\u00fablico. <strong>Entradas desde $13.000 pesos<\/strong> disponibles a trav\u00e9s del sitio <strong><a href=\"https:\/\/ventas.autoentrada.com\/\" target=\"_blank\" rel=\"noreferrer noopener\">Autoentrada<\/a><\/strong> y por boleter\u00eda del teatro.<\/p>\n<p>A las 21:00 horas <strong>Orquesta Sinf\u00f3nica de C\u00f3rdoba<\/strong>.<\/p>\n<p>Teatro del Libertador San Mart\u00edn \u2013 Av. V\u00e9lez Sarsfield 365.<\/p>\n<p>Con la direcci\u00f3n del maestro Carlos Alberto Calder\u00f3n, la orquesta interpreta Tocata N\u00b02, de Juan Carlos N\u00fa\u00f1ez; Danza macabra, de Camille Saint- S\u00e4ens, y la Sinfon\u00eda N\u00b0 7, de Anton\u00edn Dvorak. El director invitado es oriundo de Venezuela, ganador del Concurso Internacional de Direcci\u00f3n Orquestal LACCI-2024. <strong>Entradas desde $2.000 pesos<\/strong>, disponibles a trav\u00e9s del sitio <strong><a href=\"https:\/\/ventas.autoentrada.com\/\" target=\"_blank\" rel=\"noreferrer noopener\">Autoentrada<\/a><\/strong> y por boleter\u00eda del teatro de martes a s\u00e1bados de 9:00 a 20:00 horas.<\/p>\n<figure class=\"wp-block-image size-large\"><img loading=\"lazy\" decoding=\"async\" width=\"1024\" height=\"680\" src=\"http:\/\/hoycordobaweb.com\/wp-content\/uploads\/2024\/08\/una-nutrida-agenda-de-actividades-de-cultura-cba-se-desarrollara-del-12-al-18-de-agosto-10.jpg\" alt class=\"wp-image-892201\" srcset=\"http:\/\/hoycordobaweb.com\/wp-content\/uploads\/2024\/08\/una-nutrida-agenda-de-actividades-de-cultura-cba-se-desarrollara-del-12-al-18-de-agosto-10.jpg 1024w, http:\/\/hoycordobaweb.com\/wp-content\/uploads\/2024\/08\/una-nutrida-agenda-de-actividades-de-cultura-cba-se-desarrollara-del-12-al-18-de-agosto-35.jpg 300w, http:\/\/hoycordobaweb.com\/wp-content\/uploads\/2024\/08\/una-nutrida-agenda-de-actividades-de-cultura-cba-se-desarrollara-del-12-al-18-de-agosto-36.jpg 768w, http:\/\/hoycordobaweb.com\/wp-content\/uploads\/2024\/08\/una-nutrida-agenda-de-actividades-de-cultura-cba-se-desarrollara-del-12-al-18-de-agosto-37.jpg 1536w, http:\/\/hoycordobaweb.com\/wp-content\/uploads\/2024\/08\/una-nutrida-agenda-de-actividades-de-cultura-cba-se-desarrollara-del-12-al-18-de-agosto-38.jpg 2048w\" sizes=\"(max-width: 1024px) 100vw, 1024px\"><\/figure>\n<p>A las 21:00 horas <strong>Ciclo Matices: \u00abLiving Loving People\u00bb \u2013 Especial Patricio Rey<\/strong>.<\/p>\n<p>Centro Cultural Leonardo Favio \u2013 Buenos Aires 55, R\u00edo Cuarto.<\/p>\n<p>Living Loving People comenz\u00f3 como tr\u00edo a finales de 2020 donde comenzaron a ensayar un repertorio de jazz fusi\u00f3n, y algunos arreglos de cl\u00e1sicos de rock y pop (Cerati, La Bersuit, Charly, y The Beatles, entre otros). Este 2024, la agrupaci\u00f3n sum\u00f3 a Mat\u00edas en guitarra, e incluy\u00f3 en el repertorio el amor compartido por la m\u00fasica de Los Redondos. Lejos de auspiciar como \u201cshow tributo\u201d, Living Loving People recurre a la idea del \u201cstandard de jazz\u201d: canciones que se encuentran en el inconsciente colectivo, que traen el recuerdo de situaciones personales, que retratan una \u00e9poca\u2026 y que el cuarteto tom\u00f3 como puntapi\u00e9 creativo para producir su propio discurso. <strong>Entrada general $5.000 pesos<\/strong> disponible a trav\u00e9s del sitio <strong><a href=\"https:\/\/ventas.autoentrada.com\/\" target=\"_blank\" rel=\"noreferrer noopener\">autoentrada<\/a><\/strong>.<\/p>\n<p class=\"has-medium-font-size\"><strong><u>S\u00e1bado 17<\/u><\/strong><\/p>\n<p>A las 10:00 horas <strong>Taller \u00bfC\u00f3mo ser Paleont\u00f3logo?<\/strong><\/p>\n<p>Museo de Ciencias Naturales \u2013 Av. Poeta Leopoldo Lugones 395.<\/p>\n<p>Taller te\u00f3rico-pr\u00e1ctico: \u00bfC\u00f3mo ser Paleont\u00f3logo? Un taller orientado a adolescentes que apunta a responder inquietudes sobre el oficio del paleont\u00f3logo. \u00bfQu\u00e9 son los f\u00f3siles? \u00bfQu\u00e9 tipos de f\u00f3siles se pueden encontrar? \u00bfEs posible ser paleont\u00f3logo en C\u00f3rdoba? estas preguntas y muchas m\u00e1s se ir\u00e1n respondiendo en el transcurso de la actividad. El taller tendr\u00e1 la parte pr\u00e1ctica donde se trabajar\u00e1 sobre el reconocimiento de distintos tipos de f\u00f3siles y las formas de determinar las principales especies de f\u00f3siles C\u00f3rdoba. Destinado a adolescentes de 13 a 16 a\u00f1os. <strong>Con entrada gratuita<\/strong> y con inscripciones al mail museocienciasnaturalescba@gmail.com. Cupo limitado a 25 participantes, inscripci\u00f3n previa.<\/p>\n<p>A las 15:00 horas<strong> Canciones de bolsillo<\/strong>.<\/p>\n<p>Museo Emilio Caraffa \u2013 Av. Poeta Lugones 411.<\/p>\n<p>\u00bfA d\u00f3nde est\u00e1n las canciones? \u00bfDe d\u00f3nde salen las melod\u00edas? \u00bfQui\u00e9n inventa las poes\u00edas para ponerle m\u00fasica? \u00bfVa primero la letra o la m\u00fasica? A trav\u00e9s de juegos musicales y de recursos ling\u00fc\u00edsticos al alcance de las infancias, se construir\u00e1n nuevas canciones, desarmando las conocidas para reinventar las, buscaremos una canci\u00f3n en cada risa, en cada cosa, en cada color. Las canciones pueden surgir desde distintas fuentes, que est\u00e1n a nuestro alcance de una manera m\u00e1s f\u00e1cil de lo que parece. Guiados con recursos l\u00fadicos, los asistentes lograr\u00e1n construir sus propias \u201cCanciones de bolsillo\u201d para llev\u00e1rselas a casa. Coordina la m\u00fasica Valeria Cabrera. Destinado para infancias y sus familias. <strong>Entrada gratuita<\/strong> con cupo limitado.<\/p>\n<p class=\"has-medium-font-size\">Para m\u00e1s informaci\u00f3n, <strong><a href=\"https:\/\/cultura.cba.gov.ar\/\" target=\"_blank\" rel=\"noreferrer noopener\">INGRES\u00c1 AQU\u00cd<\/a><\/strong>. <\/p>\n","protected":false},"excerpt":{"rendered":"<p>La Agencia C\u00f3rdoba Cultura presentar\u00e1 desde este lunes 12 de agosto al domingo 18 de agosto de 2024, una serie de propuestas para gozar de los distintos artistas cordobeses que copar\u00e1n una destacada programaci\u00f3n en toda la periferia de la ciudad capital. Esta semana se destaca el inicio de la novena edici\u00f3n del Festival Pulso [&hellip;]<\/p>\n","protected":false},"author":1,"featured_media":81582,"comment_status":"closed","ping_status":"closed","sticky":false,"template":"","format":"standard","meta":[],"categories":[19],"tags":[],"_links":{"self":[{"href":"http:\/\/hoycordobaweb.com\/index.php\/wp-json\/wp\/v2\/posts\/81581"}],"collection":[{"href":"http:\/\/hoycordobaweb.com\/index.php\/wp-json\/wp\/v2\/posts"}],"about":[{"href":"http:\/\/hoycordobaweb.com\/index.php\/wp-json\/wp\/v2\/types\/post"}],"author":[{"embeddable":true,"href":"http:\/\/hoycordobaweb.com\/index.php\/wp-json\/wp\/v2\/users\/1"}],"replies":[{"embeddable":true,"href":"http:\/\/hoycordobaweb.com\/index.php\/wp-json\/wp\/v2\/comments?post=81581"}],"version-history":[{"count":0,"href":"http:\/\/hoycordobaweb.com\/index.php\/wp-json\/wp\/v2\/posts\/81581\/revisions"}],"wp:featuredmedia":[{"embeddable":true,"href":"http:\/\/hoycordobaweb.com\/index.php\/wp-json\/wp\/v2\/media\/81582"}],"wp:attachment":[{"href":"http:\/\/hoycordobaweb.com\/index.php\/wp-json\/wp\/v2\/media?parent=81581"}],"wp:term":[{"taxonomy":"category","embeddable":true,"href":"http:\/\/hoycordobaweb.com\/index.php\/wp-json\/wp\/v2\/categories?post=81581"},{"taxonomy":"post_tag","embeddable":true,"href":"http:\/\/hoycordobaweb.com\/index.php\/wp-json\/wp\/v2\/tags?post=81581"}],"curies":[{"name":"wp","href":"https:\/\/api.w.org\/{rel}","templated":true}]}}