{"id":81561,"date":"2024-08-12T01:48:31","date_gmt":"2024-08-12T01:48:31","guid":{"rendered":"https:\/\/www.ole.com.ar\/futbol-internacional\/flamengo-perdio-jugadores-2025_0_v5WsQLtxR1.html"},"modified":"2024-08-12T01:48:31","modified_gmt":"2024-08-12T01:48:31","slug":"flamengo-perdio-a-dos-jugadores-por-lesion","status":"publish","type":"post","link":"http:\/\/hoycordobaweb.com\/index.php\/2024\/08\/12\/flamengo-perdio-a-dos-jugadores-por-lesion\/","title":{"rendered":"Flamengo perdi\u00f3 a dos jugadores por lesi\u00f3n"},"content":{"rendered":"<p><img src=\"http:\/\/hoycordobaweb.com\/wp-content\/uploads\/2024\/08\/flamengo-perdio-a-dos-jugadores-por-lesion.jpg\"><\/p>\n<p><time class=\"createDate\" datetime=\"2024-08-11T22:48:31-03:00\">11\/08\/2024 22:48hs.<\/time><\/p>\n<div id=\"storyBody\">\n<div class=\"custom-text \" readability=\"36.476793248945\">\n<p><strong><a href=\"https:\/\/www.ole.com.ar\/tema\/flamengo.html\" title=\"Flamengo\" alt=\"Flamengo\" class=\"slug\">Flamengo<\/a><\/strong> no pudo treparse a la punta del<strong><a href=\"https:\/\/www.ole.com.ar\/tema\/brasileirao.html\" title=\"brasileirao\" alt=\"brasileirao\" class=\"slug\">Brasileirao<\/a><\/strong> porque Palmeiras le empat\u00f3 cerca del final en el partido disputado este domingo en el Maracan\u00e1. Pero para el t\u00e9cnico Tite y la torcida hay una preocupaci\u00f3n superadora: durante el match ante el Verdao dos jugadores sufrieron graves lesiones. <strong>Se trata del volante Everton Cebolinha, quien se rompi\u00f3 el tend\u00f3n de Aquiles, y del uruguayo Mat\u00edas Vi\u00f1a, quien tuvo un golpe con un rival que le afect\u00f3 la rodilla derecha.<\/strong><\/p>\n<\/div>\n<div class=\"custom-text \" readability=\"41\">\n<p>En el caso del brasile\u00f1o, ya se sabe que ser\u00e1 operado y que no volver\u00e1 a jugar hasta 2025. En el caso del charr\u00faa, habitual convocado por Marcelo Bielsa para la Celeste, se sabe que el problema es ligamentario y que tambi\u00e9n va a pasar por el quir\u00f3fano. El tiempo de recuperaci\u00f3n solo podr\u00e1 calcularse tras los resultados de los ex\u00e1menes m\u00e9dicos, pero la tendencia es que ya no ser\u00e1 utilizable en 2024, seg\u00fan inform\u00f3 Globoesporte, por lo que el Loco lo perder\u00eda en dos fechas FIFA de Eliminatorias.<\/p>\n<\/div>\n<div class=\"custom-text \" readability=\"34.661710037175\">\n<p>Un problema grave para Tite, ya que el jueves pr\u00f3ximo es el partido de ida ante Bol\u00edvar de La Paz, en R\u00edo de Janeiro, por los octavos de final de la <strong><a href=\"https:\/\/www.ole.com.ar\/tema\/copa-libertadores.html\" title=\"Copa Libertadores\" alt=\"Copa Libertadores\" class=\"slug\">Copa Libertadores<\/a><\/strong>. \u00bfSe activar\u00e1 el mercado de pases? El equipo carioca estaba detr\u00e1s del argentino Carlos Alcaraz.<\/p>\n<\/div>\n<div class=\"sc-e7b891c4-0 jPbnQF\"><img alt=\"Tite durante el partido de Flamengo contra Palmeiras (Reuters). \" src=\"http:\/\/hoycordobaweb.com\/wp-content\/uploads\/2024\/08\/flamengo-perdio-a-dos-jugadores-por-lesion-2.jpg\" width=\"720\" height=\"100\" decoding=\"async\" data-nimg=\"future\" loading=\"lazy\"><span class=\"epigraphe\">Tite durante el partido de Flamengo contra Palmeiras (Reuters). <\/span><\/div>\n<div class=\"sc-e7b891c4-0 jPbnQF\"><img alt=\"Lazaro, de Palmeiras, contra Nicol\u00e1s de la Cruz (Reuters). \" src=\"http:\/\/hoycordobaweb.com\/wp-content\/uploads\/2024\/08\/flamengo-perdio-a-dos-jugadores-por-lesion-3.jpg\" width=\"720\" height=\"100\" decoding=\"async\" data-nimg=\"future\" loading=\"lazy\"><span class=\"epigraphe\">Lazaro, de Palmeiras, contra Nicol\u00e1s de la Cruz (Reuters). <\/span><\/div>\n<div class=\"custom-text \" readability=\"24.071174377224\">\n<p>Durante el match ante el Palmeiras hubo una jugada muy pol\u00e9mica en la que el chileno Erick Pulgar, del Fla, le peg\u00f3 dos pi\u00f1as en la misma jugada a Richard R\u00edos, del Verdao. <a href=\"https:\/\/www.ole.com.ar\/futbol-internacional\/america\/video-pego-pinas-var-llamo-expulsar-pulgar-rios_0_OGTGPbCZj9.html\" target=\"_self\" title=\"Ins\u00f3litamente, el VAR no convoc\u00f3 al refer\u00ed Wilton Sampaio para cambiar la tarjeta de amarilla a roja\" alt=\"Ins\u00f3litamente, el VAR no convoc\u00f3 al refer\u00ed Wilton Sampaio para cambiar la tarjeta de amarilla a roja\" rel=\"noopener noreferrer\">Ins\u00f3litamente, el VAR no convoc\u00f3 al refer\u00ed Wilton Sampaio para cambiar la tarjeta de amarilla a roja<\/a>. <\/p>\n<\/div>\n<div class=\"sc-a7166897-0 exHLBh\" readability=\"6\">\n<section readability=\"2\"><picture><img alt=\"Video y fotos: la bandera de 360 grados de la U de Chile\" src=\"http:\/\/hoycordobaweb.com\/wp-content\/uploads\/2024\/08\/flamengo-perdio-a-dos-jugadores-por-lesion-4.jpg\" width=\"290\" height=\"290\" decoding=\"async\" data-nimg=\"future\" loading=\"lazy\"><\/picture>\n<p><span>Mir\u00e1 tambi\u00e9n<\/span><\/p>\n<hr>\n<h3>Video y fotos: la bandera de 360 grados de la U de Chile<\/h3>\n<\/p>\n<\/section>\n<\/div>\n<div class=\"sc-a7166897-0 exHLBh\" readability=\"6\">\n<section readability=\"2\"><picture><img alt=\"\u00bfSe puede caer el pase de Juli\u00e1n \u00c1lvarez al Atl\u00e9tico de Madrid?\" src=\"http:\/\/hoycordobaweb.com\/wp-content\/uploads\/2024\/08\/flamengo-perdio-a-dos-jugadores-por-lesion-5.jpg\" width=\"290\" height=\"290\" decoding=\"async\" data-nimg=\"future\" loading=\"lazy\"><\/picture>\n<p><span>Mir\u00e1 tambi\u00e9n<\/span><\/p>\n<hr>\n<h3>\u00bfSe puede caer el pase de Juli\u00e1n \u00c1lvarez al Atl\u00e9tico de Madrid?<\/h3>\n<\/p>\n<\/section>\n<\/div>\n<\/div>\n","protected":false},"excerpt":{"rendered":"<p>11\/08\/2024 22:48hs. Flamengo no pudo treparse a la punta delBrasileirao porque Palmeiras le empat\u00f3 cerca del final en el partido disputado este domingo en el Maracan\u00e1. Pero para el t\u00e9cnico Tite y la torcida hay una preocupaci\u00f3n superadora: durante el match ante el Verdao dos jugadores sufrieron graves lesiones. Se trata del volante Everton Cebolinha, [&hellip;]<\/p>\n","protected":false},"author":1,"featured_media":81562,"comment_status":"open","ping_status":"closed","sticky":false,"template":"","format":"standard","meta":[],"categories":[16],"tags":[],"_links":{"self":[{"href":"http:\/\/hoycordobaweb.com\/index.php\/wp-json\/wp\/v2\/posts\/81561"}],"collection":[{"href":"http:\/\/hoycordobaweb.com\/index.php\/wp-json\/wp\/v2\/posts"}],"about":[{"href":"http:\/\/hoycordobaweb.com\/index.php\/wp-json\/wp\/v2\/types\/post"}],"author":[{"embeddable":true,"href":"http:\/\/hoycordobaweb.com\/index.php\/wp-json\/wp\/v2\/users\/1"}],"replies":[{"embeddable":true,"href":"http:\/\/hoycordobaweb.com\/index.php\/wp-json\/wp\/v2\/comments?post=81561"}],"version-history":[{"count":0,"href":"http:\/\/hoycordobaweb.com\/index.php\/wp-json\/wp\/v2\/posts\/81561\/revisions"}],"wp:featuredmedia":[{"embeddable":true,"href":"http:\/\/hoycordobaweb.com\/index.php\/wp-json\/wp\/v2\/media\/81562"}],"wp:attachment":[{"href":"http:\/\/hoycordobaweb.com\/index.php\/wp-json\/wp\/v2\/media?parent=81561"}],"wp:term":[{"taxonomy":"category","embeddable":true,"href":"http:\/\/hoycordobaweb.com\/index.php\/wp-json\/wp\/v2\/categories?post=81561"},{"taxonomy":"post_tag","embeddable":true,"href":"http:\/\/hoycordobaweb.com\/index.php\/wp-json\/wp\/v2\/tags?post=81561"}],"curies":[{"name":"wp","href":"https:\/\/api.w.org\/{rel}","templated":true}]}}