{"id":81512,"date":"2024-08-11T02:37:55","date_gmt":"2024-08-11T02:37:55","guid":{"rendered":"https:\/\/www.ole.com.ar\/huracan\/rodrigo-echeverria-gol-huracan-globo-puntero-partido-river-monumental_0_OQ6BDg93Eh.html"},"modified":"2024-08-11T02:37:55","modified_gmt":"2024-08-11T02:37:55","slug":"echeverria-el-chileno-que-la-metio-ante-river-y-complico-a-argentina-en-la-copa-america","status":"publish","type":"post","link":"http:\/\/hoycordobaweb.com\/index.php\/2024\/08\/11\/echeverria-el-chileno-que-la-metio-ante-river-y-complico-a-argentina-en-la-copa-america\/","title":{"rendered":"Echeverr\u00eda: el chileno que la meti\u00f3 ante River y complic\u00f3 a Argentina en la Copa Am\u00e9rica"},"content":{"rendered":"<p><img src=\"http:\/\/hoycordobaweb.com\/wp-content\/uploads\/2024\/08\/echeverria-el-chileno-que-la-metio-ante-river-y-complico-a-argentina-en-la-copa-america.jpg\"><\/p>\n<p><time class=\"createDate\" datetime=\"2024-08-10T23:37:55-03:00\">10\/08\/2024 23:37hs.<\/time><\/p>\n<div id=\"storyBody\">\n<div class=\"custom-text \" readability=\"43.427331887202\">\n<p>Su frentazo, potente, con direcci\u00f3n para ubicarla abajo y hacer est\u00e9ril el esfuerzo de Armani, fue letal. <strong>Rodrigo Echeverr\u00eda<\/strong> jug\u00f3 un gran partido en el Monumental ante <a href=\"https:\/\/www.ole.com.ar\/tema\/river-plate.html\" title=\"River Plate\" alt=\"River Plate\" class=\"slug\">River.<\/a> <strong>El aporte del volante chileno trascendi\u00f3, y por mucho, al gol del empate. Y as\u00ed lo reflejaron las estad\u00edsticas:<\/strong> fue el primero en intercepciones (3), duelos ganados (9), entradas exitosas (6\/6), pases en campo rival (14), acciones defensivas (14) y segundo en recuperaciones (9).<\/p>\n<\/div>\n<div type=\"embed\" class=\"sc-3f46f5ae-0 djVTgz\">\n<div class=\"sc-3f46f5ae-1 fTjZec videoText\" id=\"contentTitleembedyV2g09C3\" type=\"embed\"><svg fill=\"#ffffff\"><symbol id=\"play\" viewBox=\"0 0 512 512\"><path d=\"M512 256C512 397.4 397.4 512 256 512C114.6 512 0 397.4 0 256C0 114.6 114.6 0 256 0C397.4 0 512 114.6 512 256zM176 168V344C176 352.7 180.7 360.7 188.3 364.9C195.8 369.2 205.1 369 212.5 364.5L356.5 276.5C363.6 272.1 368 264.4 368 256C368 247.6 363.6 239.9 356.5 235.5L212.5 147.5C205.1 142.1 195.8 142.8 188.3 147.1C180.7 151.3 176 159.3 176 168V168z\" \/><\/symbol><use xlink:href=\"#play\" \/><\/svg><\/p>\n<div class=\"right\">\n<p>Hurac\u00e1n<!-- --> &#8211;<!-- --> <span>&nbsp;<\/span><\/p>\n<h2 class=\"title-vid\">Echeverria empat\u00f3 el partido para el Globo<\/h2>\n<\/div>\n<\/div>\n<p><span class=\"back\" id=\"spanBackembedyV2g09C3\"><\/span><\/div>\n<div class=\"custom-text \" readability=\"36\">\n<p>El rendimiento del mediocampista de 29 a\u00f1os no sorprende. Futbolista de la selecci\u00f3n chilena, l<strong>a rompi\u00f3 en el partido ante Argentina, en el que su equipo cay\u00f3 por 1-0 en la fase de grupos de la Copa Am\u00e9rica.<\/strong> Y no pudo convertir porque el Dibu Mart\u00ednez le ahog\u00f3 el grito en dos ocasiones.<\/p>\n<\/div>\n<div class=\"custom-text \" readability=\"36\">\n<p>Ante el equipo de Gallardo convirti\u00f3 su primer gol en 2024. Fue el segundo que anot\u00f3 en el club: el anterior hab\u00eda sido el 24 de septiembre de 2023 ante V\u00e9lez (3-0). Echeverr\u00eda desembarc\u00f3 en Hurac\u00e1n en agosto del a\u00f1o pasado proveniente del Everton de su pa\u00eds, y <strong>su buen rendimiento llev\u00f3 al Globo a ejecutar la opci\u00f3n de compra de 500.000 d\u00f3lares por el 80% de su pase para firmarle contrato hasta fines de 2026.<\/strong><\/p>\n<\/div>\n<div class=\"custom-text \" readability=\"38\">\n<p>Polifuncional, puede jugar en distintos puestos del medio o de zaguero. En los \u00faltimos partidos jug\u00f3 de interior y <strong>ven\u00eda de ser ovacionado en el 0-0 con Racing<\/strong>, en la fecha anterior. Anoche fue clave y su gol tuvo una dedicatoria muy especial ante la c\u00e1mara en pleno festejo: <strong>\u00ab\u00a1Feliz cumple hija, te amo!\u00bb.<\/strong><\/p>\n<\/div>\n<div class=\"sc-e7b891c4-0 jPbnQF\"><img alt=\"Echeverr\u00eda marca a Echeverri. (Foto: EFE)\" src=\"http:\/\/hoycordobaweb.com\/wp-content\/uploads\/2024\/08\/echeverria-el-chileno-que-la-metio-ante-river-y-complico-a-argentina-en-la-copa-america-2.jpg\" width=\"720\" height=\"100\" decoding=\"async\" data-nimg=\"future\" loading=\"lazy\"><span class=\"epigraphe\">Echeverr\u00eda marca a Echeverri. (Foto: EFE)<\/span><\/div>\n<p><h2>Fattori: \u00abA <strong>seguir <\/strong>por este camino y pelear\u00bb<\/h2>\n<\/p>\n<div class=\"custom-text \" readability=\"43\">\n<p><strong>\u201cEl grupo que tenemos es lo que nos est\u00e1 posicionando arriba. No nos podemos relajar, tenemos que seguir por este camino para pelear\u201d. Federico Fattori <\/strong>no se conforma. El futbolista de 32 a\u00f1os, pieza muy importante para darle equilibrio a este Hurac\u00e1n puntero, expuso su ilusi\u00f3n tras el empate cosechado en el Monumental.<strong> \u201cPara ellos es muy importante la vuelta de Gallardo, pero nosotros nunca pensamos en eso. Nos enfocamos s\u00f3lo en lo nuestro\u201d<\/strong>, coment\u00f3 el volante, en alusi\u00f3n a c\u00f3mo fue la preparaci\u00f3n para el partido. <strong>\u201dPudimos igualar el marcador en una cancha complicada, con un equipo que mete mucha gente en el medio. Nos pudimos plantar bien\u201d<\/strong>, coment\u00f3 Fattori. Y concluy\u00f3: <strong>\u201cPor momentos pudimos jugar. Contrarrestamos bien a River\u201d.<\/strong><\/p>\n<\/div>\n<div class=\"sc-a7166897-0 exHLBh\" readability=\"6\">\n<section readability=\"2\"><picture><img alt=\"El picante posteo de Hurac\u00e1n luego de empatar con River: &quot;Decime cosas lindas&quot;\" src=\"http:\/\/hoycordobaweb.com\/wp-content\/uploads\/2024\/08\/echeverria-el-chileno-que-la-metio-ante-river-y-complico-a-argentina-en-la-copa-america-3.jpg\" width=\"290\" height=\"290\" decoding=\"async\" data-nimg=\"future\" loading=\"lazy\"><\/picture>\n<p><span>Mir\u00e1 tambi\u00e9n<\/span><\/p>\n<hr>\n<h3>El picante posteo de Hurac\u00e1n luego de empatar con River: \u00abDecime cosas lindas\u00bb<\/h3>\n<\/p>\n<\/section>\n<\/div>\n<div class=\"sc-a7166897-0 exHLBh\" readability=\"6.5\">\n<section readability=\"3\"><picture><img alt=\"En el regreso de Gallardo, River empat\u00f3 1-1 ante Hurac\u00e1n\" src=\"http:\/\/hoycordobaweb.com\/wp-content\/uploads\/2024\/08\/echeverria-el-chileno-que-la-metio-ante-river-y-complico-a-argentina-en-la-copa-america-4.jpg\" width=\"290\" height=\"290\" decoding=\"async\" data-nimg=\"future\" loading=\"lazy\"><\/picture>\n<p><span>Mir\u00e1 tambi\u00e9n<\/span><\/p>\n<hr>\n<h3>En el regreso de Gallardo, River empat\u00f3 1-1 ante Hurac\u00e1n<\/h3>\n<\/p>\n<\/section>\n<\/div>\n<div class=\"sc-a7166897-0 exHLBh\" readability=\"6\">\n<section readability=\"2\"><picture><img alt=\"Gallardo: &quot;Con Talleres ser\u00e1 una batalla f\u00edsica y de cabeza&quot;\" src=\"http:\/\/hoycordobaweb.com\/wp-content\/uploads\/2024\/08\/echeverria-el-chileno-que-la-metio-ante-river-y-complico-a-argentina-en-la-copa-america-5.jpg\" width=\"290\" height=\"290\" decoding=\"async\" data-nimg=\"future\" loading=\"lazy\"><\/picture>\n<p><span>Mir\u00e1 tambi\u00e9n<\/span><\/p>\n<hr>\n<h3>Gallardo: \u00abCon Talleres ser\u00e1 una batalla f\u00edsica y de cabeza\u00bb<\/h3>\n<\/p>\n<\/section>\n<\/div>\n<div class=\"sc-a7166897-0 exHLBh\" readability=\"6\">\n<section readability=\"2\"><picture><img alt=\"Emotivo: el pap\u00e1 de Gallardo volvi\u00f3 al Monumental en el debut del Mu\u00f1eco\" src=\"http:\/\/hoycordobaweb.com\/wp-content\/uploads\/2024\/08\/echeverria-el-chileno-que-la-metio-ante-river-y-complico-a-argentina-en-la-copa-america-6.jpg\" width=\"290\" height=\"290\" decoding=\"async\" data-nimg=\"future\" loading=\"lazy\"><\/picture>\n<p><span>Mir\u00e1 tambi\u00e9n<\/span><\/p>\n<hr>\n<h3>Emotivo: el pap\u00e1 de Gallardo volvi\u00f3 al Monumental en el debut del Mu\u00f1eco<\/h3>\n<\/p>\n<\/section>\n<\/div>\n<div class=\"sc-a7166897-0 exHLBh\" readability=\"6\">\n<section readability=\"2\"><picture><img alt=\"El uno por uno de River ante Hurac\u00e1n \" src=\"http:\/\/hoycordobaweb.com\/wp-content\/uploads\/2024\/08\/echeverria-el-chileno-que-la-metio-ante-river-y-complico-a-argentina-en-la-copa-america-7.jpg\" width=\"290\" height=\"290\" decoding=\"async\" data-nimg=\"future\" loading=\"lazy\"><\/picture>\n<p><span>Mir\u00e1 tambi\u00e9n<\/span><\/p>\n<hr>\n<h3>El uno por uno de River ante Hurac\u00e1n <\/h3>\n<\/p>\n<\/section>\n<\/div>\n<\/div>\n","protected":false},"excerpt":{"rendered":"<p>10\/08\/2024 23:37hs. Su frentazo, potente, con direcci\u00f3n para ubicarla abajo y hacer est\u00e9ril el esfuerzo de Armani, fue letal. Rodrigo Echeverr\u00eda jug\u00f3 un gran partido en el Monumental ante River. El aporte del volante chileno trascendi\u00f3, y por mucho, al gol del empate. Y as\u00ed lo reflejaron las estad\u00edsticas: fue el primero en intercepciones (3), [&hellip;]<\/p>\n","protected":false},"author":1,"featured_media":81513,"comment_status":"open","ping_status":"closed","sticky":false,"template":"","format":"standard","meta":[],"categories":[16],"tags":[],"_links":{"self":[{"href":"http:\/\/hoycordobaweb.com\/index.php\/wp-json\/wp\/v2\/posts\/81512"}],"collection":[{"href":"http:\/\/hoycordobaweb.com\/index.php\/wp-json\/wp\/v2\/posts"}],"about":[{"href":"http:\/\/hoycordobaweb.com\/index.php\/wp-json\/wp\/v2\/types\/post"}],"author":[{"embeddable":true,"href":"http:\/\/hoycordobaweb.com\/index.php\/wp-json\/wp\/v2\/users\/1"}],"replies":[{"embeddable":true,"href":"http:\/\/hoycordobaweb.com\/index.php\/wp-json\/wp\/v2\/comments?post=81512"}],"version-history":[{"count":0,"href":"http:\/\/hoycordobaweb.com\/index.php\/wp-json\/wp\/v2\/posts\/81512\/revisions"}],"wp:featuredmedia":[{"embeddable":true,"href":"http:\/\/hoycordobaweb.com\/index.php\/wp-json\/wp\/v2\/media\/81513"}],"wp:attachment":[{"href":"http:\/\/hoycordobaweb.com\/index.php\/wp-json\/wp\/v2\/media?parent=81512"}],"wp:term":[{"taxonomy":"category","embeddable":true,"href":"http:\/\/hoycordobaweb.com\/index.php\/wp-json\/wp\/v2\/categories?post=81512"},{"taxonomy":"post_tag","embeddable":true,"href":"http:\/\/hoycordobaweb.com\/index.php\/wp-json\/wp\/v2\/tags?post=81512"}],"curies":[{"name":"wp","href":"https:\/\/api.w.org\/{rel}","templated":true}]}}