{"id":81492,"date":"2024-08-10T14:00:57","date_gmt":"2024-08-10T14:00:57","guid":{"rendered":"https:\/\/www.trendencias.com\/belleza\/tamara-falco-se-va-vacaciones-estrenando-cambio-look-perfecto-para-mayores-40"},"modified":"2024-08-10T14:00:57","modified_gmt":"2024-08-10T14:00:57","slug":"tamara-falco-se-va-de-vacaciones-estrenando-un-cambio-de-look-perfecto-para-las-mayores-de-40","status":"publish","type":"post","link":"http:\/\/hoycordobaweb.com\/index.php\/2024\/08\/10\/tamara-falco-se-va-de-vacaciones-estrenando-un-cambio-de-look-perfecto-para-las-mayores-de-40\/","title":{"rendered":"Tamara Falc\u00f3 se va de vacaciones estrenando un cambio de look perfecto para las mayores de 40"},"content":{"rendered":"<p>Como ya sabemos <a href=\"https:\/\/www.trendencias.com\/celebrities\/tamara-falco-e-inigo-onieva-detalles-sus-nuevas-vacaciones-a-todo-trapo-soltar-euro\">Tamara Falc\u00f3 e \u00cd\u00f1igo Onieva se han ido de vacaciones a todo trapo<\/a> y \u00e9ste ha sido el momento elegido por la marquesa para cambiar de look y dejar atr\u00e1s su melena midi que luc\u00eda ya desde hace un tiempo para <strong>apostar por un nuevo corte de pelo.<\/strong><\/p>\n<p><!-- BREAK 1 --> <\/p>\n<div class=\"ad ad-lat\"> <\/div>\n<div class=\"article-asset article-asset-normal article-asset-center\">\n<div class=\"desvio-container\">\n<div class=\"desvio\">\n<div class=\"desvio-figure js-desvio-figure\"> <a href=\"https:\/\/www.trendencias.com\/belleza\/tres-basicos-maquillaje-que-tamara-falco-consigue-look-natural-muy-rejuvenecedor\"> <img loading=\"lazy\" alt=\"Tres b\u00e1sicos de maquillaje con los que Tamara Falc\u00f3 consigue un look natural y muy rejuvenecedor\" width=\"375\" height=\"142\" src=\"http:\/\/hoycordobaweb.com\/wp-content\/uploads\/2024\/08\/tamara-falco-se-va-de-vacaciones-estrenando-un-cambio-de-look-perfecto-para-las-mayores-de-40.jpg\"> <\/a> <\/div>\n<div class=\"desvio-summary\">\n<div class=\"desvio-taxonomy js-desvio-taxonomy\"> <a href=\"https:\/\/www.trendencias.com\/belleza\/tres-basicos-maquillaje-que-tamara-falco-consigue-look-natural-muy-rejuvenecedor\" class=\"desvio-taxonomy-anchor\">En Trendencias<\/a> <\/div>\n<p> <a href=\"https:\/\/www.trendencias.com\/belleza\/tres-basicos-maquillaje-que-tamara-falco-consigue-look-natural-muy-rejuvenecedor\" class=\"desvio-title js-desvio-title\">Tres b\u00e1sicos de maquillaje con los que Tamara Falc\u00f3 consigue un look natural y muy rejuvenecedor<\/a> <\/div><\/div><\/div>\n<\/div>\n<div class=\"instagram-media-container article-asset-normal\">\n<blockquote class=\"instagram-media\" data-instgrm-captioned data-instgrm-version=\"7\">\n<div>\n<div> <\/div>\n<p> <a href=\"https:\/\/www.instagram.com\/p\/C-aYuqhiQVp\" target=\"_blank\" rel=\"noopener noreferrer\">&nbsp;<\/a> <\/p>\n<\/p><\/div>\n<\/blockquote>\n<\/div>\n<p>Pues s\u00ed, Tamara Falc\u00f3 ha vuelto a un<em> short bob, <\/em>que es un corte de pelo que se parece al famoso <em>\u2018carr\u00e9\u2019, <\/em>pero mucho m\u00e1s favorecedor. Al llegar hasta la mand\u00edbula, resalta much\u00edsimo las facciones y, lo mejor, queda bien en todos los tipos de rostros seg\u00fan nos apunta el experto <a rel=\"noopener, noreferrer\" href=\"https:\/\/www.instagram.com\/juandiegoteo_\/\">Juandiegoteo.<\/a><\/p>\n<p><!-- BREAK 2 --><\/p>\n<div class=\"instagram-media-container article-asset-normal\">\n<blockquote class=\"instagram-media\" data-instgrm-captioned data-instgrm-version=\"7\">\n<div>\n<div> <\/div>\n<p> <a href=\"https:\/\/www.instagram.com\/p\/C-ce3TTtHyg\" target=\"_blank\" rel=\"noopener noreferrer\">&nbsp;<\/a> <\/p>\n<\/p><\/div>\n<\/blockquote>\n<\/div>\n<p>S\u00ed, este viaje a las <strong>Seychelles <\/strong>ha sido en el que nos ha descubierto su nuevo estilo que es muy favorecedor y, sobre todo, muy rejuvenecedor sobre todo para las mujeres de m\u00e1s de 40 porque tiene un efecto lifting incre\u00edble.&nbsp;<\/p>\n<p><!-- BREAK 3 --> <\/p>\n<div class=\"ad ad-lat2\"> <\/div>\n<p>Fotos | <a rel=\"noopener, noreferrer\" href=\"https:\/\/www.instagram.com\/tamara_falco\/\">@tamara_falco<\/a><\/p>\n<p>En Trendencias | <a href=\"https:\/\/www.trendencias.com\/belleza\/champu-seco-mercadona-que-cuesta-dos-euros-arrasa\" data-id=\"noopener noreferrer\">El champ\u00fa en seco de Mercadona que cuesta dos euros y arrasa<\/a><\/p>\n<p>En Trendencias | <a href=\"https:\/\/www.trendencias.com\/belleza\/18-cortes-pelo-tendencia-2024-que-se-piden-peluquerias\" data-id=\"noopener noreferrer\">19 cortes de pelo de tendencia en 2024 que m\u00e1s se piden en las peluquer\u00edas<\/a><\/p>\n<p>En Trendencias | <a href=\"https:\/\/www.trendencias.com\/belleza\/metodo-curly-siete-champus-sulfatos-clarificantes-que-lavar-pelo-cuidando-rizos\" data-id=\"noopener noreferrer\">M\u00e9todo curly: champ\u00fas sin sulfatos y clarificantes con los que lavar el pelo cuidando los rizos<\/a><\/p>\n","protected":false},"excerpt":{"rendered":"<p>Como ya sabemos Tamara Falc\u00f3 e \u00cd\u00f1igo Onieva se han ido de vacaciones a todo trapo y \u00e9ste ha sido el momento elegido por la marquesa para cambiar de look y dejar atr\u00e1s su melena midi que luc\u00eda ya desde hace un tiempo para apostar por un nuevo corte de pelo. En Trendencias Tres b\u00e1sicos [&hellip;]<\/p>\n","protected":false},"author":1,"featured_media":81493,"comment_status":"closed","ping_status":"closed","sticky":false,"template":"","format":"standard","meta":[],"categories":[],"tags":[],"_links":{"self":[{"href":"http:\/\/hoycordobaweb.com\/index.php\/wp-json\/wp\/v2\/posts\/81492"}],"collection":[{"href":"http:\/\/hoycordobaweb.com\/index.php\/wp-json\/wp\/v2\/posts"}],"about":[{"href":"http:\/\/hoycordobaweb.com\/index.php\/wp-json\/wp\/v2\/types\/post"}],"author":[{"embeddable":true,"href":"http:\/\/hoycordobaweb.com\/index.php\/wp-json\/wp\/v2\/users\/1"}],"replies":[{"embeddable":true,"href":"http:\/\/hoycordobaweb.com\/index.php\/wp-json\/wp\/v2\/comments?post=81492"}],"version-history":[{"count":0,"href":"http:\/\/hoycordobaweb.com\/index.php\/wp-json\/wp\/v2\/posts\/81492\/revisions"}],"wp:featuredmedia":[{"embeddable":true,"href":"http:\/\/hoycordobaweb.com\/index.php\/wp-json\/wp\/v2\/media\/81493"}],"wp:attachment":[{"href":"http:\/\/hoycordobaweb.com\/index.php\/wp-json\/wp\/v2\/media?parent=81492"}],"wp:term":[{"taxonomy":"category","embeddable":true,"href":"http:\/\/hoycordobaweb.com\/index.php\/wp-json\/wp\/v2\/categories?post=81492"},{"taxonomy":"post_tag","embeddable":true,"href":"http:\/\/hoycordobaweb.com\/index.php\/wp-json\/wp\/v2\/tags?post=81492"}],"curies":[{"name":"wp","href":"https:\/\/api.w.org\/{rel}","templated":true}]}}