{"id":81474,"date":"2024-08-10T01:11:36","date_gmt":"2024-08-10T01:11:36","guid":{"rendered":"https:\/\/www.ole.com.ar\/river-plate\/demichelis-semanas-irse-river-show-ciro-persas_0_RJ4aFrWkZA.html"},"modified":"2024-08-10T01:11:36","modified_gmt":"2024-08-10T01:11:36","slug":"video-donde-estuvo-demichelis-a-dos-semanas-de-irse-de-river","status":"publish","type":"post","link":"http:\/\/hoycordobaweb.com\/index.php\/2024\/08\/10\/video-donde-estuvo-demichelis-a-dos-semanas-de-irse-de-river\/","title":{"rendered":"Video: \u00bfd\u00f3nde estuvo Demichelis a dos semanas de irse de River?"},"content":{"rendered":"<p><img src=\"http:\/\/hoycordobaweb.com\/wp-content\/uploads\/2024\/08\/video-donde-estuvo-demichelis-a-dos-semanas-de-irse-de-river.jpg\"><\/p>\n<p><time class=\"createDate\" datetime=\"2024-08-09T22:11:36-03:00\">09\/08\/2024 22:11hs.<\/time><\/p>\n<div id=\"storyBody\">\n<div class=\"custom-text \" readability=\"33.021582733813\">\n<p>A dos semanas de dejar su cargo como entrenador en <a href=\"https:\/\/www.ole.com.ar\/tema\/river-plate.html\" title=\"River Plate\" alt=\"River Plate\" class=\"slug\">River<\/a>, <a href=\"https:\/\/www.ole.com.ar\/tema\/martin-demichelis.html\" title=\"Martin Demichelis\" alt=\"Martin Demichelis\" class=\"slug\">Mart\u00edn Demichelis<\/a> aprovecha para recuperar el tiempo perdido. Ya sin la presi\u00f3n constante que genera el equipo de N\u00fa\u00f1ez en el d\u00eda a d\u00eda,<strong> el entrenador apareci\u00f3 en un recital de una popular banda de rock argentino.<\/strong><\/p>\n<\/div>\n<div class=\"custom-text \" readability=\"34.480286738351\">\n<p>En compa\u00f1\u00eda de su pareja, <a href=\"https:\/\/www.ole.com.ar\/tema\/evangelina-anderson.html\" title=\"Evangelina Anderson\" alt=\"Evangelina Anderson\" class=\"slug\">Evangelina Anderson<\/a>, Micho dio el presente este viernes en el concierto de <strong>Ciro y Los Persas<\/strong> en el Movistar Arena, ubicado en el barrio porte\u00f1o de Villa Crespo. Como dice el tema Astros: <strong>\u00abUn buen trago no viene mal cuando pega la vida con tanta sed\u00bb.<\/strong><\/p>\n<\/div>\n<div class=\"custom-text \" readability=\"37\">\n<p>Con entradas totalmente agotadas, la banda liderada por el ex cantante de <strong>Los Piojos<\/strong> toc\u00f3 all\u00ed el jueves 8 y este viernes 9, y tiene otra fecha pautada en el mismo lugar para el 30 de agosto. Micho, esta vez<\/p>\n<\/div>\n<p><h3>Demichelis fue a ver a Ciro<\/h3>\n<\/p>\n<div type=\"embed\" class=\"sc-3f46f5ae-0 djVTgz\">\n<div class=\"sc-3f46f5ae-1 fTjZec videoText\" id=\"contentTitleembedrWNPPL0d\" type=\"embed\"><svg fill=\"#ffffff\"><symbol id=\"play\" viewBox=\"0 0 512 512\"><path d=\"M512 256C512 397.4 397.4 512 256 512C114.6 512 0 397.4 0 256C0 114.6 114.6 0 256 0C397.4 0 512 114.6 512 256zM176 168V344C176 352.7 180.7 360.7 188.3 364.9C195.8 369.2 205.1 369 212.5 364.5L356.5 276.5C363.6 272.1 368 264.4 368 256C368 247.6 363.6 239.9 356.5 235.5L212.5 147.5C205.1 142.1 195.8 142.8 188.3 147.1C180.7 151.3 176 159.3 176 168V168z\" \/><\/symbol><use xlink:href=\"#play\" \/><\/svg><\/p>\n<div class=\"right\">\n<p>Ciro y los Persas<!-- --> &#8211;<!-- --> <span>&nbsp;<\/span><\/p>\n<h2 class=\"title-vid\">Demichelis junto a Evangelina Anderson fueron a ver el show de Ciro<\/h2>\n<\/div>\n<\/div>\n<p><span class=\"back\" id=\"spanBackembedrWNPPL0d\"><\/span><\/div>\n<p><h2>Arranca la segunda era Gallardo<\/h2>\n<\/p>\n<div class=\"custom-text \" readability=\"36.019543973941\">\n<p>En el \u00faltimo turno del s\u00e1bado (20.30), el Monumental se vestir\u00e1 de gala para darle la bienvenida a <a href=\"https:\/\/www.ole.com.ar\/tema\/marcelo-gallardo.html\" title=\"Marcelo Gallardo\" alt=\"Marcelo Gallardo\" class=\"slug\">Marcelo Gallardo<\/a>, quien vuelve a dirigir en el club de N\u00fa\u00f1ez luego de casi dos a\u00f1os. Tras la partida de Demichelis, el mayor \u00eddolo moderno del club regresa con<strong> el gran objetivo de la Copa Libertadores.<\/strong><\/p>\n<\/div>\n<div class=\"sc-e7b891c4-0 jPbnQF\"><img alt=\"Gallardo debuta este s\u00e1bado frente a Hurac\u00e1n (Prensa River).\" src=\"http:\/\/hoycordobaweb.com\/wp-content\/uploads\/2024\/08\/video-donde-estuvo-demichelis-a-dos-semanas-de-irse-de-river-2.jpg\" width=\"720\" height=\"100\" decoding=\"async\" data-nimg=\"future\" loading=\"lazy\"><span class=\"epigraphe\">Gallardo debuta este s\u00e1bado frente a Hurac\u00e1n (Prensa River).<\/span><\/div>\n<div class=\"custom-text \" readability=\"36.533596837945\">\n<p>Sin embargo, antes de pensar en Talleres, el River de MG tendr\u00e1 un estreno de m\u00e1xima exigencia: <strong>recibe al Hurac\u00e1n de Kudelka, l\u00edder invicto de la Liga Profesional. <\/strong>Debuta <a href=\"https:\/\/www.ole.com.ar\/tema\/german-pezzella.html\" title=\"Germ\u00e1n Pezzella\" alt=\"Germ\u00e1n Pezzella\" class=\"slug\">Germ\u00e1n Pezzella<\/a> y Adam Bareiro, ex San Lorenzo, reemplaza al lesionado Borja.<\/p>\n<\/div>\n<div class=\"sc-a7166897-0 exHLBh\" readability=\"6\">\n<section readability=\"2\"><picture><img alt=\"River-Hurac\u00e1n: las claves de la hist\u00f3rica vuelta de Gallardo al Monumental\" src=\"http:\/\/hoycordobaweb.com\/wp-content\/uploads\/2024\/08\/video-donde-estuvo-demichelis-a-dos-semanas-de-irse-de-river-3.jpg\" width=\"290\" height=\"290\" decoding=\"async\" data-nimg=\"future\" loading=\"lazy\"><\/picture>\n<p><span>Mir\u00e1 tambi\u00e9n<\/span><\/p>\n<hr>\n<h3>River-Hurac\u00e1n: las claves de la hist\u00f3rica vuelta de Gallardo al Monumental<\/h3>\n<\/p>\n<\/section>\n<\/div>\n<div class=\"sc-a7166897-0 exHLBh\" readability=\"6.5\">\n<section readability=\"3\"><picture><img alt=\"Con una duda y dos joyas, la probable formaci\u00f3n de River contra Hurac\u00e1n\" src=\"http:\/\/hoycordobaweb.com\/wp-content\/uploads\/2024\/08\/video-donde-estuvo-demichelis-a-dos-semanas-de-irse-de-river-4.jpg\" width=\"290\" height=\"290\" decoding=\"async\" data-nimg=\"future\" loading=\"lazy\"><\/picture>\n<p><span>Mir\u00e1 tambi\u00e9n<\/span><\/p>\n<hr>\n<h3>Con una duda y dos joyas, la probable formaci\u00f3n de River contra Hurac\u00e1n<\/h3>\n<\/p>\n<\/section>\n<\/div>\n<div class=\"sc-a7166897-0 exHLBh\" readability=\"7\">\n<section readability=\"4\"><picture><img alt=\"Gallardo lo espera: Rayados dio el visto bueno, Meza viajar\u00eda este s\u00e1bado y \u00bfjuega la Copa?\" src=\"http:\/\/hoycordobaweb.com\/wp-content\/uploads\/2024\/08\/video-donde-estuvo-demichelis-a-dos-semanas-de-irse-de-river-5.jpg\" width=\"290\" height=\"290\" decoding=\"async\" data-nimg=\"future\" loading=\"lazy\"><\/picture>\n<p><span>Mir\u00e1 tambi\u00e9n<\/span><\/p>\n<hr>\n<h3>Gallardo lo espera: Rayados dio el visto bueno, Meza viajar\u00eda este s\u00e1bado y \u00bfjuega la Copa?<\/h3>\n<\/p>\n<\/section>\n<\/div>\n<\/div>\n","protected":false},"excerpt":{"rendered":"<p>09\/08\/2024 22:11hs. A dos semanas de dejar su cargo como entrenador en River, Mart\u00edn Demichelis aprovecha para recuperar el tiempo perdido. Ya sin la presi\u00f3n constante que genera el equipo de N\u00fa\u00f1ez en el d\u00eda a d\u00eda, el entrenador apareci\u00f3 en un recital de una popular banda de rock argentino. En compa\u00f1\u00eda de su pareja, [&hellip;]<\/p>\n","protected":false},"author":1,"featured_media":81475,"comment_status":"open","ping_status":"closed","sticky":false,"template":"","format":"standard","meta":[],"categories":[16],"tags":[],"_links":{"self":[{"href":"http:\/\/hoycordobaweb.com\/index.php\/wp-json\/wp\/v2\/posts\/81474"}],"collection":[{"href":"http:\/\/hoycordobaweb.com\/index.php\/wp-json\/wp\/v2\/posts"}],"about":[{"href":"http:\/\/hoycordobaweb.com\/index.php\/wp-json\/wp\/v2\/types\/post"}],"author":[{"embeddable":true,"href":"http:\/\/hoycordobaweb.com\/index.php\/wp-json\/wp\/v2\/users\/1"}],"replies":[{"embeddable":true,"href":"http:\/\/hoycordobaweb.com\/index.php\/wp-json\/wp\/v2\/comments?post=81474"}],"version-history":[{"count":0,"href":"http:\/\/hoycordobaweb.com\/index.php\/wp-json\/wp\/v2\/posts\/81474\/revisions"}],"wp:featuredmedia":[{"embeddable":true,"href":"http:\/\/hoycordobaweb.com\/index.php\/wp-json\/wp\/v2\/media\/81475"}],"wp:attachment":[{"href":"http:\/\/hoycordobaweb.com\/index.php\/wp-json\/wp\/v2\/media?parent=81474"}],"wp:term":[{"taxonomy":"category","embeddable":true,"href":"http:\/\/hoycordobaweb.com\/index.php\/wp-json\/wp\/v2\/categories?post=81474"},{"taxonomy":"post_tag","embeddable":true,"href":"http:\/\/hoycordobaweb.com\/index.php\/wp-json\/wp\/v2\/tags?post=81474"}],"curies":[{"name":"wp","href":"https:\/\/api.w.org\/{rel}","templated":true}]}}