{"id":81470,"date":"2024-08-10T03:11:14","date_gmt":"2024-08-10T03:11:14","guid":{"rendered":"https:\/\/www.ole.com.ar\/racing\/racing-club-gustavo-costas-liga-profesional-gimnasia-plata_0_MemXNnjgGM.html"},"modified":"2024-08-10T03:11:14","modified_gmt":"2024-08-10T03:11:14","slug":"costas-sin-hablar-tras-la-derrota-y-los-silbidos","status":"publish","type":"post","link":"http:\/\/hoycordobaweb.com\/index.php\/2024\/08\/10\/costas-sin-hablar-tras-la-derrota-y-los-silbidos\/","title":{"rendered":"Costas, sin hablar tras la derrota y los\u00a0silbidos"},"content":{"rendered":"<p><img src=\"http:\/\/hoycordobaweb.com\/wp-content\/uploads\/2024\/08\/costas-sin-hablar-tras-la-derrota-y-los-silbidos.jpg\"><\/p>\n<p><time class=\"createDate\" datetime=\"2024-08-10T00:11:14-03:00\">10\/08\/2024 00:11hs.<\/time><\/p>\n<div id=\"storyBody\">\n<div class=\"custom-text \" readability=\"43\">\n<p><strong>Una derrota que pesa y mucho<\/strong>. Claro, lejos parece haber quedado aquel Racing que enfil\u00f3 una serie de victorias que casi lo metieron en cuartos de final de la Copa de la Liga, y que desfil\u00f3 en la Copa Sudamericana. La vuelta de Racing, tras el receso por la Copa Am\u00e9rica, demostr\u00f3 una gran involuci\u00f3n del equipo de Gustavo Costas, que perdi\u00f3 volumen de juego pero, sobre todo, la verticalidad del primer semestre. Pese a momentos de muy flojo nivel futbol\u00edstico, se le ca\u00edan los goles del bolsillo. <\/p>\n<\/div>\n<p><h2>Costas, momento cr\u00edtico con un equipo ap\u00e1tico<\/h2>\n<\/p>\n<div class=\"custom-text \" readability=\"38\">\n<p>Claro, lo que ocurre es que Maravilla Mart\u00ednez la met\u00eda, mientras que hoy tiene el arco totalmente cerrado. El punta ven\u00eda con una racha de tres partidos sin convertir a lo que se sum\u00f3 la p\u00e9sima noche ante Gimnasia, en donde no solo err\u00f3 un penal, sino que vio la roja tras un patad\u00f3n.<\/p>\n<\/div>\n<div class=\"sc-e7b891c4-0 jPbnQF\"><img alt=\"Racing - Gimnasia por Liga Profesional de F\u00fatbol\nFotos Emmanuel Fern\u00e1ndez FTP CLARIN _EMA4458_1.JPG Z EFernandz Efernandez\" src=\"http:\/\/hoycordobaweb.com\/wp-content\/uploads\/2024\/08\/costas-sin-hablar-tras-la-derrota-y-los-silbidos-2.jpg\" width=\"720\" height=\"100\" decoding=\"async\" data-nimg=\"future\" loading=\"lazy\"><span class=\"epigraphe\">Racing &#8211; Gimnasia por Liga Profesional de F\u00fatbol<br \/>\nFotos Emmanuel Fern\u00e1ndez FTP CLARIN _EMA4458_1.JPG Z EFernandz Efernandez<\/span><\/div>\n<div class=\"custom-text \" readability=\"42\">\n<p>Y la confusi\u00f3n de Costas se ve en la cantidad de cambios que viene haciendo el entrenador en las \u00faltimas fechas, en donde cambi\u00f3 el esquema y vari\u00f3 nombres pesados en posiciones en las que hace un par de semanas hab\u00eda nombres fijos. <strong>El semblante del entrenador demuestra lo que pasa en el campo de juego porque como casi nunca. Al DT se lo vio entregado sobre el final del encuentro, <\/strong>cuando Racing no encontraba respuestas. Es que el propio entrenador, quien no habl\u00f3 despu\u00e9s del 0-1 ante Gimnasia (ya estaba pautado antes del partido por un tema familiar) viene olfateando la involuci\u00f3n de su equipo. Hab\u00eda mostrado su disconformismo tras el 0-0 ante Hurac\u00e1n y anoche se fue a\u00fan m\u00e1s molesto y confundido. \u00bfY ahora?\u201cAunque juegues con l\u00ednea de tres, de cuatro, son ellos los que tienen que estar 100 puntos\u201d, dijo el DT tras el empate ante el Globo, algo que ante Gimnasia se ratific\u00f3&nbsp;a\u00fan&nbsp;m\u00e1s.<\/p>\n<\/div>\n<div class=\"sc-e7b891c4-0 jPbnQF\"><img alt=\"Racing - Gimnasia por Liga Profesional de F\u00fatbol\nFotos Emmanuel Fern\u00e1ndez\nGUSTAVO COSTAS\" src=\"http:\/\/hoycordobaweb.com\/wp-content\/uploads\/2024\/08\/costas-sin-hablar-tras-la-derrota-y-los-silbidos-3.jpg\" width=\"720\" height=\"100\" decoding=\"async\" data-nimg=\"future\" loading=\"lazy\"><span class=\"epigraphe\">Racing &#8211; Gimnasia por Liga Profesional de F\u00fatbol<br \/>\nFotos Emmanuel Fern\u00e1ndez<br \/>\nGUSTAVO COSTAS<\/span><\/div>\n<div class=\"custom-text \" readability=\"37\">\n<p>Cabe destacar que el entrenador no habl\u00f3 tras la ca\u00edda en el Cilindro de Avellaneda, pero no fue producto del resultado, sino que la ausencia del DT en la conferencia de prensa estaba pactada de antemano, <strong>ya que Costas ten\u00eda un compromiso personal imposible de postergar. <\/strong><\/p>\n<\/div>\n<div class=\"sc-a7166897-0 exHLBh\" readability=\"6\">\n<section readability=\"2\"><picture><img alt=\"Las posiciones de la Liga Profesional: dos punteros y c\u00f3mo sigue la fecha 10\" src=\"http:\/\/hoycordobaweb.com\/wp-content\/uploads\/2024\/08\/costas-sin-hablar-tras-la-derrota-y-los-silbidos-4.jpg\" width=\"290\" height=\"290\" decoding=\"async\" data-nimg=\"future\" loading=\"lazy\"><\/picture>\n<p><span>Mir\u00e1 tambi\u00e9n<\/span><\/p>\n<hr>\n<h3>Las posiciones de la Liga Profesional: dos punteros y c\u00f3mo sigue la fecha 10<\/h3>\n<\/p>\n<\/section>\n<\/div>\n<div class=\"sc-a7166897-0 exHLBh\" readability=\"6.5\">\n<section readability=\"3\"><picture><img alt=\"Maravilla fatal: penal errado con no look sobre la hora, planchazo y expulsi\u00f3n\" src=\"http:\/\/hoycordobaweb.com\/wp-content\/uploads\/2024\/08\/costas-sin-hablar-tras-la-derrota-y-los-silbidos-5.jpg\" width=\"290\" height=\"290\" decoding=\"async\" data-nimg=\"future\" loading=\"lazy\"><\/picture>\n<p><span>Mir\u00e1 tambi\u00e9n<\/span><\/p>\n<hr>\n<h3>Maravilla fatal: penal errado con no look sobre la hora, planchazo y expulsi\u00f3n<\/h3>\n<\/p>\n<\/section>\n<\/div>\n<div class=\"sc-a7166897-0 exHLBh\" readability=\"6\">\n<section readability=\"2\"><picture><img alt=\"La tabla anual de la Liga Profesional: as\u00ed est\u00e1 la clasificaci\u00f3n a las copas 2025\" src=\"http:\/\/hoycordobaweb.com\/wp-content\/uploads\/2024\/08\/costas-sin-hablar-tras-la-derrota-y-los-silbidos-6.jpg\" width=\"290\" height=\"290\" decoding=\"async\" data-nimg=\"future\" loading=\"lazy\"><\/picture>\n<p><span>Mir\u00e1 tambi\u00e9n<\/span><\/p>\n<hr>\n<h3>La tabla anual de la Liga Profesional: as\u00ed est\u00e1 la clasificaci\u00f3n a las copas 2025<\/h3>\n<\/p>\n<\/section>\n<\/div>\n<\/div>\n","protected":false},"excerpt":{"rendered":"<p>10\/08\/2024 00:11hs. Una derrota que pesa y mucho. Claro, lejos parece haber quedado aquel Racing que enfil\u00f3 una serie de victorias que casi lo metieron en cuartos de final de la Copa de la Liga, y que desfil\u00f3 en la Copa Sudamericana. La vuelta de Racing, tras el receso por la Copa Am\u00e9rica, demostr\u00f3 una [&hellip;]<\/p>\n","protected":false},"author":1,"featured_media":81471,"comment_status":"open","ping_status":"closed","sticky":false,"template":"","format":"standard","meta":[],"categories":[16],"tags":[],"_links":{"self":[{"href":"http:\/\/hoycordobaweb.com\/index.php\/wp-json\/wp\/v2\/posts\/81470"}],"collection":[{"href":"http:\/\/hoycordobaweb.com\/index.php\/wp-json\/wp\/v2\/posts"}],"about":[{"href":"http:\/\/hoycordobaweb.com\/index.php\/wp-json\/wp\/v2\/types\/post"}],"author":[{"embeddable":true,"href":"http:\/\/hoycordobaweb.com\/index.php\/wp-json\/wp\/v2\/users\/1"}],"replies":[{"embeddable":true,"href":"http:\/\/hoycordobaweb.com\/index.php\/wp-json\/wp\/v2\/comments?post=81470"}],"version-history":[{"count":0,"href":"http:\/\/hoycordobaweb.com\/index.php\/wp-json\/wp\/v2\/posts\/81470\/revisions"}],"wp:featuredmedia":[{"embeddable":true,"href":"http:\/\/hoycordobaweb.com\/index.php\/wp-json\/wp\/v2\/media\/81471"}],"wp:attachment":[{"href":"http:\/\/hoycordobaweb.com\/index.php\/wp-json\/wp\/v2\/media?parent=81470"}],"wp:term":[{"taxonomy":"category","embeddable":true,"href":"http:\/\/hoycordobaweb.com\/index.php\/wp-json\/wp\/v2\/categories?post=81470"},{"taxonomy":"post_tag","embeddable":true,"href":"http:\/\/hoycordobaweb.com\/index.php\/wp-json\/wp\/v2\/tags?post=81470"}],"curies":[{"name":"wp","href":"https:\/\/api.w.org\/{rel}","templated":true}]}}