{"id":81430,"date":"2024-08-09T00:51:44","date_gmt":"2024-08-09T00:51:44","guid":{"rendered":"https:\/\/www.ole.com.ar\/river-plate\/posible-11-gallardo-debut-river_0_GJZ2zGEb5X.html"},"modified":"2024-08-09T00:51:44","modified_gmt":"2024-08-09T00:51:44","slug":"el-posible-11-de-gallardo-para-su-debut-en-river","status":"publish","type":"post","link":"http:\/\/hoycordobaweb.com\/index.php\/2024\/08\/09\/el-posible-11-de-gallardo-para-su-debut-en-river\/","title":{"rendered":"El posible 11 de Gallardo para su debut en River"},"content":{"rendered":"<p><img src=\"http:\/\/hoycordobaweb.com\/wp-content\/uploads\/2024\/08\/el-posible-11-de-gallardo-para-su-debut-en-river.jpg\"><\/p>\n<p><time class=\"createDate\" datetime=\"2024-08-08T21:51:44-03:00\">08\/08\/2024 21:51hs.<\/time><\/p>\n<div id=\"storyBody\">\n<div class=\"custom-text \" readability=\"37.281862745098\">\n<p><a href=\"https:\/\/www.ole.com.ar\/tema\/marcelo-gallardo.html\" title=\"Marcelo Gallardo\" alt=\"Marcelo Gallardo\" class=\"slug\">Marcelo Gallardo<\/a> ya se prepara para su debut con <a href=\"https:\/\/www.ole.com.ar\/tema\/river-plate.html\" title=\"River Plate\" alt=\"River Plate\" class=\"slug\">River<\/a> en el Monumental, que tendr\u00e1 lugar el pr\u00f3ximo s\u00e1bado 10 de agosto frente al puntero Hurac\u00e1n, por la 10\u00b0 fecha de la <a href=\"https:\/\/www.ole.com.ar\/tema\/liga-profesional.html\" title=\"Liga Profesional\" alt=\"Liga Profesional\" class=\"slug\">Liga Profesional<\/a>. Desde su asunci\u00f3n el lunes hasta este momento, <strong>el DT trabaj\u00f3 a contratiempo para definir, en un pu\u00f1ado de d\u00edas, el 11 que recibir\u00e1 al Globo, invicto en el certamen.<\/strong> Y ya dej\u00f3 ver cu\u00e1les fueron sus ajustes&#8230;<\/p>\n<\/div>\n<div class=\"custom-text \" readability=\"37\">\n<p>Es que el Mu\u00f1eco comenz\u00f3 a moldear un equipo que <strong>modificar\u00eda su horma t\u00e1ctica en relaci\u00f3n al que ven\u00eda jugando con Mart\u00edn Demichelis (4-3-2-1) <\/strong>y tambi\u00e9n algunos int\u00e9rpretes. No s\u00f3lo por lesi\u00f3n (sin Miguel \u00c1ngel Borja, jugar\u00e1 Adam Bareiro), sino tambi\u00e9n para garantizar el equilibrio deseado.<\/p>\n<\/div>\n<div class=\"custom-text \" readability=\"40\">\n<p>En esa l\u00ednea, <strong>Gallardo piensa un 11 con un doble t\u00e1ndem desequilibrante (conformado por Franco Mastantuono y Claudio el Diablito Echeverri), <\/strong>que sea compensado por una l\u00ednea de tres volantes m\u00e1s pasadores (Rodrigo Aliendro y Manuel Lanzini como internos) m\u00e1s Rodrigo Villagra o Mat\u00edas Kranevitter como #5. Atr\u00e1s, adem\u00e1s, <strong>tiene muchas chances de hacer su debut Germ\u00e1n Pezzella, quien firm\u00f3 tambi\u00e9n el lunes con el Millo.<\/strong><\/p>\n<\/div>\n<div class=\"custom-text \" readability=\"39\">\n<p>As\u00ed, el 11 de Gallardo ante Hurac\u00e1n se perfila de la siguiente manera: Franco Armani; Milton Casco, Pezzella, Paulo D\u00edaz y Enzo D\u00edaz; Villagra\/Kranevitter, Aliendro, Mastantuono y Lanzini; Bareiro y Echeverri.<\/p>\n<\/div>\n<p><h2><strong>Hora, TV y \u00e1rbitros para el duelo entre River y Hurac\u00e1n por la 10\u00b0 fecha de la Liga Profesional<\/strong><\/h2>\n<\/p>\n<div class=\"custom-text \" readability=\"39\">\n<p>El duelo entre el Millonario y el Globo se disputar\u00e1 el pr\u00f3ximo s\u00e1bado 10 de agosto a las 20:30hs, en el estadio Monumental. El encuentro corresponde a la d\u00e9cima fecha de la LPF que actualmente lo tiene al equipo de Parque Patricios <strong>como \u00fanico puntero, con 19 unidades, cinco m\u00e1s que el CARP, que marcha 11\u00b0 con 14.<\/strong><\/p>\n<\/div>\n<div class=\"custom-text \" readability=\"36\">\n<p>El partido se podr\u00e1 ver en vivo<strong> a trav\u00e9s de la se\u00f1al de ESPN Premium<\/strong> y mediante la plataforma de streaming Disney+. Adem\u00e1s, vas a poder seguir todo lo que ocurra minuto a minuto a trav\u00e9s de la web de Ol\u00e9, como siempre.<\/p>\n<\/div>\n<p><h2><strong>Los n\u00fameros de Marcelo Gallardo en su primer ciclo en River<\/strong><\/h2>\n<\/p>\n<div class=\"custom-text \">\n<ul>\n<li><strong>Partidos dirigidos:<\/strong> 424<\/li>\n<li><strong>Primer partido: <\/strong>0-0 vs. Ferro por Copa Argentina, el 27 de julio de 2014.<\/li>\n<li><strong>\u00daltimo partido:<\/strong> 2-1 vs. Racing por Liga Profesional, el 23 de octubre de 2022.<\/li>\n<li><strong>Victorias:<\/strong> 228.<\/li>\n<li><strong>Empates: <\/strong>111.<\/li>\n<li><strong>Derrotas:<\/strong> 85.<\/li>\n<li><strong>Goles a favor: <\/strong>756<\/li>\n<li><strong>Goles en contra:<\/strong> 366<\/li>\n<li><strong>T\u00edtulos: <\/strong>14 (Sudamericana 2014, Recopa 2015, Libertadores 2015, Suruga Bank 2015, Recopa 2016, Copa Argentina 2016, Copa Argentina 2017, Supercopa Argentina 2018, Libertadores 2018, Recopa 2019, Copa Argentina 2019, Supercopa Argentina 2021, Liga Profesional 2021, Trofeo de Campeones 2021).<\/li>\n<li><strong>Jugadores utilizados: <\/strong>122<\/li>\n<li><strong>Goleador de la era:<\/strong> Rafael Santos Borr\u00e9 (55 goles).<\/li>\n<li><strong>Jugador con m\u00e1s presencias:<\/strong> Milton Casco (231 partidos).<\/li>\n<li><strong>Capitan\u00eda: <\/strong>Leo Ponzio, con 122 partidos, fue el que m\u00e1s veces se puso la cinta.Cl\u00e1sicos contra Boca: 26 partidos, ocho victorias, 11 empates y siete derrotas. Gan\u00f3 cinco mano a mano consecutivos. Dos t\u00edtulos.<\/li>\n<\/ul>\n<\/div>\n<div class=\"sc-e7b891c4-0 jPbnQF\"><img alt=\"Marcelo Gallardo, en su presentaci\u00f3n como nuevo DT de River. (Foto: EFE\/ Juan Ignacio Roncoroni)\" src=\"http:\/\/hoycordobaweb.com\/wp-content\/uploads\/2024\/08\/el-posible-11-de-gallardo-para-su-debut-en-river-2.jpg\" width=\"720\" height=\"100\" decoding=\"async\" data-nimg=\"future\" loading=\"lazy\"><span class=\"epigraphe\">Marcelo Gallardo, en su presentaci\u00f3n como nuevo DT de River. (Foto: EFE\/ Juan Ignacio Roncoroni)<\/span><\/div>\n<p><h2><strong>Los pr\u00f3ximos partidos de River en agosto<\/strong><\/h2>\n<\/p>\n<div class=\"custom-text \" readability=\"32\">\n<p>-Ida de octavos de la Libertadores<\/p>\n<\/div>\n<div class=\"custom-text \" readability=\"34\">\n<p>Mi\u00e9rcoles 14, a las 21:30, vs. Talleres (V)<\/p>\n<\/div>\n<div class=\"custom-text \" readability=\"32\">\n<p>-Fecha 11 de la Liga Profesional<\/p>\n<\/div>\n<div class=\"custom-text \" readability=\"34\">\n<p>S\u00e1bado 17, desde las 17:30, vs. Gimnasia (V)<\/p>\n<\/div>\n<div class=\"custom-text \" readability=\"32\">\n<p>-Vuelta de octavos de la Libertadores<\/p>\n<\/div>\n<div class=\"custom-text \" readability=\"34\">\n<p>Mi\u00e9rcoles 21, desde las 21:30, vs. Talleres (L)<\/p>\n<\/div>\n<div class=\"custom-text \" readability=\"32\">\n<p>-Fecha 12 de la Liga Profesional<\/p>\n<\/div>\n<div class=\"custom-text \" readability=\"34\">\n<p>Domingo 25, desde las 20:30, vs. Newell&#8217;s (L)<\/p>\n<\/div>\n<div class=\"sc-a7166897-0 exHLBh\" readability=\"6.5\">\n<section readability=\"3\"><picture><img alt=\"Pezzella: &quot;Encontr\u00e9 a un Gallardo con el mismo hambre de gloria y es eso lo que vengo a buscar&quot;\" src=\"http:\/\/hoycordobaweb.com\/wp-content\/uploads\/2024\/08\/el-posible-11-de-gallardo-para-su-debut-en-river-3.jpg\" width=\"290\" height=\"290\" decoding=\"async\" data-nimg=\"future\" loading=\"lazy\"><\/picture>\n<p><span>Mir\u00e1 tambi\u00e9n<\/span><\/p>\n<hr>\n<h3>Pezzella: \u00abEncontr\u00e9 a un Gallardo con el mismo hambre de gloria y es eso lo que vengo a buscar\u00bb<\/h3>\n<\/p>\n<\/section>\n<\/div>\n<div class=\"sc-a7166897-0 exHLBh\" readability=\"6\">\n<section readability=\"2\"><picture><img alt=\"River anunci\u00f3 cu\u00e1ndo saldr\u00e1n a la venta las entradas para la ida contra Talleres\" src=\"http:\/\/hoycordobaweb.com\/wp-content\/uploads\/2024\/08\/el-posible-11-de-gallardo-para-su-debut-en-river-4.jpg\" width=\"290\" height=\"290\" decoding=\"async\" data-nimg=\"future\" loading=\"lazy\"><\/picture>\n<p><span>Mir\u00e1 tambi\u00e9n<\/span><\/p>\n<hr>\n<h3>River anunci\u00f3 cu\u00e1ndo saldr\u00e1n a la venta las entradas para la ida contra Talleres<\/h3>\n<\/p>\n<\/section>\n<\/div>\n<div class=\"sc-a7166897-0 exHLBh\" readability=\"6.5\">\n<section readability=\"3\"><picture><img alt=\"Tensi\u00f3n: Ram\u00f3n Sosa se planta, se quiere ir y no juega contra River\" src=\"http:\/\/hoycordobaweb.com\/wp-content\/uploads\/2024\/08\/el-posible-11-de-gallardo-para-su-debut-en-river-5.jpg\" width=\"290\" height=\"290\" decoding=\"async\" data-nimg=\"future\" loading=\"lazy\"><\/picture>\n<p><span>Mir\u00e1 tambi\u00e9n<\/span><\/p>\n<hr>\n<h3>Tensi\u00f3n: Ram\u00f3n Sosa se planta, se quiere ir y no juega contra River<\/h3>\n<\/p>\n<\/section>\n<\/div>\n<\/div>\n","protected":false},"excerpt":{"rendered":"<p>08\/08\/2024 21:51hs. Marcelo Gallardo ya se prepara para su debut con River en el Monumental, que tendr\u00e1 lugar el pr\u00f3ximo s\u00e1bado 10 de agosto frente al puntero Hurac\u00e1n, por la 10\u00b0 fecha de la Liga Profesional. Desde su asunci\u00f3n el lunes hasta este momento, el DT trabaj\u00f3 a contratiempo para definir, en un pu\u00f1ado de [&hellip;]<\/p>\n","protected":false},"author":1,"featured_media":81431,"comment_status":"open","ping_status":"closed","sticky":false,"template":"","format":"standard","meta":[],"categories":[16],"tags":[],"_links":{"self":[{"href":"http:\/\/hoycordobaweb.com\/index.php\/wp-json\/wp\/v2\/posts\/81430"}],"collection":[{"href":"http:\/\/hoycordobaweb.com\/index.php\/wp-json\/wp\/v2\/posts"}],"about":[{"href":"http:\/\/hoycordobaweb.com\/index.php\/wp-json\/wp\/v2\/types\/post"}],"author":[{"embeddable":true,"href":"http:\/\/hoycordobaweb.com\/index.php\/wp-json\/wp\/v2\/users\/1"}],"replies":[{"embeddable":true,"href":"http:\/\/hoycordobaweb.com\/index.php\/wp-json\/wp\/v2\/comments?post=81430"}],"version-history":[{"count":0,"href":"http:\/\/hoycordobaweb.com\/index.php\/wp-json\/wp\/v2\/posts\/81430\/revisions"}],"wp:featuredmedia":[{"embeddable":true,"href":"http:\/\/hoycordobaweb.com\/index.php\/wp-json\/wp\/v2\/media\/81431"}],"wp:attachment":[{"href":"http:\/\/hoycordobaweb.com\/index.php\/wp-json\/wp\/v2\/media?parent=81430"}],"wp:term":[{"taxonomy":"category","embeddable":true,"href":"http:\/\/hoycordobaweb.com\/index.php\/wp-json\/wp\/v2\/categories?post=81430"},{"taxonomy":"post_tag","embeddable":true,"href":"http:\/\/hoycordobaweb.com\/index.php\/wp-json\/wp\/v2\/tags?post=81430"}],"curies":[{"name":"wp","href":"https:\/\/api.w.org\/{rel}","templated":true}]}}