{"id":81365,"date":"2024-08-05T12:57:45","date_gmt":"2024-08-05T12:57:45","guid":{"rendered":"https:\/\/cordobaturismo.gov.ar\/?p=891899"},"modified":"2024-08-05T12:57:45","modified_gmt":"2024-08-05T12:57:45","slug":"con-una-verdadera-fiesta-italiana-y-mas-de-3500-personas-despenaderos-cerro-la-tercera-edicion-del-festival-vin-brule","status":"publish","type":"post","link":"http:\/\/hoycordobaweb.com\/index.php\/2024\/08\/05\/con-una-verdadera-fiesta-italiana-y-mas-de-3500-personas-despenaderos-cerro-la-tercera-edicion-del-festival-vin-brule\/","title":{"rendered":"Con una verdadera fiesta italiana y m\u00e1s de 3500 personas, Despe\u00f1aderos cerr\u00f3 la tercera edici\u00f3n del Festival Vin Brul\u00e9.\u00a0\u00a0"},"content":{"rendered":"<p><strong><em>Con buen vino, gastronom\u00eda y m\u00fasica italiana pas\u00f3 la tercera edici\u00f3n de un evento pensado para familias, turistas y vecinos. M\u00e1s de 3500 personas presentes, 75 litros de vino caliente, exhibiciones, stands y una variada grilla de actividades culturales.<\/em><\/strong><\/p>\n<p>Este fin de semana, el atractivo del Valle de Paravachasca fue sin dudas Despe\u00f1aderos que recibi\u00f3 la visita de cientos de turistas y cordobeses de la zona. El motivo fue divertirse, compartir y disfrutar de la maravillosa gastronom\u00eda italiana y la bebida estrella en la tercera edici\u00f3n del <strong>Festival del Vin Brul\u00e9<\/strong>.<\/p>\n<p>Hubo espect\u00e1culos de danzas con el Ballet Municipal Puente del Sol y el conjunto caroyense de danzas italianas Alegrie, m\u00fasica en vivo del grupo The Covertores, la presentaci\u00f3n estelar del d\u00fao l\u00edrico compuesto por Mar\u00eda Mercedes Gonz\u00e1lez Sabattini (soprano) y Lautaro Ra\u00fal Mule (tenor) que se llevaron todos los aplausos, y lo mejor del cancionero italiano de nuestra artista local Julia D\u00edaz.<\/p>\n<p>Las demostraciones culinarias de pizza napolitana, a cargo del maestro Pizzaiolo Cristian Beccacece y de piadinas de La Provisi\u00f3n, dieron un marco excepcional para agasajar las viejas tradiciones gastron\u00f3micas italianas.&nbsp; A las que se sum\u00f3 lo mejor de la pasteler\u00eda de aquel pa\u00eds, con las recetas propuestas por P\u00eda Massa. Tambi\u00e9n hubo s\u00e1ndwiches de cerdo, tabla de fiambres, postres y stands de bebidas.<\/p>\n<p>La tarde cerr\u00f3 con la ya infaltable exhibici\u00f3n de motos Vespa, una concurrida feria de emprendedores y un balance de 75 litros de Vin Brul\u00e9 elaborados por manos expertas de algunas descendientes nacidas en Despe\u00f1aderos.&nbsp;<\/p>\n<p><strong>Vin Brul\u00e9 y esp\u00edritu festivo<\/strong><\/p>\n<p>Como no pod\u00eda ser de otra manera, el Festival del Vin Brul\u00e9 cont\u00f3 con la presencia de un reconocido grupo de sommeliers de la provincia de C\u00f3rdoba, que realiz\u00f3 una cata de vinos a ciegas para quienes se acercaron a vivir la experiencia y tuvo a Matias Ontiveros como Sommelier Embajador.<\/p>\n<p>El Vin Brul\u00e9, o vino caliente, evoca una receta milenaria de la Antigua Roma, cuando sus habitantes se ayudaban a afrontar los d\u00edas m\u00e1s fr\u00edos con esta bebida c\u00e1lida y tonificante.&nbsp;<\/p>\n<p>En su preparaci\u00f3n, el Vin Brul\u00e9 contiene varias f\u00f3rmulas, pero una de las m\u00e1s populares es el vino con gotitas de lim\u00f3n, clavo de olor, dos o tres cucharadas de az\u00facar por litro de vino. Solo hay que hervir la preparaci\u00f3n al fuego, quemando su alcohol para, posteriormente, servir caliente y disfrutar la tradici\u00f3n.<\/p>\n<p>Una propuesta impostergable, con la que los\/as vecinos de Despe\u00f1aderos capturaron el esp\u00edritu heredado de los inmigrantes que siguieron sus costumbres en nuestras tierras y mantuvieron vivas sus tradiciones gastron\u00f3micas y festivas.<\/p>\n<figure class=\"wp-block-gallery has-nested-images columns-default is-cropped wp-block-gallery-1 is-layout-flex wp-block-gallery-is-layout-flex\">\n<figure class=\"wp-block-image size-large\"><img loading=\"lazy\" decoding=\"async\" width=\"1024\" height=\"683\" data-id=\"891905\" src=\"http:\/\/hoycordobaweb.com\/wp-content\/uploads\/2024\/08\/con-una-verdadera-fiesta-italiana-y-mas-de-3500-personas-despenaderos-cerro-la-tercera-edicion-del-festival-vin-brule.jpg\" alt class=\"wp-image-891905\" srcset=\"http:\/\/hoycordobaweb.com\/wp-content\/uploads\/2024\/08\/con-una-verdadera-fiesta-italiana-y-mas-de-3500-personas-despenaderos-cerro-la-tercera-edicion-del-festival-vin-brule.jpg 1024w, http:\/\/hoycordobaweb.com\/wp-content\/uploads\/2024\/08\/con-una-verdadera-fiesta-italiana-y-mas-de-3500-personas-despenaderos-cerro-la-tercera-edicion-del-festival-vin-brule-4.jpg 300w, http:\/\/hoycordobaweb.com\/wp-content\/uploads\/2024\/08\/con-una-verdadera-fiesta-italiana-y-mas-de-3500-personas-despenaderos-cerro-la-tercera-edicion-del-festival-vin-brule-5.jpg 768w, http:\/\/hoycordobaweb.com\/wp-content\/uploads\/2024\/08\/con-una-verdadera-fiesta-italiana-y-mas-de-3500-personas-despenaderos-cerro-la-tercera-edicion-del-festival-vin-brule-6.jpg 1536w, http:\/\/hoycordobaweb.com\/wp-content\/uploads\/2024\/08\/con-una-verdadera-fiesta-italiana-y-mas-de-3500-personas-despenaderos-cerro-la-tercera-edicion-del-festival-vin-brule-7.jpg 2048w\" sizes=\"(max-width: 1024px) 100vw, 1024px\"><\/figure>\n<figure class=\"wp-block-image size-large\"><img loading=\"lazy\" decoding=\"async\" width=\"683\" height=\"1024\" data-id=\"891825\" src=\"http:\/\/hoycordobaweb.com\/wp-content\/uploads\/2024\/08\/con-una-verdadera-fiesta-italiana-y-mas-de-3500-personas-despenaderos-cerro-la-tercera-edicion-del-festival-vin-brule-1.jpg\" alt class=\"wp-image-891825\" srcset=\"http:\/\/hoycordobaweb.com\/wp-content\/uploads\/2024\/08\/con-una-verdadera-fiesta-italiana-y-mas-de-3500-personas-despenaderos-cerro-la-tercera-edicion-del-festival-vin-brule-1.jpg 683w, http:\/\/hoycordobaweb.com\/wp-content\/uploads\/2024\/08\/con-una-verdadera-fiesta-italiana-y-mas-de-3500-personas-despenaderos-cerro-la-tercera-edicion-del-festival-vin-brule-8.jpg 200w, http:\/\/hoycordobaweb.com\/wp-content\/uploads\/2024\/08\/con-una-verdadera-fiesta-italiana-y-mas-de-3500-personas-despenaderos-cerro-la-tercera-edicion-del-festival-vin-brule-9.jpg 768w, http:\/\/hoycordobaweb.com\/wp-content\/uploads\/2024\/08\/con-una-verdadera-fiesta-italiana-y-mas-de-3500-personas-despenaderos-cerro-la-tercera-edicion-del-festival-vin-brule-10.jpg 1024w, http:\/\/hoycordobaweb.com\/wp-content\/uploads\/2024\/08\/con-una-verdadera-fiesta-italiana-y-mas-de-3500-personas-despenaderos-cerro-la-tercera-edicion-del-festival-vin-brule-11.jpg 1200w\" sizes=\"(max-width: 683px) 100vw, 683px\"><\/figure>\n<figure class=\"wp-block-image size-large\"><img loading=\"lazy\" decoding=\"async\" width=\"1024\" height=\"682\" data-id=\"891904\" src=\"http:\/\/hoycordobaweb.com\/wp-content\/uploads\/2024\/08\/con-una-verdadera-fiesta-italiana-y-mas-de-3500-personas-despenaderos-cerro-la-tercera-edicion-del-festival-vin-brule-2.jpg\" alt class=\"wp-image-891904\" srcset=\"http:\/\/hoycordobaweb.com\/wp-content\/uploads\/2024\/08\/con-una-verdadera-fiesta-italiana-y-mas-de-3500-personas-despenaderos-cerro-la-tercera-edicion-del-festival-vin-brule-2.jpg 1024w, http:\/\/hoycordobaweb.com\/wp-content\/uploads\/2024\/08\/con-una-verdadera-fiesta-italiana-y-mas-de-3500-personas-despenaderos-cerro-la-tercera-edicion-del-festival-vin-brule-12.jpg 300w, http:\/\/hoycordobaweb.com\/wp-content\/uploads\/2024\/08\/con-una-verdadera-fiesta-italiana-y-mas-de-3500-personas-despenaderos-cerro-la-tercera-edicion-del-festival-vin-brule-13.jpg 768w, http:\/\/hoycordobaweb.com\/wp-content\/uploads\/2024\/08\/con-una-verdadera-fiesta-italiana-y-mas-de-3500-personas-despenaderos-cerro-la-tercera-edicion-del-festival-vin-brule-14.jpg 1536w, http:\/\/hoycordobaweb.com\/wp-content\/uploads\/2024\/08\/con-una-verdadera-fiesta-italiana-y-mas-de-3500-personas-despenaderos-cerro-la-tercera-edicion-del-festival-vin-brule-15.jpg 1600w\" sizes=\"(max-width: 1024px) 100vw, 1024px\"><\/figure>\n<figure class=\"wp-block-image size-large\"><img loading=\"lazy\" decoding=\"async\" width=\"1024\" height=\"683\" data-id=\"891901\" src=\"http:\/\/hoycordobaweb.com\/wp-content\/uploads\/2024\/08\/con-una-verdadera-fiesta-italiana-y-mas-de-3500-personas-despenaderos-cerro-la-tercera-edicion-del-festival-vin-brule-3.jpg\" alt class=\"wp-image-891901\" srcset=\"http:\/\/hoycordobaweb.com\/wp-content\/uploads\/2024\/08\/con-una-verdadera-fiesta-italiana-y-mas-de-3500-personas-despenaderos-cerro-la-tercera-edicion-del-festival-vin-brule-3.jpg 1024w, http:\/\/hoycordobaweb.com\/wp-content\/uploads\/2024\/08\/con-una-verdadera-fiesta-italiana-y-mas-de-3500-personas-despenaderos-cerro-la-tercera-edicion-del-festival-vin-brule-16.jpg 300w, http:\/\/hoycordobaweb.com\/wp-content\/uploads\/2024\/08\/con-una-verdadera-fiesta-italiana-y-mas-de-3500-personas-despenaderos-cerro-la-tercera-edicion-del-festival-vin-brule-17.jpg 768w, http:\/\/hoycordobaweb.com\/wp-content\/uploads\/2024\/08\/con-una-verdadera-fiesta-italiana-y-mas-de-3500-personas-despenaderos-cerro-la-tercera-edicion-del-festival-vin-brule-18.jpg 1536w, http:\/\/hoycordobaweb.com\/wp-content\/uploads\/2024\/08\/con-una-verdadera-fiesta-italiana-y-mas-de-3500-personas-despenaderos-cerro-la-tercera-edicion-del-festival-vin-brule-19.jpg 2048w\" sizes=\"(max-width: 1024px) 100vw, 1024px\"><\/figure>\n<\/figure>\n","protected":false},"excerpt":{"rendered":"<p>Con buen vino, gastronom\u00eda y m\u00fasica italiana pas\u00f3 la tercera edici\u00f3n de un evento pensado para familias, turistas y vecinos. M\u00e1s de 3500 personas presentes, 75 litros de vino caliente, exhibiciones, stands y una variada grilla de actividades culturales. Este fin de semana, el atractivo del Valle de Paravachasca fue sin dudas Despe\u00f1aderos que recibi\u00f3 [&hellip;]<\/p>\n","protected":false},"author":1,"featured_media":81366,"comment_status":"closed","ping_status":"closed","sticky":false,"template":"","format":"standard","meta":[],"categories":[19],"tags":[],"_links":{"self":[{"href":"http:\/\/hoycordobaweb.com\/index.php\/wp-json\/wp\/v2\/posts\/81365"}],"collection":[{"href":"http:\/\/hoycordobaweb.com\/index.php\/wp-json\/wp\/v2\/posts"}],"about":[{"href":"http:\/\/hoycordobaweb.com\/index.php\/wp-json\/wp\/v2\/types\/post"}],"author":[{"embeddable":true,"href":"http:\/\/hoycordobaweb.com\/index.php\/wp-json\/wp\/v2\/users\/1"}],"replies":[{"embeddable":true,"href":"http:\/\/hoycordobaweb.com\/index.php\/wp-json\/wp\/v2\/comments?post=81365"}],"version-history":[{"count":0,"href":"http:\/\/hoycordobaweb.com\/index.php\/wp-json\/wp\/v2\/posts\/81365\/revisions"}],"wp:featuredmedia":[{"embeddable":true,"href":"http:\/\/hoycordobaweb.com\/index.php\/wp-json\/wp\/v2\/media\/81366"}],"wp:attachment":[{"href":"http:\/\/hoycordobaweb.com\/index.php\/wp-json\/wp\/v2\/media?parent=81365"}],"wp:term":[{"taxonomy":"category","embeddable":true,"href":"http:\/\/hoycordobaweb.com\/index.php\/wp-json\/wp\/v2\/categories?post=81365"},{"taxonomy":"post_tag","embeddable":true,"href":"http:\/\/hoycordobaweb.com\/index.php\/wp-json\/wp\/v2\/tags?post=81365"}],"curies":[{"name":"wp","href":"https:\/\/api.w.org\/{rel}","templated":true}]}}