{"id":81348,"date":"2024-08-08T05:23:00","date_gmt":"2024-08-08T05:23:00","guid":{"rendered":"https:\/\/www.mujerhoy.com\/moda\/no-te-pierdas\/charlene-monaco-princesa-lujo-silencioso-elegante-pantalones-20240808072016-nt.html"},"modified":"2024-08-08T05:23:00","modified_gmt":"2024-08-08T05:23:00","slug":"asi-reinterpreta-charlene-de-monaco-el-lujo-silencioso-glamour-monegasco-y-el-pantalon-como-prenda-estrella","status":"publish","type":"post","link":"http:\/\/hoycordobaweb.com\/index.php\/2024\/08\/08\/asi-reinterpreta-charlene-de-monaco-el-lujo-silencioso-glamour-monegasco-y-el-pantalon-como-prenda-estrella\/","title":{"rendered":"As\u00ed reinterpreta Charl\u00e8ne de M\u00f3naco el lujo silencioso: glamour monegasco y el pantal\u00f3n como prenda estrella"},"content":{"rendered":"<p><!-- AUTHOR --> <\/p>\n<div class=\"voc-author-timesocial \"> <!-- AUTHOR --> <\/p>\n<div class=\"voc-author-timesocial__signature \">\n<div class=\"voc-author-timesocial__img-c\"> <!-- IMAGE AUTHOR --> <picture class=\"voc-image-signature\"> <img class=\"voc-image-signature__img\" src=\"http:\/\/hoycordobaweb.com\/wp-content\/uploads\/2024\/08\/asi-reinterpreta-charlene-de-monaco-el-lujo-silencioso-glamour-monegasco-y-el-pantalon-como-prenda-estrella.png\" alt=\"Lidia A. Costa\"> <\/picture> <\/div>\n<p> <!-- INFO AUTHOR --> <\/div><\/div>\n<p> <!-- COMPONENTS --> <\/p>\n<p class=\"voc-paragraph\">La princesa consorte de M\u00f3naco, la exnadadora profesional de origen sudafricano <a data-voc-vtm-id=\"in-text-traffic\" href=\"https:\/\/www.mujerhoy.com\/temas\/personajes\/charlene-wittstock.html\">Charlene Wittstock<\/a>, es una mujer de gran elegancia y presencia imponente. Su f\u00edsico atl\u00e9tico y gran altura hacen que destaque sobre el resto de damas de la familia Grimaldi. <\/p>\n<p class=\"voc-paragraph\">La esposa de Alberto de M\u00f3naco se ha adaptado bien a los mandatos est\u00e9ticos de una mujer de su rango, y m\u00e1s en un lugar como <strong>el peque\u00f1o y glamouroso principado<\/strong>. Sus looks podr\u00e1n gustar m\u00e1s o menos, pero siempre son adecuados a la situaci\u00f3n.\n<\/p>\n<p class=\"voc-paragraph\">En las cenas de gala adopta estilismos muy sofisticados y <a data-voc-vtm-id=\"in-text-traffic\" href=\"https:\/\/www.mujerhoy.com\/moda\/tendencias\/accesorios-metalizados-2000-pasarela-streetstyle-tendencia-20240129140826-nt.html\">con profusi\u00f3n de brillos metalizados<\/a>. Y en los eventos m\u00e1s informales prefiere el combo de chaqueta y pantal\u00f3n en diferentes versiones. En invierno apuesta, adem\u00e1s, por los abrigos estructurados y de factura perfecta. <\/p>\n<p><h3 class=\"voc-detail__title\"> Charlene de M\u00f3naco, estilo impecable<br \/>\n<\/h3>\n<\/p>\n<p class=\"voc-paragraph\">Nacida el 25 de enero de 1978 en la antigua Rodesia, actual Zimbaue, y criada en Sud\u00e1frica, esta exnadadora profesional sigue siendo un gran enigma dentro de la familia Grimaldi. <a data-voc-vtm-id=\"in-text-traffic\" href=\"https:\/\/www.mujerhoy.com\/celebrities\/realeza\/charlene-monaco-arrepentida-boda-alberto-fuga-maldicion-grimaldi-20240701064513-nt.html\">Casada con el pr\u00edncipe Alberto de M\u00f3naco desde 2011<\/a>, con quien tiene a los mellizos Jacques, el heredero y Gabriella, desde el primer momento ha sido una importante apuesta fashion dentro de la familia de su marido. <\/p>\n<div class=\"voc-detail-photo-zoom\"> <picture data-toggle=\"modal\" data-target=\"#photoZoomModal-764\" target=\"modal\">\n<div class=\"voc-img-icon-link\"> <img loading=\"lazy\" src=\"http:\/\/hoycordobaweb.com\/wp-content\/uploads\/2024\/08\/asi-reinterpreta-charlene-de-monaco-el-lujo-silencioso-glamour-monegasco-y-el-pantalon-como-prenda-estrella.webp\" width=\"650\" height=\"900\" alt=\"Charlene de M\u00f3naco con blazer azul marina y pantalones blancos. \/ GTRES\"> <noscript> <img src=\"http:\/\/hoycordobaweb.com\/wp-content\/uploads\/2024\/08\/asi-reinterpreta-charlene-de-monaco-el-lujo-silencioso-glamour-monegasco-y-el-pantalon-como-prenda-estrella.webp\" alt=\"Charlene de M\u00f3naco con blazer azul marina y pantalones blancos. \/ GTRES\"> <\/noscript> <i class=\"voc-icons zoom voc-multimedia-box voc-ico-l\"><\/i> <\/div><figcaption class=\"figure-caption\">Charlene de M\u00f3naco con blazer azul marina y pantalones blancos. \/ GTRES<\/figcaption><\/picture>\n<\/div>\n<div id=\"photoZoomModal-764\" class=\"voc-lightbox modal fade voc-lightbox--photo-zoom\" role=\"dialog\" data-voc-photozoom-lightbox>\n<div class=\"voc-lightbox__dialog\" role=\"document\">\n<div class=\"voc-lightbox__content\"> <!-- Modal header --> <!-- Modal content --> <\/p>\n<div class=\"voc-lightbox__photo-container\"> <picture class> <img loading=\"lazy\" src=\"http:\/\/hoycordobaweb.com\/wp-content\/uploads\/2024\/08\/asi-reinterpreta-charlene-de-monaco-el-lujo-silencioso-glamour-monegasco-y-el-pantalon-como-prenda-estrella.webp\" alt=\"Charlene de M\u00f3naco con blazer azul marina y pantalones blancos. \/ GTRES\"> <noscript> <img src=\"http:\/\/hoycordobaweb.com\/wp-content\/uploads\/2024\/08\/asi-reinterpreta-charlene-de-monaco-el-lujo-silencioso-glamour-monegasco-y-el-pantalon-como-prenda-estrella.webp\" alt=\"Charlene de M\u00f3naco con blazer azul marina y pantalones blancos. \/ GTRES\"> <\/noscript> <\/picture> <\/div><\/div><\/div>\n<\/div>\n<p class=\"voc-paragraph\">Es cierto que su cu\u00f1ada Carolina, as\u00ed como las sobrinas de su marido \u2013con <a data-voc-vtm-id=\"in-text-traffic\" href=\"https:\/\/www.mujerhoy.com\/temas\/personajes\/carlota-de-monaco.html\">Carlota de M\u00f3naco<\/a> a la cabeza\u2013 y las cu\u00f1adas de esta, Tatiana Santo Domingo y Beatrice Borromeo, son mujeres de un estilazo incuestionables. Y gracias a su alianzas con maisons de lujo como Chanel y Dior sus looks son siempre una maravilla. Incluso si van en vaqueros.\n<\/p>\n<p class=\"voc-paragraph\">Pero los gustos de Charlene de M\u00f3naco, aun siendo muy diferentes a los de las otras damas de la familia, tambi\u00e9n son dignos de tenerse en cuenta. Siente especial predilecci\u00f3n por los pantalones, ya sean combinados con chaquetas y americanas, o en versi\u00f3n mono. <strong>Y no suele renunciar a la comodidad<\/strong> por nada del mundo. Eso s\u00ed, cuando se trata de looks de noche o de gala, no escatima en sofisticaci\u00f3n luciendo brillos metalizados, vol\u00famenes y detalles de glamour que son una fantas\u00eda. <\/p>\n<div class=\"voc-detail__cmp\">\n<div class=\"voc-article-container\">\n<article class=\"voc-article voc-article--cmp-photo-text\" readability=\"35.5\">\n<div class=\"voc-img-container\" readability=\"26\"> <picture>\n<div class=\"voc-horizontal voc-img-icon-link\"> <img loading=\"lazy\" src=\"http:\/\/hoycordobaweb.com\/wp-content\/uploads\/2024\/08\/asi-reinterpreta-charlene-de-monaco-el-lujo-silencioso-glamour-monegasco-y-el-pantalon-como-prenda-estrella-1.webp\" alt=\"Blusa Bruna, en algod\u00f3n y lino a rayas, de CULTO1150 (149 \u20ac). Pendientes Port, con ba\u00f1o de oro, de SINGULARU (29, 99 \u20ac). Camisa con volante en el bajo, de SANDRO (195 \u20ac). Pantal\u00f3n con bolsillos frontales, de LA REDOUTE COLLECTIONS (32, 49 \u20ac). Zapato Phoebe en rejilla, de MASCAR\u00d3 (134, 50 \u20ac). Bolso bandolera en piel, de HEREU (109, 55 \u20ac). Zapato destalonado, con tac\u00f3n cuadrado, de MAJE (177 \u20ac). Pantal\u00f3n con botones frontales, de INDI &amp; COLD (C.P.V.). Blazer de lino cruzada, de SIMORRA (178 \u20ac). \" width=\"624\" height=\"624\"> <\/div>\n<\/picture>\n<p class=\"figure-caption \"> Blusa Bruna, en algod\u00f3n y lino a rayas, de CULTO1150 (149 \u20ac). Pendientes Port, con ba\u00f1o de oro, de SINGULARU (29, 99 \u20ac). Camisa con volante en el bajo, de SANDRO (195 \u20ac). Pantal\u00f3n con bolsillos frontales, de LA REDOUTE COLLECTIONS (32, 49 \u20ac). Zapato Phoebe en rejilla, de MASCAR\u00d3 (134, 50 \u20ac). Bolso bandolera en piel, de HEREU (109, 55 \u20ac). Zapato destalonado, con tac\u00f3n cuadrado, de MAJE (177 \u20ac). Pantal\u00f3n con botones frontales, de INDI &amp; COLD (C.P.V.). Blazer de lino cruzada, de SIMORRA (178 \u20ac). \/ <span class=\"voc-photo-author\"> MUJERHOY <\/span> <\/p>\n<\/p><\/div>\n<\/article><\/div>\n<\/div>\n<p class=\"voc-paragraph\">Es consciente de que <strong>su punto fuerte a nivel f\u00edsico es el escote<\/strong>. Sus a\u00f1os de pr\u00e1ctica deportiva, especialmente de la nataci\u00f3n, han hecho que esta parte de su silueta resulte muy atractiva. Por eso opta con frecuencia por los escotes asim\u00e9tricos o strapless para darle protagonismo a esta zona de su imponente anatom\u00eda. <\/p>\n<p><h3 class=\"voc-detail__title\"> Charlene, princesa del lujo silencioso en M\u00f3naco<br \/>\n<\/h3>\n<\/p>\n<p class=\"voc-paragraph\">La esposa de Alberto de M\u00f3naco destac\u00f3 a nivel estil\u00edstico desde el mismo d\u00eda de su boda religiosa, celebrada el 2 de junio de 2011 y en la que luci\u00f3 un <strong>maravilloso dise\u00f1o de Giorgio Armani con escote Bardot<\/strong>, perfecto para destacar su bonito escote y estilizar a\u00fan m\u00e1s su esbelta figura. De l\u00edneas sencillas y minimalistas, este vestido estaba decorado por m\u00e1s de 40.000 cristales Swarovski, lo que lo convirti\u00f3 en una verdadera joya a la altura de cualquier otro look nupcial royal. En su boda civil, celebrada el d\u00eda anterior, opt\u00f3 por un outfit tambi\u00e9n ideal formado por americana y top lencero con pantal\u00f3n muy ancho a juego, de la exquisita firma suiza Akris. <\/p>\n<div class=\"voc-detail-photo-zoom\"> <picture data-toggle=\"modal\" data-target=\"#photoZoomModal-135\" target=\"modal\">\n<div class=\"voc-img-icon-link\"> <img loading=\"lazy\" src=\"http:\/\/hoycordobaweb.com\/wp-content\/uploads\/2024\/08\/asi-reinterpreta-charlene-de-monaco-el-lujo-silencioso-glamour-monegasco-y-el-pantalon-como-prenda-estrella-2.webp\" width=\"650\" height=\"900\" alt=\"Charlene de M\u00f3naco con un mono metalizado en el Baile de la Rosa. \/ GTRES\"> <noscript> <img src=\"http:\/\/hoycordobaweb.com\/wp-content\/uploads\/2024\/08\/asi-reinterpreta-charlene-de-monaco-el-lujo-silencioso-glamour-monegasco-y-el-pantalon-como-prenda-estrella-2.webp\" alt=\"Charlene de M\u00f3naco con un mono metalizado en el Baile de la Rosa. \/ GTRES\"> <\/noscript> <i class=\"voc-icons zoom voc-multimedia-box voc-ico-l\"><\/i> <\/div><figcaption class=\"figure-caption\">Charlene de M\u00f3naco con un mono metalizado en el Baile de la Rosa. \/ GTRES<\/figcaption><\/picture>\n<\/div>\n<div id=\"photoZoomModal-135\" class=\"voc-lightbox modal fade voc-lightbox--photo-zoom\" role=\"dialog\" data-voc-photozoom-lightbox>\n<div class=\"voc-lightbox__dialog\" role=\"document\">\n<div class=\"voc-lightbox__content\"> <!-- Modal header --> <!-- Modal content --> <\/p>\n<div class=\"voc-lightbox__photo-container\"> <picture class> <img loading=\"lazy\" src=\"http:\/\/hoycordobaweb.com\/wp-content\/uploads\/2024\/08\/asi-reinterpreta-charlene-de-monaco-el-lujo-silencioso-glamour-monegasco-y-el-pantalon-como-prenda-estrella-2.webp\" alt=\"Charlene de M\u00f3naco con un mono metalizado en el Baile de la Rosa. \/ GTRES\"> <noscript> <img src=\"http:\/\/hoycordobaweb.com\/wp-content\/uploads\/2024\/08\/asi-reinterpreta-charlene-de-monaco-el-lujo-silencioso-glamour-monegasco-y-el-pantalon-como-prenda-estrella-2.webp\" alt=\"Charlene de M\u00f3naco con un mono metalizado en el Baile de la Rosa. \/ GTRES\"> <\/noscript> <\/picture> <\/div><\/div><\/div>\n<\/div>\n<p class=\"voc-paragraph\">Pero la princesa consorte se ha convertido con el tiempo en una <strong>\u00e1vida consumidora de las firmas de lujo<\/strong>, incluidas sus propuestas de alta costura, m\u00e1s conocidas a nivel internacional. Lo que ocurre es que lo luce en clave \u00absilenciosa\u00bb, sin apenas logos que las identifique y con piezas de dise\u00f1os elegantes y discretos. Es el caso de Louis Vuitton, a cuyos desfiles incluso ha acudido en alguna ocasi\u00f3n en calidad de VIP. Pero tambi\u00e9n siente fascinaci\u00f3n por casas c\u00e9lebres como la maison Dior, Valentino, Tommy Hilfiger, Ralph Lauren o la firma inglesa Burberry. <\/p>\n<p class=\"voc-paragraph\">En invierno tambi\u00e9n adora las prendas de cashmere de la firma italiana especializada y de superlujo Loro Piana, y los abrigos de factura perfecta de la dise\u00f1adora nacida en Nueva Zelanda pero establecida en Londres <a data-voc-vtm-id=\"in-text-traffic\" href=\"https:\/\/www.mujerhoy.com\/celebrities\/realeza\/201812\/04\/copia-look-navidad-kate-middleton-falda-barata-zara-20181204163842.html\">Emilia Wickstead, favorita de Kate Middleton<\/a>. Y para sus accesorios opta tambi\u00e9n por marcas muy conocidas del mundo del lujo como Prada o Gianvito Rossi, y solo en contadas ocasiones recurres a firmas de su pa\u00eds de origen, Sud\u00e1frica, como la del dise\u00f1ador Terrence Bray. <\/p>\n<div class=\"voc-detail__cmp\">\n<div class=\"voc-article-container\">\n<article class=\"voc-article voc-article--cmp-photo-text\" readability=\"33\">\n<div class=\"voc-img-container\" readability=\"21\"> <picture>\n<div class=\"voc-horizontal voc-img-icon-link\"> <img loading=\"lazy\" src=\"http:\/\/hoycordobaweb.com\/wp-content\/uploads\/2024\/08\/asi-reinterpreta-charlene-de-monaco-el-lujo-silencioso-glamour-monegasco-y-el-pantalon-como-prenda-estrella-3.webp\" alt=\"Vestido con manga larga y cuello cerrado en plata, de KOAHARI (310 \u20ac). Pendientes largos (35, 90 \u20ac) y anillo (29, 90 \u20ac), en acero con cristales, de RADIANT. Vestido plateado con manga corta, de VILA (80 \u20ac). Zapato plateado con broche joya, de BEFREE (79, 95 \u20ac). Bolso plateado con forma de coraz\u00f3n, de MAJE (117 \u20ac). Zapato Ava, en T y metalizado, de MINT &amp; ROSE (154 \u20ac). \" width=\"624\" height=\"624\"> <\/div>\n<\/picture>\n<p class=\"figure-caption \"> Vestido con manga larga y cuello cerrado en plata, de KOAHARI (310 \u20ac). Pendientes largos (35, 90 \u20ac) y anillo (29, 90 \u20ac), en acero con cristales, de RADIANT. Vestido plateado con manga corta, de VILA (80 \u20ac). Zapato plateado con broche joya, de BEFREE (79, 95 \u20ac). Bolso plateado con forma de coraz\u00f3n, de MAJE (117 \u20ac). Zapato Ava, en T y metalizado, de MINT &amp; ROSE (154 \u20ac). \/ <span class=\"voc-photo-author\"> MUJERHOY <\/span> <\/p>\n<\/p><\/div>\n<\/article><\/div>\n<\/div>\n<p class=\"voc-paragraph\">Como ocurre con otras royals, la sudafricana no renuncia tampoco a lucir de vez en cuando estilismos que<br \/>\n<strong> incluyan piezas de Zara, ejemplo del low cost y el fast fashion<\/strong>. Pero su devoci\u00f3n y obsesi\u00f3n por las marcas de moda m\u00e1s exclusivas \u2013es una de las royals que m\u00e1s gastan en vestuario en toda Europa\u2013 se ve trasladada tambi\u00e9n a los estilismos de su hija Gabriella. <\/p>\n<p class=\"voc-paragraph\">La ni\u00f1a, de casi 10 a\u00f1os como su hermano mellizo Jacques, es ya una peque\u00f1a fashionista y luce habitualmente ropa y complementos de marcas de lujo como Dolce &amp; Gabbana, Dior, Chloe, Versace o Burberry. Lujo en versi\u00f3n mini que garantiza desde ya una heredera del glamour y la exclusividad que sumar a las nuevas generaciones de la familia Grimaldi. Y es que<br \/>\n<strong> madre e hija comparten, incluso, estilismo capilar<\/strong>. <\/p>\n<p> <!-- TOPICS --> <\/p>\n","protected":false},"excerpt":{"rendered":"<p>La princesa consorte de M\u00f3naco, la exnadadora profesional de origen sudafricano Charlene Wittstock, es una mujer de gran elegancia y presencia imponente. Su f\u00edsico atl\u00e9tico y gran altura hacen que destaque sobre el resto de damas de la familia Grimaldi. La esposa de Alberto de M\u00f3naco se ha adaptado bien a los mandatos est\u00e9ticos de [&hellip;]<\/p>\n","protected":false},"author":1,"featured_media":81349,"comment_status":"closed","ping_status":"closed","sticky":false,"template":"","format":"standard","meta":[],"categories":[],"tags":[],"_links":{"self":[{"href":"http:\/\/hoycordobaweb.com\/index.php\/wp-json\/wp\/v2\/posts\/81348"}],"collection":[{"href":"http:\/\/hoycordobaweb.com\/index.php\/wp-json\/wp\/v2\/posts"}],"about":[{"href":"http:\/\/hoycordobaweb.com\/index.php\/wp-json\/wp\/v2\/types\/post"}],"author":[{"embeddable":true,"href":"http:\/\/hoycordobaweb.com\/index.php\/wp-json\/wp\/v2\/users\/1"}],"replies":[{"embeddable":true,"href":"http:\/\/hoycordobaweb.com\/index.php\/wp-json\/wp\/v2\/comments?post=81348"}],"version-history":[{"count":0,"href":"http:\/\/hoycordobaweb.com\/index.php\/wp-json\/wp\/v2\/posts\/81348\/revisions"}],"wp:featuredmedia":[{"embeddable":true,"href":"http:\/\/hoycordobaweb.com\/index.php\/wp-json\/wp\/v2\/media\/81349"}],"wp:attachment":[{"href":"http:\/\/hoycordobaweb.com\/index.php\/wp-json\/wp\/v2\/media?parent=81348"}],"wp:term":[{"taxonomy":"category","embeddable":true,"href":"http:\/\/hoycordobaweb.com\/index.php\/wp-json\/wp\/v2\/categories?post=81348"},{"taxonomy":"post_tag","embeddable":true,"href":"http:\/\/hoycordobaweb.com\/index.php\/wp-json\/wp\/v2\/tags?post=81348"}],"curies":[{"name":"wp","href":"https:\/\/api.w.org\/{rel}","templated":true}]}}