{"id":81342,"date":"2024-08-07T01:16:22","date_gmt":"2024-08-07T01:16:22","guid":{"rendered":"https:\/\/www.ole.com.ar\/futbol-internacional\/espana\/seleccion-argentina-sub-23-giuliano-simeone-atletico-madrid_0_Zh9MEsQiCC.html"},"modified":"2024-08-07T01:16:22","modified_gmt":"2024-08-07T01:16:22","slug":"el-destacado-nuevo-destino-de-giuliano-simeone","status":"publish","type":"post","link":"http:\/\/hoycordobaweb.com\/index.php\/2024\/08\/07\/el-destacado-nuevo-destino-de-giuliano-simeone\/","title":{"rendered":"El destacado nuevo destino de Giuliano Simeone"},"content":{"rendered":"<p><img src=\"http:\/\/hoycordobaweb.com\/wp-content\/uploads\/2024\/08\/el-destacado-nuevo-destino-de-giuliano-simeone.jpg\"><\/p>\n<p><time class=\"createDate\" datetime=\"2024-08-06T22:16:22-03:00\">06\/08\/2024 22:16hs.<\/time><\/p>\n<div id=\"storyBody\">\n<div class=\"custom-text \" readability=\"31.934782608696\">\n<p>Sus \u00faltimos tiempos estuvieron repletos de buenas noticias: tras recuperarse de una grave lesi\u00f3n, <strong><a href=\"https:\/\/www.ole.com.ar\/tema\/giuliano-simeone.html\" title=\"Giuliano Simeone\" alt=\"Giuliano Simeone\" class=\"slug\">Giuliano Simeone <\/a><\/strong>gan\u00f3 continuidad hasta convertirse en <strong>una pieza importante del Alav\u00e9s durante la temporada pasada<\/strong>, lo que le permiti\u00f3 <strong>ganarse un lugar en la <a href=\"https:\/\/www.ole.com.ar\/tema\/seleccion-argentina.html\" title=\"Selecci\u00f3n Argentina\" alt=\"Selecci\u00f3n Argentina\" class=\"slug\">Selecci\u00f3n Argentina<\/a> <a href=\"https:\/\/www.ole.com.ar\/tema\/seleccion-argentina-sub-23.html\" title=\"Selecci\u00f3n Argentina Sub 23\" alt=\"Selecci\u00f3n Argentina Sub 23\" class=\"slug\">Sub 23<\/a> <\/strong>que particip\u00f3 de los <strong><a href=\"https:\/\/www.ole.com.ar\/tema\/juegos-olimpicos-2024.html\" title=\"Juegos Ol\u00edmpicos 2024\" alt=\"Juegos Ol\u00edmpicos 2024\" class=\"slug\">Juegos Ol\u00edmpicos<\/a><\/strong> y ahora, al terminar su pr\u00e9stamo <strong>se quedar\u00e1 en <a href=\"https:\/\/www.ole.com.ar\/tema\/atletico-madrid.html\" title=\"Atl\u00e9tico Madrid\" alt=\"Atl\u00e9tico Madrid\" class=\"slug\">Atl\u00e9tico Madrid<\/a>, due\u00f1o de su pase.<\/strong><\/p>\n<\/div>\n<div class=\"custom-text \" readability=\"41\">\n<p>El delantero tiene <strong>contrato con el Colchonero hasta 2028<\/strong> y, en un principio, <strong>antes del comienzo del verano del Viejo Continente, todo parec\u00eda indicar que volver\u00eda a ser prestado<\/strong>. El <strong>Alaves<\/strong> ten\u00eda <strong>intenciones de renovar la cesi\u00f3n<\/strong> y, adem\u00e1s, <strong>tambi\u00e9n lo sondearon varios otros clubes de La Liga que quer\u00edan llev\u00e1rselo<\/strong>. Sin embargo, <strong>se mudar\u00e1 pero para volver a instalarse en Madrid&#8230;<\/strong><\/p>\n<\/div>\n<div class=\"sc-e7b891c4-0 jPbnQF\"><img alt=\"Giuliano ya se destac\u00f3 en el equipo filial e incluso entren\u00f3 varias veces con el plantel profesional en el pasado. \" src=\"http:\/\/hoycordobaweb.com\/wp-content\/uploads\/2024\/08\/el-destacado-nuevo-destino-de-giuliano-simeone-2.jpg\" width=\"720\" height=\"100\" decoding=\"async\" data-nimg=\"future\" loading=\"lazy\"><span class=\"epigraphe\">Giuliano ya se destac\u00f3 en el equipo filial e incluso entren\u00f3 varias veces con el plantel profesional en el pasado. <\/span><\/div>\n<div class=\"custom-text \" readability=\"39\">\n<p>Giuliano da <strong>un paso important\u00edsimo y jugar\u00e1 en uno de los clubes top del continente<\/strong>. \u00bfQu\u00e9 cambi\u00f3 para que finalmente se quede en el Aleti? Varias cosas. En primer lugar <strong>el rendimiento que mostr\u00f3 en Par\u00eds 2024<\/strong> (disput\u00f3 los cuatro encuentros -dos como titular- y marc\u00f3 un gol) y, despu\u00e9s, <strong>c\u00f3mo se planifica el armado del plantel <\/strong>que comanda Diego Simeone. Giuliano, su tercer hijo var\u00f3n,<strong> puede aportar varias soluciones por su polifuncionalidad.<\/strong><\/p>\n<\/div>\n<div class=\"custom-text \" readability=\"32.323232323232\">\n<p>De esta manera, el futbolista de 21 a\u00f1os <strong>no solo tendr\u00e1 como entrenador al Cholo, su pap\u00e1<\/strong>; sino que al mismo tiempo <strong>ser\u00e1 compa\u00f1ero de cuatro campeones del mundo<\/strong> en Qatar: <strong><a href=\"https:\/\/www.ole.com.ar\/tema\/rodrigo-de-paul.html\" title=\"Rodrigo De Paul\" alt=\"Rodrigo De Paul\" class=\"slug\">Rodrigo De Paul<\/a><\/strong>,<strong><a href=\"https:\/\/www.ole.com.ar\/tema\/nahuel-molina-lucero.html\" title=\"Nahuel Molina Lucero\" alt=\"Nahuel Molina Lucero\" class=\"slug\"> Nahuel Molina<\/a><\/strong>, <strong><a href=\"https:\/\/www.ole.com.ar\/tema\/angel-correa.html\" title=\"Angel Correa\" alt=\"Angel Correa\" class=\"slug\">\u00c1ngel Correa<\/a><\/strong> y ahora, <strong><a href=\"https:\/\/www.ole.com.ar\/tema\/julian-alvarez.html\" title=\"Juli\u00e1n Alvarez\" alt=\"Juli\u00e1n Alvarez\" class=\"slug\">Juli\u00e1n \u00c1lvarez<\/a><\/strong>, quien recientemente cerr\u00f3 su llegada al equipo.<\/p>\n<\/div>\n<div class=\"sc-a7166897-0 exHLBh\" readability=\"6\">\n<section readability=\"2\"><picture><img alt=\"Se suma Juli\u00e1n: todos los argentinos que dirigi\u00f3 Simeone en el Atl\u00e9tico\" src=\"http:\/\/hoycordobaweb.com\/wp-content\/uploads\/2024\/08\/el-destacado-nuevo-destino-de-giuliano-simeone-3.jpg\" width=\"290\" height=\"290\" decoding=\"async\" data-nimg=\"future\" loading=\"lazy\"><\/picture>\n<p><span>Mir\u00e1 tambi\u00e9n<\/span><\/p>\n<hr>\n<h3>Se suma Juli\u00e1n: todos los argentinos que dirigi\u00f3 Simeone en el Atl\u00e9tico<\/h3>\n<\/p>\n<\/section>\n<\/div>\n<div class=\"sc-a7166897-0 exHLBh\" readability=\"7.5\">\n<section readability=\"5\"><picture><img alt=\"Secuelas de la transici\u00f3n en River: Fonseca, Carboni y otros jugadores, atentos a su futuro\" src=\"http:\/\/hoycordobaweb.com\/wp-content\/uploads\/2024\/08\/el-destacado-nuevo-destino-de-giuliano-simeone-4.jpg\" width=\"290\" height=\"290\" decoding=\"async\" data-nimg=\"future\" loading=\"lazy\"><\/picture>\n<p><span>Mir\u00e1 tambi\u00e9n<\/span><\/p>\n<hr>\n<h3>Secuelas de la transici\u00f3n en River: Fonseca, Carboni y otros jugadores, atentos a su futuro<\/h3>\n<\/p>\n<\/section>\n<\/div>\n<div class=\"sc-a7166897-0 exHLBh\" readability=\"7\">\n<section readability=\"4\"><picture><img alt=\"Juegos Ol\u00edmpicos: la boxeadora argelina que estuvo en la pol\u00e9mica gan\u00f3, bail\u00f3 y pelear\u00e1 por el oro\" src=\"http:\/\/hoycordobaweb.com\/wp-content\/uploads\/2024\/08\/el-destacado-nuevo-destino-de-giuliano-simeone-5.jpg\" width=\"290\" height=\"290\" decoding=\"async\" data-nimg=\"future\" loading=\"lazy\"><\/picture>\n<p><span>Mir\u00e1 tambi\u00e9n<\/span><\/p>\n<hr>\n<h3>Juegos Ol\u00edmpicos: la boxeadora argelina que estuvo en la pol\u00e9mica gan\u00f3, bail\u00f3 y pelear\u00e1 por el oro<\/h3>\n<\/p>\n<\/section>\n<\/div>\n<div class=\"sc-a7166897-0 exHLBh\" readability=\"6\">\n<section readability=\"2\"><picture><img alt=\"La asistencia de Enzo Fern\u00e1ndez contra Real Madrid\" src=\"http:\/\/hoycordobaweb.com\/wp-content\/uploads\/2024\/08\/el-destacado-nuevo-destino-de-giuliano-simeone-6.jpg\" width=\"290\" height=\"290\" decoding=\"async\" data-nimg=\"future\" loading=\"lazy\"><\/picture>\n<p><span>Mir\u00e1 tambi\u00e9n<\/span><\/p>\n<hr>\n<h3>La asistencia de Enzo Fern\u00e1ndez contra Real Madrid<\/h3>\n<\/p>\n<\/section>\n<\/div>\n<div class=\"sc-a7166897-0 exHLBh\" readability=\"7\">\n<section readability=\"4\"><picture><img alt=\"River: Gallardo, Pezzella, el mercado y todas las noticias del martes 6 de agosto \" src=\"http:\/\/hoycordobaweb.com\/wp-content\/uploads\/2024\/08\/el-destacado-nuevo-destino-de-giuliano-simeone-7.jpg\" width=\"290\" height=\"290\" decoding=\"async\" data-nimg=\"future\" loading=\"lazy\"><\/picture>\n<p><span>Mir\u00e1 tambi\u00e9n<\/span><\/p>\n<hr>\n<h3>River: Gallardo, Pezzella, el mercado y todas las noticias del martes 6 de agosto <\/h3>\n<\/p>\n<\/section>\n<\/div>\n<div class=\"sc-a7166897-0 exHLBh\" readability=\"6\">\n<section readability=\"2\"><picture><img alt=\"V\u00e9lez tach\u00f3 a San Lorenzo y se meti\u00f3 en los cuartos de final de la Copa Argentina\" src=\"http:\/\/hoycordobaweb.com\/wp-content\/uploads\/2024\/08\/el-destacado-nuevo-destino-de-giuliano-simeone-8.jpg\" width=\"290\" height=\"290\" decoding=\"async\" data-nimg=\"future\" loading=\"lazy\"><\/picture>\n<p><span>Mir\u00e1 tambi\u00e9n<\/span><\/p>\n<hr>\n<h3>V\u00e9lez tach\u00f3 a San Lorenzo y se meti\u00f3 en los cuartos de final de la Copa Argentina<\/h3>\n<\/p>\n<\/section>\n<\/div>\n<\/div>\n","protected":false},"excerpt":{"rendered":"<p>06\/08\/2024 22:16hs. Sus \u00faltimos tiempos estuvieron repletos de buenas noticias: tras recuperarse de una grave lesi\u00f3n, Giuliano Simeone gan\u00f3 continuidad hasta convertirse en una pieza importante del Alav\u00e9s durante la temporada pasada, lo que le permiti\u00f3 ganarse un lugar en la Selecci\u00f3n Argentina Sub 23 que particip\u00f3 de los Juegos Ol\u00edmpicos y ahora, al terminar [&hellip;]<\/p>\n","protected":false},"author":1,"featured_media":81343,"comment_status":"open","ping_status":"closed","sticky":false,"template":"","format":"standard","meta":[],"categories":[16],"tags":[],"_links":{"self":[{"href":"http:\/\/hoycordobaweb.com\/index.php\/wp-json\/wp\/v2\/posts\/81342"}],"collection":[{"href":"http:\/\/hoycordobaweb.com\/index.php\/wp-json\/wp\/v2\/posts"}],"about":[{"href":"http:\/\/hoycordobaweb.com\/index.php\/wp-json\/wp\/v2\/types\/post"}],"author":[{"embeddable":true,"href":"http:\/\/hoycordobaweb.com\/index.php\/wp-json\/wp\/v2\/users\/1"}],"replies":[{"embeddable":true,"href":"http:\/\/hoycordobaweb.com\/index.php\/wp-json\/wp\/v2\/comments?post=81342"}],"version-history":[{"count":0,"href":"http:\/\/hoycordobaweb.com\/index.php\/wp-json\/wp\/v2\/posts\/81342\/revisions"}],"wp:featuredmedia":[{"embeddable":true,"href":"http:\/\/hoycordobaweb.com\/index.php\/wp-json\/wp\/v2\/media\/81343"}],"wp:attachment":[{"href":"http:\/\/hoycordobaweb.com\/index.php\/wp-json\/wp\/v2\/media?parent=81342"}],"wp:term":[{"taxonomy":"category","embeddable":true,"href":"http:\/\/hoycordobaweb.com\/index.php\/wp-json\/wp\/v2\/categories?post=81342"},{"taxonomy":"post_tag","embeddable":true,"href":"http:\/\/hoycordobaweb.com\/index.php\/wp-json\/wp\/v2\/tags?post=81342"}],"curies":[{"name":"wp","href":"https:\/\/api.w.org\/{rel}","templated":true}]}}