{"id":81340,"date":"2024-08-07T01:52:50","date_gmt":"2024-08-07T01:52:50","guid":{"rendered":"https:\/\/www.ole.com.ar\/opinion\/dimaria-rosariocentral-benfica-angel_0_zVJKs4mFa6.html"},"modified":"2024-08-07T01:52:50","modified_gmt":"2024-08-07T01:52:50","slug":"di-maria-y-los-guapos-con-cuerpo-ajeno","status":"publish","type":"post","link":"http:\/\/hoycordobaweb.com\/index.php\/2024\/08\/07\/di-maria-y-los-guapos-con-cuerpo-ajeno\/","title":{"rendered":"Di Mar\u00eda y los guapos con cuerpo ajeno"},"content":{"rendered":"<p><img src=\"http:\/\/hoycordobaweb.com\/wp-content\/uploads\/2024\/08\/di-maria-y-los-guapos-con-cuerpo-ajeno.jpg\"><\/p>\n<p><time class=\"createDate\" datetime=\"2024-08-06T22:52:50-03:00\">06\/08\/2024 22:52hs.<\/time><\/p>\n<div id=\"storyBody\">\n<div class=\"custom-text \" readability=\"35\">\n<p>Es muy dif\u00edcil justificar todo por la pasi\u00f3n futbolera del hincha argentino. <strong>Muchos fan\u00e1ticos de Central se creen con el derecho de exigirle a una persona que como alguna vez dijo o dio se\u00f1ales de un regreso<\/strong> para defender la camiseta de ese club tiene que anteponer aquella sincera promesa sobre la seguridad de toda su familia. Y cuando se dice \u201cseguridad\u201d no se habla ambigua ni vagamente: es una dolorosa realidad que hoy sufre como pocos la ciudad de Rosario azotada por el narcotr\u00e1fico.<\/p>\n<\/div>\n<div class=\"custom-text \" readability=\"33\">\n<p><strong>No se puede entender ninguna historia en la vida sin comprender o sin ver los contextos<\/strong> que rodean a cada una de esas situaciones.<\/p>\n<\/div>\n<div class=\"custom-text \" readability=\"35.81914893617\">\n<p><strong><a href=\"https:\/\/www.ole.com.ar\/futbol-internacional\/di-maria-firmo-benfica-dijo-seleccion_0_No77sOk70c.html\" target=\"_self\" title=\"Angel Di Mar\u00eda \" alt=\"Angel Di Mar\u00eda \" rel=\"noopener noreferrer\">Angel Di Mar\u00eda <\/a><\/strong>se imagin\u00f3 que luego de la despedida con la camiseta de laSelecci\u00f3n tras la Copa Am\u00e9rica iba a poder cumplir su palabra de retornar al equipo que lo form\u00f3 y en donde comenz\u00f3 a escribir su leyenda. El operativo \u201cvuelta\u201d se puso en marcha desde lo dirigencial pero tambi\u00e9n desde lo familiar: <strong>los Di Mar\u00eda planeaban c\u00f3mo ser\u00eda la nueva vida, la escuela para sus hijas, d\u00f3nde habitar y todo lo que significa dejar Europa luego de tantos a\u00f1os.<\/strong><\/p>\n<\/div>\n<div class=\"custom-text \" readability=\"39\">\n<p>\u00bfHab\u00eda razones para que los hinchas se ilusionaran? S\u00ed, totalmente. Ahora bien, comprobado est\u00e1 que las amenazas p\u00fablicas en Rosario no se pueden obviar como si fueran algo que nunca va a pasar. No s\u00f3lo eso: tomada la decisi\u00f3n, Di Mar\u00eda dio m\u00e1s detalles que no se conoc\u00edan, como <strong>el macabro mensaje con una cabeza de chancho con una bala y el nombre de una de sus hijas que apareci\u00f3 en una vivienda familiar.<\/strong><\/p>\n<\/div>\n<div class=\"custom-text \" readability=\"34.679611650485\">\n<p>\u00bfQu\u00e9 m\u00e1s se<strong> <a href=\"https:\/\/www.ole.com.ar\/futbol-internacional\/di-maria-firmo-benfica-dijo-seleccion_0_No77sOk70c.html\" target=\"_self\" title=\"necesita para entender que el sue\u00f1o\" alt=\"necesita para entender que el sue\u00f1o\" rel=\"noopener noreferrer\">necesita para entender que el sue\u00f1o<\/a><\/strong>, que la promesa, que aquel deseo se hicieron en otras circunstancias? <strong>\u00bfQui\u00e9n puede juzgar a una persona que pone la vida de su familia por encima de jugar al f\u00fatbol con determinados colores?<\/strong> \u00bfQu\u00e9 tendr\u00eda que haber hecho? \u00bfArriesgarse? \u00bfDebi\u00f3 decir que no antes o se demor\u00f3 so\u00f1ando con una soluci\u00f3n posible? Con el cuerpo del otro, todos son guapos.<\/p>\n<\/div>\n<div class=\"sc-a7166897-0 exHLBh\" readability=\"6\">\n<section readability=\"2\"><picture><img alt=\"Di Mar\u00eda ya firm\u00f3 con Benfica: qu\u00e9 dijo\" src=\"http:\/\/hoycordobaweb.com\/wp-content\/uploads\/2024\/08\/di-maria-y-los-guapos-con-cuerpo-ajeno-2.jpg\" width=\"290\" height=\"290\" decoding=\"async\" data-nimg=\"future\" loading=\"lazy\"><\/picture>\n<p><span>Mir\u00e1 tambi\u00e9n<\/span><\/p>\n<hr>\n<h3>Di Mar\u00eda ya firm\u00f3 con Benfica: qu\u00e9 dijo<\/h3>\n<\/section>\n<\/div>\n<\/div>\n","protected":false},"excerpt":{"rendered":"<p>06\/08\/2024 22:52hs. Es muy dif\u00edcil justificar todo por la pasi\u00f3n futbolera del hincha argentino. Muchos fan\u00e1ticos de Central se creen con el derecho de exigirle a una persona que como alguna vez dijo o dio se\u00f1ales de un regreso para defender la camiseta de ese club tiene que anteponer aquella sincera promesa sobre la seguridad [&hellip;]<\/p>\n","protected":false},"author":1,"featured_media":81341,"comment_status":"open","ping_status":"closed","sticky":false,"template":"","format":"standard","meta":[],"categories":[16],"tags":[],"_links":{"self":[{"href":"http:\/\/hoycordobaweb.com\/index.php\/wp-json\/wp\/v2\/posts\/81340"}],"collection":[{"href":"http:\/\/hoycordobaweb.com\/index.php\/wp-json\/wp\/v2\/posts"}],"about":[{"href":"http:\/\/hoycordobaweb.com\/index.php\/wp-json\/wp\/v2\/types\/post"}],"author":[{"embeddable":true,"href":"http:\/\/hoycordobaweb.com\/index.php\/wp-json\/wp\/v2\/users\/1"}],"replies":[{"embeddable":true,"href":"http:\/\/hoycordobaweb.com\/index.php\/wp-json\/wp\/v2\/comments?post=81340"}],"version-history":[{"count":0,"href":"http:\/\/hoycordobaweb.com\/index.php\/wp-json\/wp\/v2\/posts\/81340\/revisions"}],"wp:featuredmedia":[{"embeddable":true,"href":"http:\/\/hoycordobaweb.com\/index.php\/wp-json\/wp\/v2\/media\/81341"}],"wp:attachment":[{"href":"http:\/\/hoycordobaweb.com\/index.php\/wp-json\/wp\/v2\/media?parent=81340"}],"wp:term":[{"taxonomy":"category","embeddable":true,"href":"http:\/\/hoycordobaweb.com\/index.php\/wp-json\/wp\/v2\/categories?post=81340"},{"taxonomy":"post_tag","embeddable":true,"href":"http:\/\/hoycordobaweb.com\/index.php\/wp-json\/wp\/v2\/tags?post=81340"}],"curies":[{"name":"wp","href":"https:\/\/api.w.org\/{rel}","templated":true}]}}