{"id":81329,"date":"2024-08-06T20:56:37","date_gmt":"2024-08-06T20:56:37","guid":{"rendered":"https:\/\/ladecimaweb.com\/?p=28408"},"modified":"2024-08-06T20:56:37","modified_gmt":"2024-08-06T20:56:37","slug":"subio-la-venta-intermensual-de-materiales-para-la-construccion-en-julio","status":"publish","type":"post","link":"http:\/\/hoycordobaweb.com\/index.php\/2024\/08\/06\/subio-la-venta-intermensual-de-materiales-para-la-construccion-en-julio\/","title":{"rendered":"Subi\u00f3 la venta intermensual de materiales para la construcci\u00f3n en julio"},"content":{"rendered":"<div class=\"boldgrid-section\">\n<div class=\"container\">\n<div class=\"row\">\n<div class=\"col-md-12 col-xs-12 col-sm-12\">\n<p class><span><strong>(NA) La venta de materiales para la construcci\u00f3n subi\u00f3 en julio con relaci\u00f3n al mes anterior,&nbsp;<\/strong>pero se mantuvo en baja con respecto al mismo mes del a\u00f1o pasado.<\/span><\/p>\n<p class><span><strong>El \u00cdndice Construya (IC) aument\u00f3 12,09% mensual, desestacionalizada, pero cay\u00f3 16,5% por debajo del nivel de julio de 2023.<\/strong><\/span><\/p>\n<p class><span>Este incremento fue el cuarto consecutivo, lo cual afirm\u00f3 la reactivaci\u00f3n del sector. &nbsp;<\/span><\/p>\n<p class><strong>\u201cCreemos que la gradual estabilizaci\u00f3n macro, as\u00ed como la reaparici\u00f3n del cr\u00e9dito para el sector privado, incluido el hipotecario, est\u00e1n comenzando a impactar positivamente en la din\u00e1mica del sector&#8221;. explican desde Construya<\/strong><\/p>\n<p class><span>De todas maneras en el promedio &nbsp;enero-julio de 2024 los despachos resultaron 30,60% menores a los realizados durante los primeros siete meses de 2023.<\/span><\/p>\n<p class><span>El \u00edndice mide la evoluci\u00f3n de los vol\u00famenes vendidos al sector privado de los siguientes productos para la construcci\u00f3n que fabrican las empresas l\u00edderes que conforman el Grupo Construya: ladrillos cer\u00e1micos, cemento portland, cal, aceros largos, carpinter\u00eda de aluminio, adhesivos y pastinas, pinturas impermeabilizantes, sanitarios, calderas y sistemas hogare\u00f1os y centrales de calefacci\u00f3n, grifer\u00eda y sistemas para conducci\u00f3n de agua y gas, pisos, revestimientos cer\u00e1micos y materiales el\u00e9ctricos y electr\u00f3nicos.<\/span><\/p>\n<p>&nbsp;<\/p>\n<div class=\"ubm_banner\"><a href=\"https:\/\/www.cba.gov.ar\/cordoba-sumo-250-moviles-policiales-al-patrullaje-preventivo\/\" target=\"_blank\" rel=\"dofollow noopener noreferrer\"><img src=\"http:\/\/hoycordobaweb.com\/wp-content\/uploads\/2024\/08\/subio-la-venta-intermensual-de-materiales-para-la-construccion-en-julio.gif\" width=\"900\" alt><\/a><\/div>\n<\/div>\n<\/div>\n<\/div>\n<\/div>\n<p>La entrada <a rel=\"nofollow\" href=\"https:\/\/ladecimaweb.com\/subio-la-venta-intermensual-de-materiales-para-la-construccion-en-julio\/\">Subi\u00f3 la venta intermensual de materiales para la construcci\u00f3n en julio<\/a> se public\u00f3 primero en <a rel=\"nofollow\" href=\"https:\/\/ladecimaweb.com\">LaDecima<\/a>.<\/p>\n","protected":false},"excerpt":{"rendered":"<p>(NA) La venta de materiales para la construcci\u00f3n subi\u00f3 en julio con relaci\u00f3n al mes anterior,&nbsp;pero se mantuvo en baja con respecto al mismo mes del a\u00f1o pasado. El \u00cdndice Construya (IC) aument\u00f3 12,09% mensual, desestacionalizada, pero cay\u00f3 16,5% por debajo del nivel de julio de 2023. Este incremento fue el cuarto consecutivo, lo cual [&hellip;]<\/p>\n","protected":false},"author":1,"featured_media":0,"comment_status":"closed","ping_status":"closed","sticky":false,"template":"","format":"standard","meta":[],"categories":[32],"tags":[],"_links":{"self":[{"href":"http:\/\/hoycordobaweb.com\/index.php\/wp-json\/wp\/v2\/posts\/81329"}],"collection":[{"href":"http:\/\/hoycordobaweb.com\/index.php\/wp-json\/wp\/v2\/posts"}],"about":[{"href":"http:\/\/hoycordobaweb.com\/index.php\/wp-json\/wp\/v2\/types\/post"}],"author":[{"embeddable":true,"href":"http:\/\/hoycordobaweb.com\/index.php\/wp-json\/wp\/v2\/users\/1"}],"replies":[{"embeddable":true,"href":"http:\/\/hoycordobaweb.com\/index.php\/wp-json\/wp\/v2\/comments?post=81329"}],"version-history":[{"count":0,"href":"http:\/\/hoycordobaweb.com\/index.php\/wp-json\/wp\/v2\/posts\/81329\/revisions"}],"wp:attachment":[{"href":"http:\/\/hoycordobaweb.com\/index.php\/wp-json\/wp\/v2\/media?parent=81329"}],"wp:term":[{"taxonomy":"category","embeddable":true,"href":"http:\/\/hoycordobaweb.com\/index.php\/wp-json\/wp\/v2\/categories?post=81329"},{"taxonomy":"post_tag","embeddable":true,"href":"http:\/\/hoycordobaweb.com\/index.php\/wp-json\/wp\/v2\/tags?post=81329"}],"curies":[{"name":"wp","href":"https:\/\/api.w.org\/{rel}","templated":true}]}}