{"id":8132,"date":"2020-12-23T00:55:00","date_gmt":"2020-12-23T00:55:00","guid":{"rendered":"https:\/\/www.perfil.com\/noticias\/politica\/casacion-confirman-condena-narcotrafico-sergio-varisco-ex-intendente-parana-cambiemos.phtml"},"modified":"2020-12-23T00:55:00","modified_gmt":"2020-12-23T00:55:00","slug":"confirman-la-condena-por-narcotrafico-al-ex-intendente-de-parana-de-cambiemos","status":"publish","type":"post","link":"http:\/\/hoycordobaweb.com\/index.php\/2020\/12\/23\/confirman-la-condena-por-narcotrafico-al-ex-intendente-de-parana-de-cambiemos\/","title":{"rendered":"Confirman la condena por narcotr\u00e1fico al ex intendente de Paran\u00e1 de Cambiemos"},"content":{"rendered":"<p><img src=\"http:\/\/hoycordobaweb.com\/wp-content\/uploads\/2020\/12\/confirman-la-condena-por-narcotrafico-al-ex-intendente-de-parana-de-cambiemos.jpg\"><\/p>\n<div><img src=\"http:\/\/hoycordobaweb.com\/wp-content\/uploads\/2020\/12\/confirman-la-condena-por-narcotrafico-al-ex-intendente-de-parana-de-cambiemos-2.jpg\" class=\"ff-og-image-inserted\"><\/div>\n<aside class=\"relatedPost\">\n<h3>Noticias Relacionadas<\/h3>\n<\/aside>\n<p>La <strong>C\u00e1mara Federal de Casaci\u00f3n Penal conden\u00f3<\/strong> este martes 22 de diciembre al ex intendente de Paran\u00e1, <a target=\"_blank\" href=\"https:\/\/www.perfil.com\/noticias\/politica\/condenaron-exintendente-parana-sergio-varisco-a-6-anos-y-medio-prision-por-narcotrafico.phtml\" rel=\"noopener noreferrer\"><strong>Sergio Varisco<\/strong><\/a>, por <strong>narcotr\u00e1fico<\/strong> y fue sentenciado a<strong> <\/strong><strong>seis a\u00f1os y seis meses de prisi\u00f3n.&nbsp;<\/strong>El dirigente de <strong>Cambiemos <\/strong>fue condenado junto a otras<strong>&nbsp;25 personas<\/strong>, entre las que se encuentran una de sus funcionarias y un concejal.<\/p>\n<p>Los jueces <strong>Mariano Borinsky, Javier Carbajo y Gustavo Hornos<\/strong>, que conforman la Sala IV de la C\u00e1mara Federal de Casaci\u00f3n Penal, resolvi\u00f3 por unanimidad&nbsp;rechazar los recursos de todas las defensas de los acusados y confirmar la sentencia del&nbsp;Tribunal Oral en lo Criminal Federal de Paran\u00e1.<\/p>\n<p>De esta manera, Varisco fue condenado como \u201cpart\u00edcipe necesario penalmente responsable del delito de <a target=\"_blank\" href=\"https:\/\/www.perfil.com\/noticias\/politica\/comienza-juicio-contra-sergio-varisco-intendente-parana-acusado-vinculaciones-narcotrafico.phtml\" rel=\"noopener noreferrer\"><strong>comercializaci\u00f3n de estupefacientes agravado<\/strong><\/a>\u201d.<\/p>\n<p>Junto al ex intendente de Paran\u00e1, fueron sentenciados otras 25 personas entre las que se destacan el&nbsp;ex concejal <strong>Pablo Hern\u00e1ndez<\/strong> y la ex secretaria de Seguridad de Paran\u00e1, <strong>Griselda Bordeira<\/strong>. Como organizar de la banda fue sentenciado&nbsp;<strong>Daniel \u201cTavi\u201d Celis.<\/strong><\/p>\n<p class=\"destacadoNota\"><a target=\"_blank\" href=\"https:\/\/www.perfil.com\/noticias\/politica\/condenaron-exintendente-parana-sergio-varisco-a-6-anos-y-medio-prision-por-narcotrafico.phtml\" rel=\"noopener noreferrer\">Condenaron al exintendente de Paran\u00e1 Sergio Varisco a seis a\u00f1os y medio de prisi\u00f3n por narcotr\u00e1fico<\/a><\/p>\n<p>La investigaci\u00f3n se denomin\u00f3 <a target=\"_blank\" href=\"https:\/\/www.perfil.com\/noticias\/politica\/un-intendente-procesado-por-narcotrafico-ganador-de-las-paso-en-parana.phtml\" rel=\"noopener noreferrer\"><strong>Causa Narcomunicipio<\/strong><\/a> en la que se acredit\u00f3 que Varisco, junto a Hern\u00e1ndez y Bordeira, tambi\u00e9n participaron de los hechos il\u00edcitos posteriores al triunfo electoral, de modo tal que permitieron y colaboraron para que el clan Celis pudiera continuar con la <strong>comercializaci\u00f3n de estupefacientes en la zona<\/strong>. Incluso se permiti\u00f3 el manejo irrestricto de la <strong>Unidad Municipal N\u00b02 de Paran\u00e1<\/strong> para continuar con la <strong>cadena de tr\u00e1fico<\/strong>.<\/p>\n<p>Los jueces emitieron un comunicado explicando su fallo: \u00abSe logr\u00f3 interceptar el arribo de una avioneta proveniente desde Paraguay con aproximadamente 317 kilogramos de marihuana en su interior. En una operaci\u00f3n de minuciosa log\u00edstica, miembros de la Polic\u00eda Federal Argentina lograron detener a algunos de los imputados que estaban presentes al momento del aterrizaje de la avioneta en un campo cerca de Mar\u00eda Grande Segundo \u2013Depto. de Paran\u00e1- preparado para tal fin\u201d.<\/p>\n<p>\u201cTras lograr la interceptaci\u00f3n de imputados allegados a Daniel Celis -quien lideraba la organizaci\u00f3n criminal que comerciaba estupefacientes- a quienes se les <strong>secuestr\u00f3 3 kilogramos de coca\u00edna<\/strong> <strong>y un cuaderno con anotaciones<\/strong>, se logr\u00f3 desentramar la participaci\u00f3n de <strong>funcionarios p\u00fablicos de alt\u00edsimos cargos<\/strong> en la cadena de tr\u00e1fico investigada. Junto a la confesi\u00f3n brindada por la ex pareja de Daniel Celis -la cual logr\u00f3 ser ratificada con otras evidencias-, se corrobor\u00f3 que \u00e9ste, en calidad de organizador en las maniobras de <strong>venta de droga<\/strong>, <strong>hab\u00eda financiado econ\u00f3micamente la campa\u00f1a electoral de Sergio Varisco en la que logr\u00f3 obtener el cargo de Intendente de Paran\u00e1 en 2015<\/strong>,<strong> a sabiendas de que el <a target=\"_blank\" href=\"https:\/\/www.perfil.com\/noticias\/politica\/internaron-al-intendente-de-parana-procesado-por-narcotrafico.phtml\" rel=\"noopener noreferrer\">dinero proven\u00eda de actividades il\u00edcitas<\/a><\/strong>\u201d, comentaron.<\/p>\n<p class=\"destacadoNota\"><a target=\"_blank\" href=\"https:\/\/www.perfil.com\/noticias\/policia\/video-agredieron-intendente-parana-sergio-varisco-fractura-cadera.phtml\" rel=\"noopener noreferrer\">Video | Agredieron al intendente de Paran\u00e1 y le fracturaron la cadera<\/a><\/p>\n<p>En esa l\u00ednea, agregaron: \u00abVarisco, junto a Hern\u00e1ndez y Bordeira -Concejal y Secretaria de Seguridad de dicha Municipalidad-, tambi\u00e9n participaron de los <strong>hechos il\u00edcitos posteriores al triunfo electoral<\/strong>, de modo tal que permitieron y colaboraron para que el clan Celis pudiera continuar con la comercializaci\u00f3n de estupefacientes en la zona. Incluso, se permiti\u00f3 el manejo irrestricto de la Unidad Municipal N\u00b02 de dicha ciudad para continuar con la cadena de tr\u00e1fico\u201d.<\/p>\n<p>\u00abEn s\u00edntesis, se ha logrado corroborar que desde los m\u00e1s elevados cargos de la Municipalidad de Paran\u00e1 no s\u00f3lo no se persigui\u00f3 los delitos vinculados con el narcotr\u00e1fico de los que tomaban conocimiento, sino que muy por el contrario se coadyuv\u00f3 a la continuidad de dicha cadena de tr\u00e1fico\u201d, concluyeron.<\/p>\n<p>En la actualidad, Varisco cuenta con una <strong>prisi\u00f3n preventiva domiciliaria<\/strong>, por sus <a target=\"_blank\" href=\"https:\/\/www.perfil.com\/noticias\/policia\/video-agredieron-intendente-parana-sergio-varisco-fractura-cadera.phtml\" rel=\"noopener noreferrer\"><strong>problemas de salud<\/strong>.<\/a> En ese sentido, el fiscal&nbsp;C\u00e1mara de Paran\u00e1, Jos\u00e9 Candioti, en di\u00e1logo con <a target=\"_blank\" href=\"https:\/\/www.unoentrerios.com.ar\/policiales\/casacion-confirmo-las-condenas-contra-varisco-hernandez-y-bordeira-n2631837.html\" rel=\"noopener noreferrer\"><em>Diario Uno de Paran\u00e1<\/em><\/a>, manifest\u00f3: \u00abUna vez que esto <strong>quede en firme<\/strong>, analizaremos su estado de salud, porque entendemos que la <strong>condena debe ser de cumplimiento efectivo<\/strong>\u00ab.<\/p>\n<p><em>EuDr<\/em><\/p>\n","protected":false},"excerpt":{"rendered":"<p>Noticias Relacionadas La C\u00e1mara Federal de Casaci\u00f3n Penal conden\u00f3 este martes 22 de diciembre al ex intendente de Paran\u00e1, Sergio Varisco, por narcotr\u00e1fico y fue sentenciado a seis a\u00f1os y seis meses de prisi\u00f3n.&nbsp;El dirigente de Cambiemos fue condenado junto a otras&nbsp;25 personas, entre las que se encuentran una de sus funcionarias y un concejal. [&hellip;]<\/p>\n","protected":false},"author":1,"featured_media":8133,"comment_status":"closed","ping_status":"closed","sticky":false,"template":"","format":"standard","meta":[],"categories":[1],"tags":[],"_links":{"self":[{"href":"http:\/\/hoycordobaweb.com\/index.php\/wp-json\/wp\/v2\/posts\/8132"}],"collection":[{"href":"http:\/\/hoycordobaweb.com\/index.php\/wp-json\/wp\/v2\/posts"}],"about":[{"href":"http:\/\/hoycordobaweb.com\/index.php\/wp-json\/wp\/v2\/types\/post"}],"author":[{"embeddable":true,"href":"http:\/\/hoycordobaweb.com\/index.php\/wp-json\/wp\/v2\/users\/1"}],"replies":[{"embeddable":true,"href":"http:\/\/hoycordobaweb.com\/index.php\/wp-json\/wp\/v2\/comments?post=8132"}],"version-history":[{"count":0,"href":"http:\/\/hoycordobaweb.com\/index.php\/wp-json\/wp\/v2\/posts\/8132\/revisions"}],"wp:featuredmedia":[{"embeddable":true,"href":"http:\/\/hoycordobaweb.com\/index.php\/wp-json\/wp\/v2\/media\/8133"}],"wp:attachment":[{"href":"http:\/\/hoycordobaweb.com\/index.php\/wp-json\/wp\/v2\/media?parent=8132"}],"wp:term":[{"taxonomy":"category","embeddable":true,"href":"http:\/\/hoycordobaweb.com\/index.php\/wp-json\/wp\/v2\/categories?post=8132"},{"taxonomy":"post_tag","embeddable":true,"href":"http:\/\/hoycordobaweb.com\/index.php\/wp-json\/wp\/v2\/tags?post=8132"}],"curies":[{"name":"wp","href":"https:\/\/api.w.org\/{rel}","templated":true}]}}