{"id":81306,"date":"2024-08-06T18:46:14","date_gmt":"2024-08-06T18:46:14","guid":{"rendered":"https:\/\/www.trendencias.com\/libros-y-literatura\/ocho-libros-que-llegan-a-librerias-agosto-que-avance-que-viene-rentree"},"modified":"2024-08-06T18:46:14","modified_gmt":"2024-08-06T18:46:14","slug":"ocho-libros-que-si-llegan-a-las-librerias-en-agosto-y-que-son-un-avance-de-lo-que-viene-en-la-rentree","status":"publish","type":"post","link":"http:\/\/hoycordobaweb.com\/index.php\/2024\/08\/06\/ocho-libros-que-si-llegan-a-las-librerias-en-agosto-y-que-son-un-avance-de-lo-que-viene-en-la-rentree\/","title":{"rendered":"Ocho libros que s\u00ed llegan a las librer\u00edas en agosto y que son un avance de lo que viene en la rentr\u00e9e"},"content":{"rendered":"<p>Agosto es tambi\u00e9n en la industria editorial por un mes con muy poca actividad. Son escasos los libros que llegan a publicarse en estas semanas de vacaciones de verano. Sin embargo, durante sus \u00faltimos d\u00edas ya empiezan a llegar a las librer\u00edas los primeros t\u00edtulo de la <em>rentr\u00e9e, <\/em>como avanzadilla de los que llegan en septiembre. &nbsp;Estos son <strong>nuestros favoritos de este a\u00f1o<\/strong>. Aunque todav\u00eda hay que esperar unos d\u00edas para tenerlos en nuestras manos.<\/p>\n<p><!-- BREAK 1 --> <\/p>\n<div class=\"article-asset article-asset-normal article-asset-center\">\n<div class=\"desvio-container\">\n<div class=\"desvio\">\n<div class=\"desvio-figure js-desvio-figure\"> <a href=\"https:\/\/www.trendencias.com\/libros-y-literatura\/libros-vendidos-julio-2024-para-leer-orilla-playa-tener-conversacion-chuiringuito\"> <img loading=\"lazy\" alt=\"Los libros m\u00e1s vendidos de julio 2024 para leer en la orilla de la playa y tener conversaci\u00f3n en el chuiringuito\" width=\"375\" height=\"142\" src=\"http:\/\/hoycordobaweb.com\/wp-content\/uploads\/2024\/08\/ocho-libros-que-si-llegan-a-las-librerias-en-agosto-y-que-son-un-avance-de-lo-que-viene-en-la-rentree.jpg\"> <\/a> <\/div><\/div><\/div>\n<\/div>\n<h2 id=\"brat-gabriel-smith-1\" class=\"toc-enabled\"><span class=\"toc-shortcut-icon\" title=\"Ver \u00cdndice de contenido\"><\/span>&#8216;Brat&#8217;, Gabriel Smith<\/h2>\n<p><em>A la venta el 26 de agosto<\/em><\/p>\n<div class=\"article-asset-image article-asset-small article-asset-center\">\n<div class=\"asset-content\"> <img class=\"centro_sinmarco\" height=\"1200\" width=\"787\" loading=\"lazy\" decoding=\"async\" sizes=\"100vw\" fetchpriority=\"high\" srcset=\"http:\/\/hoycordobaweb.com\/wp-content\/uploads\/2024\/08\/ocho-libros-que-si-llegan-a-las-librerias-en-agosto-y-que-son-un-avance-de-lo-que-viene-en-la-rentree-1.jpg 450w, http:\/\/hoycordobaweb.com\/wp-content\/uploads\/2024\/08\/ocho-libros-que-si-llegan-a-las-librerias-en-agosto-y-que-son-un-avance-de-lo-que-viene-en-la-rentree-10.jpg 681w, http:\/\/hoycordobaweb.com\/wp-content\/uploads\/2024\/08\/ocho-libros-que-si-llegan-a-las-librerias-en-agosto-y-que-son-un-avance-de-lo-que-viene-en-la-rentree-11.jpg 1024w, http:\/\/hoycordobaweb.com\/wp-content\/uploads\/2024\/08\/ocho-libros-que-si-llegan-a-las-librerias-en-agosto-y-que-son-un-avance-de-lo-que-viene-en-la-rentree-12.jpg 1366w\" src=\"http:\/\/hoycordobaweb.com\/wp-content\/uploads\/2024\/08\/ocho-libros-que-si-llegan-a-las-librerias-en-agosto-y-que-son-un-avance-de-lo-que-viene-en-la-rentree-1.jpg\" alt=\"Brat\"> <noscript><img alt=\"Brat\" class=\"centro_sinmarco\" src=\"http:\/\/hoycordobaweb.com\/wp-content\/uploads\/2024\/08\/ocho-libros-que-si-llegan-a-las-librerias-en-agosto-y-que-son-un-avance-de-lo-que-viene-en-la-rentree-1.jpg\"><\/noscript> <\/div>\n<\/div>\n<p>Gabriel, el narrador de esta primera novela, vuelve a la casa de su infancia tras la muerte de su padre para vaciarla y prepararla para la venta. Pero durante esos d\u00edas y esas noches en que explora los cuartos vac\u00edos y los restos de una vida familiar su cuerpo empieza a desmoronarse. En medio de todo esto lee los cuentos de su exnovia publicados por una reconocida revista, evita los mails de su agente reclam\u00e1ndole un libro, ordena los papeles y archivos de su padre, guionista de televisi\u00f3n, y de su madre, una escritora que ahora vive en un asilo. Adem\u00e1s fuma marihuana, se emborracha, toma ansiol\u00edticos y tiene visiones mientras intenta hacer pie, <strong>reconstruir la historia familiar y, sobre todo, la de su propia tristeza<\/strong>.<\/p>\n<p><!-- BREAK 2 --><\/p>\n<h2 id=\"confesiones-privadas-ingmar-bergman-2\" class=\"toc-enabled\"><span class=\"toc-shortcut-icon\" title=\"Ver \u00cdndice de contenido\"><\/span>&#8216;Confesiones privadas&#8217;, Ingmar Bergman<\/h2>\n<p><em>A la venta el 26 de agosto<\/em><\/p>\n<div class=\"article-asset-image article-asset-small article-asset-center\">\n<div class=\"asset-content\"> <img class=\"centro_sinmarco\" height=\"1106\" width=\"800\" loading=\"lazy\" decoding=\"async\" sizes=\"100vw\" fetchpriority=\"high\" srcset=\"http:\/\/hoycordobaweb.com\/wp-content\/uploads\/2024\/08\/ocho-libros-que-si-llegan-a-las-librerias-en-agosto-y-que-son-un-avance-de-lo-que-viene-en-la-rentree-2.jpg 450w, http:\/\/hoycordobaweb.com\/wp-content\/uploads\/2024\/08\/ocho-libros-que-si-llegan-a-las-librerias-en-agosto-y-que-son-un-avance-de-lo-que-viene-en-la-rentree-13.jpg 681w, http:\/\/hoycordobaweb.com\/wp-content\/uploads\/2024\/08\/ocho-libros-que-si-llegan-a-las-librerias-en-agosto-y-que-son-un-avance-de-lo-que-viene-en-la-rentree-14.jpg 1024w, http:\/\/hoycordobaweb.com\/wp-content\/uploads\/2024\/08\/ocho-libros-que-si-llegan-a-las-librerias-en-agosto-y-que-son-un-avance-de-lo-que-viene-en-la-rentree-15.jpg 1366w\" src=\"http:\/\/hoycordobaweb.com\/wp-content\/uploads\/2024\/08\/ocho-libros-que-si-llegan-a-las-librerias-en-agosto-y-que-son-un-avance-de-lo-que-viene-en-la-rentree-2.jpg\" alt=\"ingmar bergman\"> <noscript><img alt=\"ingmar bergman\" class=\"centro_sinmarco\" src=\"http:\/\/hoycordobaweb.com\/wp-content\/uploads\/2024\/08\/ocho-libros-que-si-llegan-a-las-librerias-en-agosto-y-que-son-un-avance-de-lo-que-viene-en-la-rentree-2.jpg\"><\/noscript> <\/div>\n<\/div>\n<p>Estas confesiones sirven a Bergman para desnudar, tan literal como figuradamente, al personaje m\u00e1s carism\u00e1tico de su \u00abtrilog\u00eda familiar\u00bb, su madre. Al hacerlo, <strong>entrega tambi\u00e9n una nueva pieza del enigma: el adulterio<\/strong>. Anna lleva m\u00e1s de una d\u00e9cada casada con el severo pastor Henrik Bergman cuando inicia una relaci\u00f3n furtiva con un estudiante de teolog\u00eda mucho m\u00e1s joven que ella y buen amigo de su marido. Acabar\u00e1n aflorando la tensi\u00f3n y el rencor larvados largo tiempo en el seno del matrimonio. Una novela de sensibilidad, crudeza y elegancia abrumadoras.<\/p>\n<p><!-- BREAK 3 --> <\/p>\n<h2 id=\"hijo-reich-rafael-tarradas-bulto-3\" class=\"toc-enabled\"><span class=\"toc-shortcut-icon\" title=\"Ver \u00cdndice de contenido\"><\/span>&#8216;El hijo del Reich&#8217;, Rafael Tarradas Bult\u00f3<\/h2>\n<p><em>A la venta el 28 de agosto<\/em><\/p>\n<div class=\"article-asset-image article-asset-small article-asset-center\">\n<div class=\"asset-content\"> <img class=\"centro_sinmarco\" height=\"1200\" width=\"790\" loading=\"lazy\" decoding=\"async\" sizes=\"100vw\" fetchpriority=\"high\" srcset=\"http:\/\/hoycordobaweb.com\/wp-content\/uploads\/2024\/08\/ocho-libros-que-si-llegan-a-las-librerias-en-agosto-y-que-son-un-avance-de-lo-que-viene-en-la-rentree-3.jpg 450w, http:\/\/hoycordobaweb.com\/wp-content\/uploads\/2024\/08\/ocho-libros-que-si-llegan-a-las-librerias-en-agosto-y-que-son-un-avance-de-lo-que-viene-en-la-rentree-16.jpg 681w, http:\/\/hoycordobaweb.com\/wp-content\/uploads\/2024\/08\/ocho-libros-que-si-llegan-a-las-librerias-en-agosto-y-que-son-un-avance-de-lo-que-viene-en-la-rentree-17.jpg 1024w, http:\/\/hoycordobaweb.com\/wp-content\/uploads\/2024\/08\/ocho-libros-que-si-llegan-a-las-librerias-en-agosto-y-que-son-un-avance-de-lo-que-viene-en-la-rentree-18.jpg 1366w\" src=\"http:\/\/hoycordobaweb.com\/wp-content\/uploads\/2024\/08\/ocho-libros-que-si-llegan-a-las-librerias-en-agosto-y-que-son-un-avance-de-lo-que-viene-en-la-rentree-3.jpg\" alt=\"Portada El Hijo Del Reich Rafael Tarradas Bulto 202407291041\"> <noscript><img alt=\"Portada El Hijo Del Reich Rafael Tarradas Bulto 202407291041\" class=\"centro_sinmarco\" src=\"http:\/\/hoycordobaweb.com\/wp-content\/uploads\/2024\/08\/ocho-libros-que-si-llegan-a-las-librerias-en-agosto-y-que-son-un-avance-de-lo-que-viene-en-la-rentree-3.jpg\"><\/noscript> <\/div>\n<\/div>\n<p>Londres, 1939. Cuando el agente del servicio secreto John Osbourne descubre que dos de los esp\u00edas nazis m\u00e1s buscados est\u00e1n tras la pista de una tal Daisy Garc\u00eda, tiene la certeza de que <strong>aquella desconocida guarda un importante secreto y que debe encontrarla<\/strong>. La espa\u00f1ola, empleada por una arist\u00f3crata inglesa como se\u00f1orita de compa\u00f1\u00eda, qued\u00f3 embarazada de un alto mando nazi en M\u00fanich. Desde entonces, huye del enemigo que quiere arrebatarle a su hijo. Una historia de amor y amistad, de planes secretos y falsas identidades, entre la Espa\u00f1a plagada de esp\u00edas, la Inglaterra de las grandes casas de campo y la Argentina como refugio de nazis. Y dos j\u00f3venes involucrados en el mayor y m\u00e1s determinante enga\u00f1o de la Segunda Guerra Mundial.<\/p>\n<p><!-- BREAK 4 --><\/p>\n<h2 id=\"todos-mares-laia-aguilar-4\" class=\"toc-enabled\"><span class=\"toc-shortcut-icon\" title=\"Ver \u00cdndice de contenido\"><\/span>&#8216;Todos aquellos mares&#8217;, Laia Aguilar<\/h2>\n<p><em>A la venta el 28 de agosto<\/em><\/p>\n<div class=\"article-asset-image article-asset-small article-asset-center\">\n<div class=\"asset-content\"> <img class=\"centro_sinmarco\" height=\"1200\" width=\"710\" loading=\"lazy\" decoding=\"async\" sizes=\"100vw\" fetchpriority=\"high\" srcset=\"http:\/\/hoycordobaweb.com\/wp-content\/uploads\/2024\/08\/ocho-libros-que-si-llegan-a-las-librerias-en-agosto-y-que-son-un-avance-de-lo-que-viene-en-la-rentree-4.jpg 450w, http:\/\/hoycordobaweb.com\/wp-content\/uploads\/2024\/08\/ocho-libros-que-si-llegan-a-las-librerias-en-agosto-y-que-son-un-avance-de-lo-que-viene-en-la-rentree-19.jpg 681w, http:\/\/hoycordobaweb.com\/wp-content\/uploads\/2024\/08\/ocho-libros-que-si-llegan-a-las-librerias-en-agosto-y-que-son-un-avance-de-lo-que-viene-en-la-rentree-20.jpg 1024w, http:\/\/hoycordobaweb.com\/wp-content\/uploads\/2024\/08\/ocho-libros-que-si-llegan-a-las-librerias-en-agosto-y-que-son-un-avance-de-lo-que-viene-en-la-rentree-21.jpg 1366w\" src=\"http:\/\/hoycordobaweb.com\/wp-content\/uploads\/2024\/08\/ocho-libros-que-si-llegan-a-las-librerias-en-agosto-y-que-son-un-avance-de-lo-que-viene-en-la-rentree-4.jpg\" alt=\"Portada Todos Aquellos Mares Laia Aguilar 202407220938\"> <noscript><img alt=\"Portada Todos Aquellos Mares Laia Aguilar 202407220938\" class=\"centro_sinmarco\" src=\"http:\/\/hoycordobaweb.com\/wp-content\/uploads\/2024\/08\/ocho-libros-que-si-llegan-a-las-librerias-en-agosto-y-que-son-un-avance-de-lo-que-viene-en-la-rentree-4.jpg\"><\/noscript> <\/div>\n<\/div>\n<p>Greta, marcada por la desaparici\u00f3n de su hermana peque\u00f1a, vuelve a Formentera para cuidar a su querida abuela Matilde, que es el pilar de la familia y que mantiene viva la llama de la infancia a trav\u00e9s de las leyendas m\u00e1gicas de la isla, las historias y su sabidur\u00eda. El regreso obligar\u00e1 a Greta a enfrentarse a los fantasmas del pasado y a su madre, Helena, con quien tiene una relaci\u00f3n distante y conflictiva. <a rel=\"nofollow, sponsored, noopener, noreferrer noopener\" target=\"_blank\" class=\"js-ecommerce\" href=\"https:\/\/www.trendencias.com\/redirect?url=https%3A%2F%2Fwww.amazon.es%2FTodos-aquellos-mares-%25C3%2581ncora-Delf%25C3%25ADn%2Fdp%2F8423365670&amp;category=libros-y-literatura&amp;ecomPostExpiration=not_classified&amp;postId=630930\" data-vars-affiliate-url=\"https:\/\/www.amazon.es\/Todos-aquellos-mares-%C3%81ncora-Delf%C3%ADn\/dp\/8423365670\">&#8216;Todos aquellos mares&#8217;<\/a> es un relato de redenci\u00f3n lleno de luz, \u00edntimo y emotivo, sobre<strong> la profundidad de las relaciones humanas y la complejidad de los v\u00ednculos familiares.<\/strong><\/p>\n<p><!-- BREAK 5 --><\/p>\n<h2 id=\"que-instante-abigail-thomas-5\" class=\"toc-enabled\"><span class=\"toc-shortcut-icon\" title=\"Ver \u00cdndice de contenido\"><\/span>&#8216;Lo que cabe en un instante&#8217;, Abigail Thomas<\/h2>\n<p><em>A la venta el 26 de agosto<\/em><\/p>\n<div class=\"article-asset-image article-asset-small article-asset-center\">\n<div class=\"asset-content\"> <img class=\"centro_sinmarco\" height=\"1200\" width=\"782\" loading=\"lazy\" decoding=\"async\" sizes=\"100vw\" fetchpriority=\"high\" srcset=\"http:\/\/hoycordobaweb.com\/wp-content\/uploads\/2024\/08\/ocho-libros-que-si-llegan-a-las-librerias-en-agosto-y-que-son-un-avance-de-lo-que-viene-en-la-rentree-5.jpg 450w, http:\/\/hoycordobaweb.com\/wp-content\/uploads\/2024\/08\/ocho-libros-que-si-llegan-a-las-librerias-en-agosto-y-que-son-un-avance-de-lo-que-viene-en-la-rentree-22.jpg 681w, http:\/\/hoycordobaweb.com\/wp-content\/uploads\/2024\/08\/ocho-libros-que-si-llegan-a-las-librerias-en-agosto-y-que-son-un-avance-de-lo-que-viene-en-la-rentree-23.jpg 1024w, http:\/\/hoycordobaweb.com\/wp-content\/uploads\/2024\/08\/ocho-libros-que-si-llegan-a-las-librerias-en-agosto-y-que-son-un-avance-de-lo-que-viene-en-la-rentree-24.jpg 1366w\" src=\"http:\/\/hoycordobaweb.com\/wp-content\/uploads\/2024\/08\/ocho-libros-que-si-llegan-a-las-librerias-en-agosto-y-que-son-un-avance-de-lo-que-viene-en-la-rentree-5.jpg\" alt=\"abigail thomas\"> <noscript><img alt=\"abigail thomas\" class=\"centro_sinmarco\" src=\"http:\/\/hoycordobaweb.com\/wp-content\/uploads\/2024\/08\/ocho-libros-que-si-llegan-a-las-librerias-en-agosto-y-que-son-un-avance-de-lo-que-viene-en-la-rentree-5.jpg\"><\/noscript> <\/div>\n<\/div>\n<p>Como peque\u00f1as ventanas iluminadas que dan a la m\u00e1s rec\u00f3ndita intimidad de su vida, los fulgurantes relatos que componen estas memorias de Abigail Thomas nos permiten descubrir su primer embarazo a los dieciocho a\u00f1os;<strong> ser madre soltera de tres ni\u00f1os con veintis\u00e9is<\/strong>; la volubilidad del deseo; las alegr\u00edas y frustraciones de tres matrimonios; errores y lealtades, conmociones y aventuras, y mucho, much\u00edsimo humor. Su tono, su frescura, su verdad inspiran confianza. Se siente como si hubi\u00e9ramos encontrado una nueva amiga.<\/p>\n<p><!-- BREAK 6 --> <\/p>\n<h2 id=\"tiempo-que-nos-queda-patrick-boucheron-6\" class=\"toc-enabled\"><span class=\"toc-shortcut-icon\" title=\"Ver \u00cdndice de contenido\"><\/span>&#8216;El tiempo que nos queda&#8217;, Patrick Boucheron<\/h2>\n<p><em>A la venta el 28 de agosto<\/em><\/p>\n<div class=\"article-asset-image article-asset-small article-asset-center\">\n<div class=\"asset-content\"> <img class=\"centro_sinmarco\" height=\"2000\" width=\"1200\" loading=\"lazy\" decoding=\"async\" sizes=\"100vw\" fetchpriority=\"high\" srcset=\"http:\/\/hoycordobaweb.com\/wp-content\/uploads\/2024\/08\/ocho-libros-que-si-llegan-a-las-librerias-en-agosto-y-que-son-un-avance-de-lo-que-viene-en-la-rentree-6.jpg 450w, http:\/\/hoycordobaweb.com\/wp-content\/uploads\/2024\/08\/ocho-libros-que-si-llegan-a-las-librerias-en-agosto-y-que-son-un-avance-de-lo-que-viene-en-la-rentree-25.jpg 681w, http:\/\/hoycordobaweb.com\/wp-content\/uploads\/2024\/08\/ocho-libros-que-si-llegan-a-las-librerias-en-agosto-y-que-son-un-avance-de-lo-que-viene-en-la-rentree-26.jpg 1024w, http:\/\/hoycordobaweb.com\/wp-content\/uploads\/2024\/08\/ocho-libros-que-si-llegan-a-las-librerias-en-agosto-y-que-son-un-avance-de-lo-que-viene-en-la-rentree-27.jpg 1366w\" src=\"http:\/\/hoycordobaweb.com\/wp-content\/uploads\/2024\/08\/ocho-libros-que-si-llegan-a-las-librerias-en-agosto-y-que-son-un-avance-de-lo-que-viene-en-la-rentree-6.jpg\" alt=\"A79fbb114957d321164cee6cb7acc6098e65cf62\"> <noscript><img alt=\"A79fbb114957d321164cee6cb7acc6098e65cf62\" class=\"centro_sinmarco\" src=\"http:\/\/hoycordobaweb.com\/wp-content\/uploads\/2024\/08\/ocho-libros-que-si-llegan-a-las-librerias-en-agosto-y-que-son-un-avance-de-lo-que-viene-en-la-rentree-6.jpg\"><\/noscript> <\/div>\n<\/div>\n<p>Tras el avance de la ultraderecha en las \u00faltimas elecciones europeas y el adelanto de las legislativas en Francia, es posible que ese acontecimiento que tanto tem\u00edamos se materialice como la continuaci\u00f3n de lo que sab\u00edamos que iba a ocurrir y no supimos ni pudimos evitar. Y comprenderemos, demasiado tarde, que a fuerza de esperar esa cat\u00e1strofe no nos enteramos de que ya hab\u00eda llegado. Se ha estado anunciando desde hace a\u00f1os como una cat\u00e1strofe inevitable. <strong>\u00bfHa sido para alertarnos o para que nos habituemos a ella?<\/strong><\/p>\n<p><!-- BREAK 7 --><\/p>\n<h2 id=\"primero-estaba-mar-tomas-gonzalez-7\" class=\"toc-enabled\"><span class=\"toc-shortcut-icon\" title=\"Ver \u00cdndice de contenido\"><\/span>&#8216;Primero estaba el mar&#8217;, Tom\u00e1s Gonz\u00e1lez<\/h2>\n<p><em>A la venta el 26 de agosto<\/em><\/p>\n<div class=\"article-asset-image article-asset-small article-asset-center\">\n<div class=\"asset-content\"> <img class=\"centro_sinmarco\" height=\"882\" width=\"576\" loading=\"lazy\" decoding=\"async\" sizes=\"100vw\" fetchpriority=\"high\" srcset=\"http:\/\/hoycordobaweb.com\/wp-content\/uploads\/2024\/08\/ocho-libros-que-si-llegan-a-las-librerias-en-agosto-y-que-son-un-avance-de-lo-que-viene-en-la-rentree-7.jpg 450w, http:\/\/hoycordobaweb.com\/wp-content\/uploads\/2024\/08\/ocho-libros-que-si-llegan-a-las-librerias-en-agosto-y-que-son-un-avance-de-lo-que-viene-en-la-rentree-28.jpg 681w, http:\/\/hoycordobaweb.com\/wp-content\/uploads\/2024\/08\/ocho-libros-que-si-llegan-a-las-librerias-en-agosto-y-que-son-un-avance-de-lo-que-viene-en-la-rentree-29.jpg 1024w, http:\/\/hoycordobaweb.com\/wp-content\/uploads\/2024\/08\/ocho-libros-que-si-llegan-a-las-librerias-en-agosto-y-que-son-un-avance-de-lo-que-viene-en-la-rentree-30.jpg 1366w\" src=\"http:\/\/hoycordobaweb.com\/wp-content\/uploads\/2024\/08\/ocho-libros-que-si-llegan-a-las-librerias-en-agosto-y-que-son-un-avance-de-lo-que-viene-en-la-rentree-7.jpg\" alt=\"primero estaba el mar\"> <noscript><img alt=\"primero estaba el mar\" class=\"centro_sinmarco\" src=\"http:\/\/hoycordobaweb.com\/wp-content\/uploads\/2024\/08\/ocho-libros-que-si-llegan-a-las-librerias-en-agosto-y-que-son-un-avance-de-lo-que-viene-en-la-rentree-7.jpg\"><\/noscript> <\/div>\n<\/div>\n<p>J. y Elena deciden poner fin a la vida bohemia y desordenada que llevan en la ciudad y empezar de nuevo en un rinc\u00f3n remoto en la costa: una peque\u00f1a casa enclavada entre la orilla del mar y la selva, a una hora a pie del pueblo m\u00e1s cercano. Sin embargo, la promesa de una existencia apacible en este paraje id\u00edlico pronto comienza a resquebrajarse. A medida que el clima brutal, las deudas crecientes y hasta el propio mar parecen confabularse para expulsarlos, la relaci\u00f3n entre Elena y J. se vuelve m\u00e1s y m\u00e1s tempestuosa y <strong>el para\u00edso que cre\u00edan haber encontrado comienza a asemejarse m\u00e1s bien al infierno<\/strong>.<\/p>\n<p><!-- BREAK 8 --><\/p>\n<h2 id=\"voz-sombra-ryoko-sekiguchi-8\" class=\"toc-enabled\"><span class=\"toc-shortcut-icon\" title=\"Ver \u00cdndice de contenido\"><\/span>&#8216;La voz sombra&#8217;, Ryoko Sekiguchi<\/h2>\n<p><em>A la venta el 26 de agosto<\/em><\/p>\n<div class=\"article-asset-image article-asset-small article-asset-center\">\n<div class=\"asset-content\"> <img class=\"centro_sinmarco\" height=\"1200\" width=\"771\" loading=\"lazy\" decoding=\"async\" sizes=\"100vw\" fetchpriority=\"high\" srcset=\"http:\/\/hoycordobaweb.com\/wp-content\/uploads\/2024\/08\/ocho-libros-que-si-llegan-a-las-librerias-en-agosto-y-que-son-un-avance-de-lo-que-viene-en-la-rentree-8.jpg 450w, http:\/\/hoycordobaweb.com\/wp-content\/uploads\/2024\/08\/ocho-libros-que-si-llegan-a-las-librerias-en-agosto-y-que-son-un-avance-de-lo-que-viene-en-la-rentree-31.jpg 681w, http:\/\/hoycordobaweb.com\/wp-content\/uploads\/2024\/08\/ocho-libros-que-si-llegan-a-las-librerias-en-agosto-y-que-son-un-avance-de-lo-que-viene-en-la-rentree-32.jpg 1024w, http:\/\/hoycordobaweb.com\/wp-content\/uploads\/2024\/08\/ocho-libros-que-si-llegan-a-las-librerias-en-agosto-y-que-son-un-avance-de-lo-que-viene-en-la-rentree-33.jpg 1366w\" src=\"http:\/\/hoycordobaweb.com\/wp-content\/uploads\/2024\/08\/ocho-libros-que-si-llegan-a-las-librerias-en-agosto-y-que-son-un-avance-de-lo-que-viene-en-la-rentree-8.jpg\" alt=\"La voz sombra\"> <noscript><img alt=\"La voz sombra\" class=\"centro_sinmarco\" src=\"http:\/\/hoycordobaweb.com\/wp-content\/uploads\/2024\/08\/ocho-libros-que-si-llegan-a-las-librerias-en-agosto-y-que-son-un-avance-de-lo-que-viene-en-la-rentree-8.jpg\"><\/noscript> <\/div>\n<\/div>\n<p>Antes de la invenci\u00f3n de la fotograf\u00eda y de las grabaciones sonoras, a los vivos no les quedaban de quien mor\u00eda sino unos pocos objetos que lo hab\u00edan acompa\u00f1ado. La voz es una extensi\u00f3n del cuerpo y la \u00fanica parte que no puede enterrarse: la voz permanece intacta y altera el sentido del tiempo, pues est\u00e1 condenada a quedarse en un presente eterno. Compuesto de breves fragmentos, este inclasificable libro es <strong>una historia de la voz de quienes se han ido y de c\u00f3mo contin\u00faa afectando a quienes a\u00fan viven.<\/strong> Una exploraci\u00f3n original y bell\u00edsima sobre la memoria, la desaparici\u00f3n y la huella que dejamos en el mundo.<\/p>\n<p><!-- BREAK 9 --><\/p>\n<p>Foto de portada | <a rel=\"noopener, noreferrer\" href=\"https:\/\/unsplash.com\/es\/@austin_7792\">Boran Pang<\/a><\/p>\n<p>En Trendencias | <a href=\"https:\/\/www.trendencias.com\/propuestas-y-consejos\/16-libros-vendidos-2022-para-leer-2023\">Los 24 mejores libros de 2024, recomendaciones y novedades que enganchan este a\u00f1o<\/a><\/p>\n<p>En Trendencias | <a href=\"https:\/\/www.trendencias.com\/propuestas-y-consejos\/15-mejores-libros-historia-que-te-engancharan-principio-a-fin\">Los 18 mejores libros de la historia que te enganchar\u00e1n de principio a fin<\/a><\/p>\n","protected":false},"excerpt":{"rendered":"<p>Agosto es tambi\u00e9n en la industria editorial por un mes con muy poca actividad. Son escasos los libros que llegan a publicarse en estas semanas de vacaciones de verano. Sin embargo, durante sus \u00faltimos d\u00edas ya empiezan a llegar a las librer\u00edas los primeros t\u00edtulo de la rentr\u00e9e, como avanzadilla de los que llegan en [&hellip;]<\/p>\n","protected":false},"author":1,"featured_media":81307,"comment_status":"closed","ping_status":"closed","sticky":false,"template":"","format":"standard","meta":[],"categories":[],"tags":[],"_links":{"self":[{"href":"http:\/\/hoycordobaweb.com\/index.php\/wp-json\/wp\/v2\/posts\/81306"}],"collection":[{"href":"http:\/\/hoycordobaweb.com\/index.php\/wp-json\/wp\/v2\/posts"}],"about":[{"href":"http:\/\/hoycordobaweb.com\/index.php\/wp-json\/wp\/v2\/types\/post"}],"author":[{"embeddable":true,"href":"http:\/\/hoycordobaweb.com\/index.php\/wp-json\/wp\/v2\/users\/1"}],"replies":[{"embeddable":true,"href":"http:\/\/hoycordobaweb.com\/index.php\/wp-json\/wp\/v2\/comments?post=81306"}],"version-history":[{"count":0,"href":"http:\/\/hoycordobaweb.com\/index.php\/wp-json\/wp\/v2\/posts\/81306\/revisions"}],"wp:featuredmedia":[{"embeddable":true,"href":"http:\/\/hoycordobaweb.com\/index.php\/wp-json\/wp\/v2\/media\/81307"}],"wp:attachment":[{"href":"http:\/\/hoycordobaweb.com\/index.php\/wp-json\/wp\/v2\/media?parent=81306"}],"wp:term":[{"taxonomy":"category","embeddable":true,"href":"http:\/\/hoycordobaweb.com\/index.php\/wp-json\/wp\/v2\/categories?post=81306"},{"taxonomy":"post_tag","embeddable":true,"href":"http:\/\/hoycordobaweb.com\/index.php\/wp-json\/wp\/v2\/tags?post=81306"}],"curies":[{"name":"wp","href":"https:\/\/api.w.org\/{rel}","templated":true}]}}