{"id":81302,"date":"2024-08-06T15:28:10","date_gmt":"2024-08-06T15:28:10","guid":{"rendered":"https:\/\/www.mujerhoy.com\/moda\/no-te-pierdas\/reina-sofia-mallorca-look-elegante-bolso-influencer-maria-g-jaime-accesorios-20240806171449-nt.html"},"modified":"2024-08-06T15:28:10","modified_gmt":"2024-08-06T15:28:10","slug":"la-reina-sofia-pasea-por-mallorca-con-el-look-mas-elegante-del-verano-bolso-disenado-por-una-influencer-espanola-y-joyas-maxi","status":"publish","type":"post","link":"http:\/\/hoycordobaweb.com\/index.php\/2024\/08\/06\/la-reina-sofia-pasea-por-mallorca-con-el-look-mas-elegante-del-verano-bolso-disenado-por-una-influencer-espanola-y-joyas-maxi\/","title":{"rendered":"La reina Sof\u00eda pasea por Mallorca con el look m\u00e1s elegante del verano: bolso dise\u00f1ado por una influencer espa\u00f1ola y joyas maxi"},"content":{"rendered":"<p><!-- AUTHOR --> <\/p>\n<div class=\"voc-author-timesocial \"> <!-- AUTHOR --> <\/p>\n<div class=\"voc-author-timesocial__signature \">\n<div class=\"voc-author-timesocial__img-c\"> <!-- IMAGE AUTHOR --> <picture class=\"voc-image-signature\"> <img class=\"voc-image-signature__img\" src=\"http:\/\/hoycordobaweb.com\/wp-content\/uploads\/2024\/08\/la-reina-sofia-pasea-por-mallorca-con-el-look-mas-elegante-del-verano-bolso-disenado-por-una-influencer-espanola-y-joyas-maxi.jpg\" alt=\"Patricia Mart\u00edn\"> <\/picture> <\/div>\n<p> <!-- INFO AUTHOR --> <\/div><\/div>\n<p> <!-- COMPONENTS --> <\/p>\n<p class=\"voc-paragraph\">La<br \/>\n<strong> familia real espa\u00f1ola<\/strong> nos est\u00e1 dejando estos \u00faltimos d\u00edas varias instant\u00e1neas para el recuerdo. A pesar de que las vacaciones familiares en Mallorca comenzaron de manera oficial la semana pasada con actos como<br \/>\n<a data-voc-vtm-id=\"in-text-traffic\" href=\"https:\/\/www.mujerhoy.com\/celebrities\/realeza\/letizia-festival-atlantida-michael-douglas-vestido-hollywood-sirena-20240729015258-nt.html\" target=\"_blank\" rel=\"noopener noreferrer\"> el Atl\u00e0ntida Film Fest<\/a> que clausur\u00f3 la reina Letizia, no ha sido hasta esta semana cuando padres, hijas y abuela se han reencontrado en Marivent.\n<\/p>\n<p class=\"voc-paragraph\">El pasado domingo 4 de agosto, la familia al completo, incluida<br \/>\n<strong> la reina Sof\u00eda<\/strong>, su hermana Irene, y Tatiana Radziwill, amiga \u00edntima de esta,<br \/>\n<a data-voc-vtm-id=\"in-text-traffic\" href=\"https:\/\/www.mujerhoy.com\/moda\/no-te-pierdas\/reina-sofia-look-verano-comodo-sandalias-menorquinas-pantalones-fluidos-20240805091752-nt.html\" target=\"_blank\" rel=\"noopener noreferrer\"> llegaba al Restaurante M\u00eda, <\/a>ubicado en la zona del puerto de Palma y perteneciente al reputado chef Guillermo Cabot. Hoy, a falta del rey Felipe que se encuentra en Par\u00eds animando a los deportistas en los Juegos Ol\u00edmpicos, tanto la reina Letizia, como la em\u00e9rita y sus dos nietas, <strong>han salido a pasear por el centro de Mallorca. <\/strong><\/p>\n<p class=\"voc-paragraph\">Las cuatro se han dejado ver por el centro de la isla, paseando por la Plaza Mayor de Mallorca y visitando algunas tiendas. Leonor ha estrenado un top palabra de honor, Letizia vestido de Massimo Dutti y la infanta Sof\u00eda un look boho perfecto para el verano. Pero<br \/>\n<strong> el look m\u00e1s c\u00f3modo y elegante <\/strong>del d\u00eda lo ha lucido, esta vez, la reina Sof\u00eda. <\/p>\n<p><h3 class=\"voc-detail__title\"> La clave est\u00e1 en los accesorios<br \/>\n<\/h3>\n<\/p>\n<p class=\"voc-paragraph\">En verano todas <strong>buscamos ir c\u00f3modas y fresquitas,<\/strong> sin sacrificar la elegancia y el estilo por el camino, y la reina Sof\u00eda sabe como construir este tipo de estilismos a la perfecci\u00f3n. Empezamos por <strong>una blusa azul marino,<\/strong> de tejido fluido, escote en pico y manga francesa, combinada con unos pantalones de lino blancos, un cl\u00e1sico. <\/p>\n<div class=\"voc-detail-photo-zoom\"> <picture data-toggle=\"modal\" data-target=\"#photoZoomModal-881\" target=\"modal\">\n<div class=\"voc-img-icon-link\"> <img loading=\"lazy\" src=\"http:\/\/hoycordobaweb.com\/wp-content\/uploads\/2024\/08\/la-reina-sofia-pasea-por-mallorca-con-el-look-mas-elegante-del-verano-bolso-disenado-por-una-influencer-espanola-y-joyas-maxi.webp\" width=\"650\" height=\"900\" alt=\"La reina Sof\u00eda en Mallorca (LIMITED PICTURES)\"> <noscript> <img src=\"http:\/\/hoycordobaweb.com\/wp-content\/uploads\/2024\/08\/la-reina-sofia-pasea-por-mallorca-con-el-look-mas-elegante-del-verano-bolso-disenado-por-una-influencer-espanola-y-joyas-maxi.webp\" alt=\"La reina Sof\u00eda en Mallorca (LIMITED PICTURES)\"> <\/noscript> <i class=\"voc-icons zoom voc-multimedia-box voc-ico-l\"><\/i> <\/div><figcaption class=\"figure-caption\">La reina Sof\u00eda en Mallorca (LIMITED PICTURES)<\/figcaption><\/picture>\n<\/div>\n<div id=\"photoZoomModal-881\" class=\"voc-lightbox modal fade voc-lightbox--photo-zoom\" role=\"dialog\" data-voc-photozoom-lightbox>\n<div class=\"voc-lightbox__dialog\" role=\"document\">\n<div class=\"voc-lightbox__content\"> <!-- Modal header --> <!-- Modal content --> <\/p>\n<div class=\"voc-lightbox__photo-container\"> <picture class> <img loading=\"lazy\" src=\"http:\/\/hoycordobaweb.com\/wp-content\/uploads\/2024\/08\/la-reina-sofia-pasea-por-mallorca-con-el-look-mas-elegante-del-verano-bolso-disenado-por-una-influencer-espanola-y-joyas-maxi.webp\" alt=\"La reina Sof\u00eda en Mallorca (LIMITED PICTURES)\"> <noscript> <img src=\"http:\/\/hoycordobaweb.com\/wp-content\/uploads\/2024\/08\/la-reina-sofia-pasea-por-mallorca-con-el-look-mas-elegante-del-verano-bolso-disenado-por-una-influencer-espanola-y-joyas-maxi.webp\" alt=\"La reina Sof\u00eda en Mallorca (LIMITED PICTURES)\"> <\/noscript> <\/picture> <\/div><\/div><\/div>\n<\/div>\n<p class=\"voc-paragraph\">En cuanto al calzado, la em\u00e9rita<br \/>\n<strong> luce unas alpargatas de ante con cu\u00f1a de Toni Pons <\/strong>(59,95 \u20ac). La cu\u00f1a de yute tiene una altura total de 6 cm, la base de la suela es de goma antideslizante y la suela interior est\u00e1 forrada en tejido. Esta sandalia cuenta con unas tiras el\u00e1sticas laterales que aportan una gran sujeci\u00f3n al pie. La uni\u00f3n del ante y la suela est\u00e1 cosida a mano con un hilo de algod\u00f3n.\n<\/p>\n<p class=\"voc-paragraph\">La clave para elevar este look est\u00e1 en los accesorios. Por un lado, la joyer\u00eda, donde la reina Sof\u00eda arriesga<br \/>\n<strong> combinando collares de varios materiales y longitudes,<\/strong> consiguiendo dar al estilismo un toque de lo m\u00e1s actual. Los pendientes, unos aros dorados sencillos, tambi\u00e9n son todo un acierto. <\/p>\n<p class=\"voc-paragraph\">Pero el accesorio que m\u00e1s nos ha sorprendido de todos es, sin lugar a dudas, el bolso. \u00bfEl motivo? Pertenece <strong>HIMBA,<\/strong> la firma de ropa de la pareja de influencers <strong>Maria G. de Jaime y Tom\u00e1s P\u00e1ramo. <\/strong>Se trata de un modelo con estampado de rayas, en amarillo y azul, que sirve tanto de neceser como de bolso, y que se ha convertido en viral este verano. <\/p>\n<p class=\"voc-paragraph\">Una vez m\u00e1s la reina Sof\u00eda vuelve a darnos <strong>una lecci\u00f3n de estilo,<\/strong> demostrando que, no hay edad para la elegancia, y que ning\u00fan look es aburrido con los complementos acertados. <\/p>\n<p> <!-- TOPICS --> <\/p>\n","protected":false},"excerpt":{"rendered":"<p>La familia real espa\u00f1ola nos est\u00e1 dejando estos \u00faltimos d\u00edas varias instant\u00e1neas para el recuerdo. A pesar de que las vacaciones familiares en Mallorca comenzaron de manera oficial la semana pasada con actos como el Atl\u00e0ntida Film Fest que clausur\u00f3 la reina Letizia, no ha sido hasta esta semana cuando padres, hijas y abuela se [&hellip;]<\/p>\n","protected":false},"author":1,"featured_media":81303,"comment_status":"closed","ping_status":"closed","sticky":false,"template":"","format":"standard","meta":[],"categories":[],"tags":[],"_links":{"self":[{"href":"http:\/\/hoycordobaweb.com\/index.php\/wp-json\/wp\/v2\/posts\/81302"}],"collection":[{"href":"http:\/\/hoycordobaweb.com\/index.php\/wp-json\/wp\/v2\/posts"}],"about":[{"href":"http:\/\/hoycordobaweb.com\/index.php\/wp-json\/wp\/v2\/types\/post"}],"author":[{"embeddable":true,"href":"http:\/\/hoycordobaweb.com\/index.php\/wp-json\/wp\/v2\/users\/1"}],"replies":[{"embeddable":true,"href":"http:\/\/hoycordobaweb.com\/index.php\/wp-json\/wp\/v2\/comments?post=81302"}],"version-history":[{"count":0,"href":"http:\/\/hoycordobaweb.com\/index.php\/wp-json\/wp\/v2\/posts\/81302\/revisions"}],"wp:featuredmedia":[{"embeddable":true,"href":"http:\/\/hoycordobaweb.com\/index.php\/wp-json\/wp\/v2\/media\/81303"}],"wp:attachment":[{"href":"http:\/\/hoycordobaweb.com\/index.php\/wp-json\/wp\/v2\/media?parent=81302"}],"wp:term":[{"taxonomy":"category","embeddable":true,"href":"http:\/\/hoycordobaweb.com\/index.php\/wp-json\/wp\/v2\/categories?post=81302"},{"taxonomy":"post_tag","embeddable":true,"href":"http:\/\/hoycordobaweb.com\/index.php\/wp-json\/wp\/v2\/tags?post=81302"}],"curies":[{"name":"wp","href":"https:\/\/api.w.org\/{rel}","templated":true}]}}