{"id":81300,"date":"2024-08-07T05:11:24","date_gmt":"2024-08-07T05:11:24","guid":{"rendered":"https:\/\/www.mujerhoy.com\/moda\/no-te-pierdas\/nuevo-zara-vestido-blanco-verano-2024-20240807025338-nt.html"},"modified":"2024-08-07T05:11:24","modified_gmt":"2024-08-07T05:11:24","slug":"lo-nuevo-de-zara-de-la-semana-vestidos-blancos-blusas-romanticas-y-jerseis-de-entretiempo","status":"publish","type":"post","link":"http:\/\/hoycordobaweb.com\/index.php\/2024\/08\/07\/lo-nuevo-de-zara-de-la-semana-vestidos-blancos-blusas-romanticas-y-jerseis-de-entretiempo\/","title":{"rendered":"Lo nuevo de Zara de la semana: vestidos blancos, blusas rom\u00e1nticas y jers\u00e9is de entretiempo"},"content":{"rendered":"<p><!-- AUTHOR --> <\/p>\n<div class=\"voc-author-timesocial \"> <!-- AUTHOR --> <\/p>\n<div class=\"voc-author-timesocial__signature \">\n<div class=\"voc-author-timesocial__img-c\"> <!-- IMAGE AUTHOR --> <picture class=\"voc-image-signature\"> <img class=\"voc-image-signature__img\" src=\"http:\/\/hoycordobaweb.com\/wp-content\/uploads\/2024\/08\/lo-nuevo-de-zara-de-la-semana-vestidos-blancos-blusas-romanticas-y-jerseis-de-entretiempo.jpg\" alt=\"Gemma Cano\"> <\/picture> <\/div>\n<p> <!-- INFO AUTHOR --> <\/p>\n<div class=\"voc-author-timesocial__info\">\n<div class=\"voc-author-info\"> <author> <a class=\"voc-author\" href=\"https:\/\/www.mujerhoy.com\/autor\/gemma-cano-1220.html\">Gemma Cano<\/a> <\/author> <time datetime=\"2024-08-07T05:11:24Z\" data-timestamp>Publicado \u00b7 <span data-voc-date-modified-short>7 de agosto de 2024, 07:11 h<\/span><\/time> <\/div><\/div><\/div><\/div>\n<p> <!-- COMPONENTS --> <\/p>\n<p class=\"voc-paragraph\">Con la llegada de los avances de colecci\u00f3n, <strong>las nuevas tendencias se empiezan a perfilar en el horizonte<\/strong>. Prendas y accesorios que se posicionan como aut\u00e9nticos b\u00e1sicos imprescindibles, no solo por su versatilidad y facilidad a la hora de incorporarlas a nuestro armario, sino tambi\u00e9n porque tienen el poder de renovar por completo <a data-voc-vtm-id=\"in-text-traffic\" href=\"https:\/\/www.mujerhoy.com\/moda\/no-te-pierdas\/nuevo-parfois-camisa-blanca-basicos-baratos-20240804023839-nt.html\">nuestros looks diarios<\/a>.\n<\/p>\n<p class=\"voc-paragraph\">\u00bf<br \/>\n<a data-voc-vtm-id=\"in-text-traffic\" href=\"https:\/\/www.mujerhoy.com\/moda\/no-te-pierdas\/novedades-hym-camisas-blancas-vestidos-temporada-otono-20240805081812-nt.html?ref=https%3A%2F%2Fwww.mujerhoy.com%2Fautor%2Fgemma-cano-1220.html\">Qu\u00e9 nos propone<\/a> Zara esta semana para que comencemos a descubrir la nueva temporada y nos olvidemos totalmente de las rebajas de verano? Compras en clave relajada, pero al mismo tiempo con un toque muy sofisticado. Vestidos en tonos neutros, zapatos dorados completamente planos, faldas cruzadas, camisas blancas de aires rom\u00e1nticos y <strong>muchas otras propuestas que no puedes dejar escapa<\/strong><strong>r<\/strong>.\n<\/p>\n<div class=\"voc-detail-photo-zoom\"> <picture data-toggle=\"modal\" data-target=\"#photoZoomModal-314\" target=\"modal\">\n<div class=\"voc-img-icon-link\"> <img loading=\"lazy\" src=\"http:\/\/hoycordobaweb.com\/wp-content\/uploads\/2024\/08\/lo-nuevo-de-zara-de-la-semana-vestidos-blancos-blusas-romanticas-y-jerseis-de-entretiempo.webp\" width=\"460\" height=\"637\" alt=\"Vestido blanco de Zara (45,99 euros)\"> <noscript> <img src=\"http:\/\/hoycordobaweb.com\/wp-content\/uploads\/2024\/08\/lo-nuevo-de-zara-de-la-semana-vestidos-blancos-blusas-romanticas-y-jerseis-de-entretiempo.webp\" alt=\"Vestido blanco de Zara (45,99 euros)\"> <\/noscript> <i class=\"voc-icons zoom voc-multimedia-box voc-ico-l\"><\/i> <\/div><figcaption class=\"figure-caption\">Vestido blanco de Zara (45,99 euros)<\/figcaption><\/picture>\n<\/div>\n<div id=\"photoZoomModal-314\" class=\"voc-lightbox modal fade voc-lightbox--photo-zoom\" role=\"dialog\" data-voc-photozoom-lightbox>\n<div class=\"voc-lightbox__dialog\" role=\"document\">\n<div class=\"voc-lightbox__content\"> <!-- Modal header --> <!-- Modal content --> <\/p>\n<div class=\"voc-lightbox__photo-container\"> <picture class> <img loading=\"lazy\" src=\"http:\/\/hoycordobaweb.com\/wp-content\/uploads\/2024\/08\/lo-nuevo-de-zara-de-la-semana-vestidos-blancos-blusas-romanticas-y-jerseis-de-entretiempo.webp\" alt=\"Vestido blanco de Zara (45,99 euros)\"> <noscript> <img src=\"http:\/\/hoycordobaweb.com\/wp-content\/uploads\/2024\/08\/lo-nuevo-de-zara-de-la-semana-vestidos-blancos-blusas-romanticas-y-jerseis-de-entretiempo.webp\" alt=\"Vestido blanco de Zara (45,99 euros)\"> <\/noscript> <\/picture> <\/div><\/div><\/div>\n<\/div>\n<p><h3 class=\"voc-detail__title\"> Vestido blanco de Zara (45,99 euros)<br \/>\n<\/h3>\n<\/p>\n<p class=\"voc-paragraph\">La nueva temporada llega con dise\u00f1os tan bonitos y elegantes como este vestido midi de corte camisero.\n<\/p>\n<div class=\"voc-detail-photo-zoom\"> <picture data-toggle=\"modal\" data-target=\"#photoZoomModal-139\" target=\"modal\">\n<div class=\"voc-img-icon-link\"> <img loading=\"lazy\" src=\"http:\/\/hoycordobaweb.com\/wp-content\/uploads\/2024\/08\/lo-nuevo-de-zara-de-la-semana-vestidos-blancos-blusas-romanticas-y-jerseis-de-entretiempo-1.webp\" width=\"460\" height=\"637\" alt=\"Falda estampada de Zara (27,99 euros)\"> <noscript> <img src=\"http:\/\/hoycordobaweb.com\/wp-content\/uploads\/2024\/08\/lo-nuevo-de-zara-de-la-semana-vestidos-blancos-blusas-romanticas-y-jerseis-de-entretiempo-1.webp\" alt=\"Falda estampada de Zara (27,99 euros)\"> <\/noscript> <i class=\"voc-icons zoom voc-multimedia-box voc-ico-l\"><\/i> <\/div><figcaption class=\"figure-caption\">Falda estampada de Zara (27,99 euros)<\/figcaption><\/picture>\n<\/div>\n<div id=\"photoZoomModal-139\" class=\"voc-lightbox modal fade voc-lightbox--photo-zoom\" role=\"dialog\" data-voc-photozoom-lightbox>\n<div class=\"voc-lightbox__dialog\" role=\"document\">\n<div class=\"voc-lightbox__content\"> <!-- Modal header --> <!-- Modal content --> <\/p>\n<div class=\"voc-lightbox__photo-container\"> <picture class> <img loading=\"lazy\" src=\"http:\/\/hoycordobaweb.com\/wp-content\/uploads\/2024\/08\/lo-nuevo-de-zara-de-la-semana-vestidos-blancos-blusas-romanticas-y-jerseis-de-entretiempo-1.webp\" alt=\"Falda estampada de Zara (27,99 euros)\"> <noscript> <img src=\"http:\/\/hoycordobaweb.com\/wp-content\/uploads\/2024\/08\/lo-nuevo-de-zara-de-la-semana-vestidos-blancos-blusas-romanticas-y-jerseis-de-entretiempo-1.webp\" alt=\"Falda estampada de Zara (27,99 euros)\"> <\/noscript> <\/picture> <\/div><\/div><\/div>\n<\/div>\n<p><h3 class=\"voc-detail__title\"> Falda estampada de Zara (27,99 euros)<br \/>\n<\/h3>\n<\/p>\n<p class=\"voc-paragraph\">Este tipo de dise\u00f1os funcionan muy bien con cualquier look de verano. Un dise\u00f1o que queda bien con cualquier silueta.\n<\/p>\n<div class=\"voc-detail-photo-zoom\"> <picture data-toggle=\"modal\" data-target=\"#photoZoomModal-516\" target=\"modal\">\n<div class=\"voc-img-icon-link\"> <img loading=\"lazy\" src=\"http:\/\/hoycordobaweb.com\/wp-content\/uploads\/2024\/08\/lo-nuevo-de-zara-de-la-semana-vestidos-blancos-blusas-romanticas-y-jerseis-de-entretiempo-2.webp\" width=\"460\" height=\"637\" alt=\"Zapatos dorados de Zara (39,99 euros\"> <noscript> <img src=\"http:\/\/hoycordobaweb.com\/wp-content\/uploads\/2024\/08\/lo-nuevo-de-zara-de-la-semana-vestidos-blancos-blusas-romanticas-y-jerseis-de-entretiempo-2.webp\" alt=\"Zapatos dorados de Zara (39,99 euros\"> <\/noscript> <i class=\"voc-icons zoom voc-multimedia-box voc-ico-l\"><\/i> <\/div><figcaption class=\"figure-caption\">Zapatos dorados de Zara (39,99 euros<\/figcaption><\/picture>\n<\/div>\n<div id=\"photoZoomModal-516\" class=\"voc-lightbox modal fade voc-lightbox--photo-zoom\" role=\"dialog\" data-voc-photozoom-lightbox>\n<div class=\"voc-lightbox__dialog\" role=\"document\">\n<div class=\"voc-lightbox__content\"> <!-- Modal header --> <!-- Modal content --> <\/p>\n<div class=\"voc-lightbox__photo-container\"> <picture class> <img loading=\"lazy\" src=\"http:\/\/hoycordobaweb.com\/wp-content\/uploads\/2024\/08\/lo-nuevo-de-zara-de-la-semana-vestidos-blancos-blusas-romanticas-y-jerseis-de-entretiempo-2.webp\" alt=\"Zapatos dorados de Zara (39,99 euros\"> <noscript> <img src=\"http:\/\/hoycordobaweb.com\/wp-content\/uploads\/2024\/08\/lo-nuevo-de-zara-de-la-semana-vestidos-blancos-blusas-romanticas-y-jerseis-de-entretiempo-2.webp\" alt=\"Zapatos dorados de Zara (39,99 euros\"> <\/noscript> <\/picture> <\/div><\/div><\/div>\n<\/div>\n<p><h3 class=\"voc-detail__title\"> Zapatos dorados de Zara (39,99 euros<br \/>\n<\/h3>\n<\/p>\n<p class=\"voc-paragraph\">Los accesorios metalizados aportan un toque muy especial a cualquier look de verano o de entretiempo.\n<\/p>\n<div class=\"voc-detail-photo-zoom\"> <picture data-toggle=\"modal\" data-target=\"#photoZoomModal-272\" target=\"modal\">\n<div class=\"voc-img-icon-link\"> <img loading=\"lazy\" src=\"http:\/\/hoycordobaweb.com\/wp-content\/uploads\/2024\/08\/lo-nuevo-de-zara-de-la-semana-vestidos-blancos-blusas-romanticas-y-jerseis-de-entretiempo-3.webp\" width=\"460\" height=\"637\" alt=\"Vestido con estampado animal de Zara (29,99 euros)\"> <noscript> <img src=\"http:\/\/hoycordobaweb.com\/wp-content\/uploads\/2024\/08\/lo-nuevo-de-zara-de-la-semana-vestidos-blancos-blusas-romanticas-y-jerseis-de-entretiempo-3.webp\" alt=\"Vestido con estampado animal de Zara (29,99 euros)\"> <\/noscript> <i class=\"voc-icons zoom voc-multimedia-box voc-ico-l\"><\/i> <\/div><figcaption class=\"figure-caption\">Vestido con estampado animal de Zara (29,99 euros)<\/figcaption><\/picture>\n<\/div>\n<div id=\"photoZoomModal-272\" class=\"voc-lightbox modal fade voc-lightbox--photo-zoom\" role=\"dialog\" data-voc-photozoom-lightbox>\n<div class=\"voc-lightbox__dialog\" role=\"document\">\n<div class=\"voc-lightbox__content\"> <!-- Modal header --> <!-- Modal content --> <\/p>\n<div class=\"voc-lightbox__photo-container\"> <picture class> <img loading=\"lazy\" src=\"http:\/\/hoycordobaweb.com\/wp-content\/uploads\/2024\/08\/lo-nuevo-de-zara-de-la-semana-vestidos-blancos-blusas-romanticas-y-jerseis-de-entretiempo-3.webp\" alt=\"Vestido con estampado animal de Zara (29,99 euros)\"> <noscript> <img src=\"http:\/\/hoycordobaweb.com\/wp-content\/uploads\/2024\/08\/lo-nuevo-de-zara-de-la-semana-vestidos-blancos-blusas-romanticas-y-jerseis-de-entretiempo-3.webp\" alt=\"Vestido con estampado animal de Zara (29,99 euros)\"> <\/noscript> <\/picture> <\/div><\/div><\/div>\n<\/div>\n<p><h3 class=\"voc-detail__title\"> Vestido con estampado animal de Zara (29,99 euros)<br \/>\n<\/h3>\n<\/p>\n<p class=\"voc-paragraph\">Los detalles marcan la diferencia en este tipo de prendas especiales.\n<\/p>\n<div class=\"voc-detail-photo-zoom\"> <picture data-toggle=\"modal\" data-target=\"#photoZoomModal-285\" target=\"modal\">\n<div class=\"voc-img-icon-link\"> <img loading=\"lazy\" src=\"http:\/\/hoycordobaweb.com\/wp-content\/uploads\/2024\/08\/lo-nuevo-de-zara-de-la-semana-vestidos-blancos-blusas-romanticas-y-jerseis-de-entretiempo-1.jpg\" width=\"460\" height=\"637\" alt=\"Top de punto de Zara (19,99 euros)\"> <noscript> <img src=\"http:\/\/hoycordobaweb.com\/wp-content\/uploads\/2024\/08\/lo-nuevo-de-zara-de-la-semana-vestidos-blancos-blusas-romanticas-y-jerseis-de-entretiempo-1.jpg\" alt=\"Top de punto de Zara (19,99 euros)\"> <\/noscript> <i class=\"voc-icons zoom voc-multimedia-box voc-ico-l\"><\/i> <\/div><figcaption class=\"figure-caption\">Top de punto de Zara (19,99 euros)<\/figcaption><\/picture>\n<\/div>\n<div id=\"photoZoomModal-285\" class=\"voc-lightbox modal fade voc-lightbox--photo-zoom\" role=\"dialog\" data-voc-photozoom-lightbox>\n<div class=\"voc-lightbox__dialog\" role=\"document\">\n<div class=\"voc-lightbox__content\"> <!-- Modal header --> <!-- Modal content --> <\/p>\n<div class=\"voc-lightbox__photo-container\"> <picture class> <img loading=\"lazy\" src=\"http:\/\/hoycordobaweb.com\/wp-content\/uploads\/2024\/08\/lo-nuevo-de-zara-de-la-semana-vestidos-blancos-blusas-romanticas-y-jerseis-de-entretiempo-1.jpg\" alt=\"Top de punto de Zara (19,99 euros)\"> <noscript> <img src=\"http:\/\/hoycordobaweb.com\/wp-content\/uploads\/2024\/08\/lo-nuevo-de-zara-de-la-semana-vestidos-blancos-blusas-romanticas-y-jerseis-de-entretiempo-1.jpg\" alt=\"Top de punto de Zara (19,99 euros)\"> <\/noscript> <\/picture> <\/div><\/div><\/div>\n<\/div>\n<p><h3 class=\"voc-detail__title\"> Top de punto de Zara (19,99 euros)<br \/>\n<\/h3>\n<\/p>\n<p class=\"voc-paragraph\">Siempre hay hueco en el armario de verano para un nuevo dise\u00f1o de este estilo.\n<\/p>\n<div class=\"voc-detail-photo-zoom\"> <picture data-toggle=\"modal\" data-target=\"#photoZoomModal-34\" target=\"modal\">\n<div class=\"voc-img-icon-link\"> <img loading=\"lazy\" src=\"http:\/\/hoycordobaweb.com\/wp-content\/uploads\/2024\/08\/lo-nuevo-de-zara-de-la-semana-vestidos-blancos-blusas-romanticas-y-jerseis-de-entretiempo-2.jpg\" width=\"460\" height=\"637\" alt=\"Vestido marr\u00f3n de Zara (25,99 euros)\"> <noscript> <img src=\"http:\/\/hoycordobaweb.com\/wp-content\/uploads\/2024\/08\/lo-nuevo-de-zara-de-la-semana-vestidos-blancos-blusas-romanticas-y-jerseis-de-entretiempo-2.jpg\" alt=\"Vestido marr\u00f3n de Zara (25,99 euros)\"> <\/noscript> <i class=\"voc-icons zoom voc-multimedia-box voc-ico-l\"><\/i> <\/div><figcaption class=\"figure-caption\">Vestido marr\u00f3n de Zara (25,99 euros)<\/figcaption><\/picture>\n<\/div>\n<div id=\"photoZoomModal-34\" class=\"voc-lightbox modal fade voc-lightbox--photo-zoom\" role=\"dialog\" data-voc-photozoom-lightbox>\n<div class=\"voc-lightbox__dialog\" role=\"document\">\n<div class=\"voc-lightbox__content\"> <!-- Modal header --> <!-- Modal content --> <\/p>\n<div class=\"voc-lightbox__photo-container\"> <picture class> <img loading=\"lazy\" src=\"http:\/\/hoycordobaweb.com\/wp-content\/uploads\/2024\/08\/lo-nuevo-de-zara-de-la-semana-vestidos-blancos-blusas-romanticas-y-jerseis-de-entretiempo-2.jpg\" alt=\"Vestido marr\u00f3n de Zara (25,99 euros)\"> <noscript> <img src=\"http:\/\/hoycordobaweb.com\/wp-content\/uploads\/2024\/08\/lo-nuevo-de-zara-de-la-semana-vestidos-blancos-blusas-romanticas-y-jerseis-de-entretiempo-2.jpg\" alt=\"Vestido marr\u00f3n de Zara (25,99 euros)\"> <\/noscript> <\/picture> <\/div><\/div><\/div>\n<\/div>\n<p><h3 class=\"voc-detail__title\"> Vestido marr\u00f3n de Zara (25,99 euros)<br \/>\n<\/h3>\n<\/p>\n<p class=\"voc-paragraph\">Es temporada de lucir dise\u00f1os veraniegos realmente especiales. Nos encanta esta propuesta completamente ajustada.\n<\/p>\n<div class=\"voc-detail-photo-zoom\"> <picture data-toggle=\"modal\" data-target=\"#photoZoomModal-935\" target=\"modal\">\n<div class=\"voc-img-icon-link\"> <img loading=\"lazy\" src=\"http:\/\/hoycordobaweb.com\/wp-content\/uploads\/2024\/08\/lo-nuevo-de-zara-de-la-semana-vestidos-blancos-blusas-romanticas-y-jerseis-de-entretiempo-3.jpg\" width=\"460\" height=\"637\" alt=\"Vestido r\u00fastico de Zara (25,99 euros)\"> <noscript> <img src=\"http:\/\/hoycordobaweb.com\/wp-content\/uploads\/2024\/08\/lo-nuevo-de-zara-de-la-semana-vestidos-blancos-blusas-romanticas-y-jerseis-de-entretiempo-3.jpg\" alt=\"Vestido r\u00fastico de Zara (25,99 euros)\"> <\/noscript> <i class=\"voc-icons zoom voc-multimedia-box voc-ico-l\"><\/i> <\/div><figcaption class=\"figure-caption\">Vestido r\u00fastico de Zara (25,99 euros)<\/figcaption><\/picture>\n<\/div>\n<div id=\"photoZoomModal-935\" class=\"voc-lightbox modal fade voc-lightbox--photo-zoom\" role=\"dialog\" data-voc-photozoom-lightbox>\n<div class=\"voc-lightbox__dialog\" role=\"document\">\n<div class=\"voc-lightbox__content\"> <!-- Modal header --> <!-- Modal content --> <\/p>\n<div class=\"voc-lightbox__photo-container\"> <picture class> <img loading=\"lazy\" src=\"http:\/\/hoycordobaweb.com\/wp-content\/uploads\/2024\/08\/lo-nuevo-de-zara-de-la-semana-vestidos-blancos-blusas-romanticas-y-jerseis-de-entretiempo-3.jpg\" alt=\"Vestido r\u00fastico de Zara (25,99 euros)\"> <noscript> <img src=\"http:\/\/hoycordobaweb.com\/wp-content\/uploads\/2024\/08\/lo-nuevo-de-zara-de-la-semana-vestidos-blancos-blusas-romanticas-y-jerseis-de-entretiempo-3.jpg\" alt=\"Vestido r\u00fastico de Zara (25,99 euros)\"> <\/noscript> <\/picture> <\/div><\/div><\/div>\n<\/div>\n<p><h3 class=\"voc-detail__title\"> Vestido r\u00fastico de Zara (25,99 euros)<br \/>\n<\/h3>\n<\/p>\n<p class=\"voc-paragraph\">Este tipo de prendas de verano son siempre infalibles para lucir durante las vacaciones.\n<\/p>\n<div class=\"voc-detail-photo-zoom\"> <picture data-toggle=\"modal\" data-target=\"#photoZoomModal-994\" target=\"modal\">\n<div class=\"voc-img-icon-link\"> <img loading=\"lazy\" src=\"http:\/\/hoycordobaweb.com\/wp-content\/uploads\/2024\/08\/lo-nuevo-de-zara-de-la-semana-vestidos-blancos-blusas-romanticas-y-jerseis-de-entretiempo-4.webp\" width=\"460\" height=\"637\" alt=\"Blusa blanca de Zara (25,95 euros)\"> <noscript> <img src=\"http:\/\/hoycordobaweb.com\/wp-content\/uploads\/2024\/08\/lo-nuevo-de-zara-de-la-semana-vestidos-blancos-blusas-romanticas-y-jerseis-de-entretiempo-4.webp\" alt=\"Blusa blanca de Zara (25,95 euros)\"> <\/noscript> <i class=\"voc-icons zoom voc-multimedia-box voc-ico-l\"><\/i> <\/div><figcaption class=\"figure-caption\">Blusa blanca de Zara (25,95 euros)<\/figcaption><\/picture>\n<\/div>\n<div id=\"photoZoomModal-994\" class=\"voc-lightbox modal fade voc-lightbox--photo-zoom\" role=\"dialog\" data-voc-photozoom-lightbox>\n<div class=\"voc-lightbox__dialog\" role=\"document\">\n<div class=\"voc-lightbox__content\"> <!-- Modal header --> <!-- Modal content --> <\/p>\n<div class=\"voc-lightbox__photo-container\"> <picture class> <img loading=\"lazy\" src=\"http:\/\/hoycordobaweb.com\/wp-content\/uploads\/2024\/08\/lo-nuevo-de-zara-de-la-semana-vestidos-blancos-blusas-romanticas-y-jerseis-de-entretiempo-4.webp\" alt=\"Blusa blanca de Zara (25,95 euros)\"> <noscript> <img src=\"http:\/\/hoycordobaweb.com\/wp-content\/uploads\/2024\/08\/lo-nuevo-de-zara-de-la-semana-vestidos-blancos-blusas-romanticas-y-jerseis-de-entretiempo-4.webp\" alt=\"Blusa blanca de Zara (25,95 euros)\"> <\/noscript> <\/picture> <\/div><\/div><\/div>\n<\/div>\n<p><h3 class=\"voc-detail__title\"> Blusa blanca de Zara (25,95 euros)<br \/>\n<\/h3>\n<\/p>\n<p class=\"voc-paragraph\">Si est\u00e1s buscando una prenda elegante en clave veraniega, tienes que ver este bonito dise\u00f1o calado.\n<\/p>\n<div class=\"voc-detail-photo-zoom\"> <picture data-toggle=\"modal\" data-target=\"#photoZoomModal-978\" target=\"modal\">\n<div class=\"voc-img-icon-link\"> <img loading=\"lazy\" src=\"http:\/\/hoycordobaweb.com\/wp-content\/uploads\/2024\/08\/lo-nuevo-de-zara-de-la-semana-vestidos-blancos-blusas-romanticas-y-jerseis-de-entretiempo-5.webp\" width=\"460\" height=\"637\" alt=\"Chaleco de punto de Zara (17,99 euros)\"> <noscript> <img src=\"http:\/\/hoycordobaweb.com\/wp-content\/uploads\/2024\/08\/lo-nuevo-de-zara-de-la-semana-vestidos-blancos-blusas-romanticas-y-jerseis-de-entretiempo-5.webp\" alt=\"Chaleco de punto de Zara (17,99 euros)\"> <\/noscript> <i class=\"voc-icons zoom voc-multimedia-box voc-ico-l\"><\/i> <\/div><figcaption class=\"figure-caption\">Chaleco de punto de Zara (17,99 euros)<\/figcaption><\/picture>\n<\/div>\n<div id=\"photoZoomModal-978\" class=\"voc-lightbox modal fade voc-lightbox--photo-zoom\" role=\"dialog\" data-voc-photozoom-lightbox>\n<div class=\"voc-lightbox__dialog\" role=\"document\">\n<div class=\"voc-lightbox__content\"> <!-- Modal header --> <!-- Modal content --> <\/p>\n<div class=\"voc-lightbox__photo-container\"> <picture class> <img loading=\"lazy\" src=\"http:\/\/hoycordobaweb.com\/wp-content\/uploads\/2024\/08\/lo-nuevo-de-zara-de-la-semana-vestidos-blancos-blusas-romanticas-y-jerseis-de-entretiempo-5.webp\" alt=\"Chaleco de punto de Zara (17,99 euros)\"> <noscript> <img src=\"http:\/\/hoycordobaweb.com\/wp-content\/uploads\/2024\/08\/lo-nuevo-de-zara-de-la-semana-vestidos-blancos-blusas-romanticas-y-jerseis-de-entretiempo-5.webp\" alt=\"Chaleco de punto de Zara (17,99 euros)\"> <\/noscript> <\/picture> <\/div><\/div><\/div>\n<\/div>\n<p><h3 class=\"voc-detail__title\"> Chaleco de punto de Zara (17,99 euros)<br \/>\n<\/h3>\n<\/p>\n<p class=\"voc-paragraph\">El verano es el momento perfecto para lucir este tipo de bonitos conjuntos.\n<\/p>\n<div class=\"voc-detail-photo-zoom\"> <picture data-toggle=\"modal\" data-target=\"#photoZoomModal-870\" target=\"modal\">\n<div class=\"voc-img-icon-link\"> <img loading=\"lazy\" src=\"http:\/\/hoycordobaweb.com\/wp-content\/uploads\/2024\/08\/lo-nuevo-de-zara-de-la-semana-vestidos-blancos-blusas-romanticas-y-jerseis-de-entretiempo-6.webp\" width=\"460\" height=\"637\" alt=\"Jersey azul de Zara (15,99 euros)\"> <noscript> <img src=\"http:\/\/hoycordobaweb.com\/wp-content\/uploads\/2024\/08\/lo-nuevo-de-zara-de-la-semana-vestidos-blancos-blusas-romanticas-y-jerseis-de-entretiempo-6.webp\" alt=\"Jersey azul de Zara (15,99 euros)\"> <\/noscript> <i class=\"voc-icons zoom voc-multimedia-box voc-ico-l\"><\/i> <\/div><figcaption class=\"figure-caption\">Jersey azul de Zara (15,99 euros)<\/figcaption><\/picture>\n<\/div>\n<div id=\"photoZoomModal-870\" class=\"voc-lightbox modal fade voc-lightbox--photo-zoom\" role=\"dialog\" data-voc-photozoom-lightbox>\n<div class=\"voc-lightbox__dialog\" role=\"document\">\n<div class=\"voc-lightbox__content\"> <!-- Modal header --> <!-- Modal content --> <\/p>\n<div class=\"voc-lightbox__photo-container\"> <picture class> <img loading=\"lazy\" src=\"http:\/\/hoycordobaweb.com\/wp-content\/uploads\/2024\/08\/lo-nuevo-de-zara-de-la-semana-vestidos-blancos-blusas-romanticas-y-jerseis-de-entretiempo-6.webp\" alt=\"Jersey azul de Zara (15,99 euros)\"> <noscript> <img src=\"http:\/\/hoycordobaweb.com\/wp-content\/uploads\/2024\/08\/lo-nuevo-de-zara-de-la-semana-vestidos-blancos-blusas-romanticas-y-jerseis-de-entretiempo-6.webp\" alt=\"Jersey azul de Zara (15,99 euros)\"> <\/noscript> <\/picture> <\/div><\/div><\/div>\n<\/div>\n<p><h3 class=\"voc-detail__title\"> Jersey azul de Zara (15,99 euros)<br \/>\n<\/h3>\n<\/p>\n<p class=\"voc-paragraph\">Y terminamos la selecci\u00f3n de la semana con un bonito dise\u00f1o, que podr\u00e1s llevar si refresca por la noche.\n<\/p>\n<p> <!-- TOPICS --> <\/p>\n","protected":false},"excerpt":{"rendered":"<p>Gemma Cano Publicado \u00b7 7 de agosto de 2024, 07:11 h Con la llegada de los avances de colecci\u00f3n, las nuevas tendencias se empiezan a perfilar en el horizonte. Prendas y accesorios que se posicionan como aut\u00e9nticos b\u00e1sicos imprescindibles, no solo por su versatilidad y facilidad a la hora de incorporarlas a nuestro armario, sino [&hellip;]<\/p>\n","protected":false},"author":1,"featured_media":81301,"comment_status":"closed","ping_status":"closed","sticky":false,"template":"","format":"standard","meta":[],"categories":[],"tags":[],"_links":{"self":[{"href":"http:\/\/hoycordobaweb.com\/index.php\/wp-json\/wp\/v2\/posts\/81300"}],"collection":[{"href":"http:\/\/hoycordobaweb.com\/index.php\/wp-json\/wp\/v2\/posts"}],"about":[{"href":"http:\/\/hoycordobaweb.com\/index.php\/wp-json\/wp\/v2\/types\/post"}],"author":[{"embeddable":true,"href":"http:\/\/hoycordobaweb.com\/index.php\/wp-json\/wp\/v2\/users\/1"}],"replies":[{"embeddable":true,"href":"http:\/\/hoycordobaweb.com\/index.php\/wp-json\/wp\/v2\/comments?post=81300"}],"version-history":[{"count":0,"href":"http:\/\/hoycordobaweb.com\/index.php\/wp-json\/wp\/v2\/posts\/81300\/revisions"}],"wp:featuredmedia":[{"embeddable":true,"href":"http:\/\/hoycordobaweb.com\/index.php\/wp-json\/wp\/v2\/media\/81301"}],"wp:attachment":[{"href":"http:\/\/hoycordobaweb.com\/index.php\/wp-json\/wp\/v2\/media?parent=81300"}],"wp:term":[{"taxonomy":"category","embeddable":true,"href":"http:\/\/hoycordobaweb.com\/index.php\/wp-json\/wp\/v2\/categories?post=81300"},{"taxonomy":"post_tag","embeddable":true,"href":"http:\/\/hoycordobaweb.com\/index.php\/wp-json\/wp\/v2\/tags?post=81300"}],"curies":[{"name":"wp","href":"https:\/\/api.w.org\/{rel}","templated":true}]}}