{"id":81294,"date":"2024-08-06T00:57:59","date_gmt":"2024-08-06T00:57:59","guid":{"rendered":"https:\/\/www.ole.com.ar\/opinion\/francotirador-ole-gallardo-vuelta-river_0_OBX0dPb0j3.html"},"modified":"2024-08-06T00:57:59","modified_gmt":"2024-08-06T00:57:59","slug":"gallardo-armonia-y-siete-escalones-en-su-regreso","status":"publish","type":"post","link":"http:\/\/hoycordobaweb.com\/index.php\/2024\/08\/06\/gallardo-armonia-y-siete-escalones-en-su-regreso\/","title":{"rendered":"Gallardo, armon\u00eda y siete escalones en su regreso"},"content":{"rendered":"<p><img src=\"http:\/\/hoycordobaweb.com\/wp-content\/uploads\/2024\/08\/gallardo-armonia-y-siete-escalones-en-su-regreso.jpg\"><\/p>\n<p><time class=\"createDate\" datetime=\"2024-08-05T21:57:59-03:00\">05\/08\/2024 21:57hs.<\/time><\/p>\n<div id=\"storyBody\">\n<div class=\"custom-text \" readability=\"34.695652173913\">\n<p><a href=\"https:\/\/www.ole.com.ar\/tema\/marcelo-gallardo.html\" title=\"Marcelo Gallardo\" alt=\"Marcelo Gallardo\" class=\"slug\">Marcelo Gallardo<\/a> volvi\u00f3 a su casa y en familia, incluso hasta con su hist\u00f3rica pareja, sin exposici\u00f3n p\u00fablica en tiempos anteriores, ahora <a href=\"https:\/\/www.ole.com.ar\/river-plate\/river-marcelo-gallardo-presentacion-conferencia-vivo-frases-vuelta_0_2GWWE9jS14.html\" target=\"_self\" title=\"contando sus sensaciones\" alt=\"contando sus sensaciones\" rel=\"noopener noreferrer\">contando sus sensaciones<\/a>, elogi\u00e1ndolo y posando con la camiseta de MG. Est\u00e1 claro que el Mu\u00f1eco reacomod\u00f3 su vida privada y, acompa\u00f1ando de cerca a su pap\u00e1 en una pelea de las que cuestan, <a href=\"https:\/\/www.ole.com.ar\/river-plate\/primera-practica-marcelo-gallardo-regreso-monumental_0_pngFryOV5o.html\" target=\"_self\" title=\"ya se puso el chip riverplatense\" alt=\"ya se puso el chip riverplatense\" rel=\"noopener noreferrer\">ya se puso el chip riverplatense<\/a>, como en sus ocho a\u00f1os y medio anteriores.<\/p>\n<\/div>\n<div class=\"custom-text \" readability=\"41\">\n<p><strong> Volvi\u00f3 m\u00e1s r\u00e1pido de lo esperado<\/strong> y, como bien cont\u00f3, con madurez, habiendo detectado desde afuera situaciones que desde adentro no advert\u00eda por esa adrenalina del d\u00eda a d\u00eda. Se ver\u00e1, a lo largo del camino, si esas observaciones lo ayudan a mejorar aspectos del primer ciclo, exitos\u00edsimo de por s\u00ed.<\/p>\n<\/div>\n<div class=\"custom-text \" readability=\"39.581818181818\">\n<p>Claramente lleg\u00f3 en son de paz el DT y con el objetivo de enfocarse en cosas grandes. Aunque <strong>con sus palabras dej\u00f3 entrever que no hab\u00eda feeling con Demichelis<\/strong>, a quien ni nombr\u00f3 y, es m\u00e1s, respecto del ciclo que le antecedi\u00f3 remarc\u00f3 que hay que cambiar el esp\u00edritu y reencarrilarse. De Micho solo habl\u00f3 indirectamente al comentar la ventaja de estar <a href=\"https:\/\/www.ole.com.ar\/opinion\/francotirador-ole-gallardo-vuelta-river_0_OBX0dPb0j3.html\" target=\"_self\" title=\"en octavos de final de la Libertadores\" alt=\"en octavos de final de la Libertadores\" rel=\"noopener noreferrer\">en octavos de final de la Libertadores<\/a>. Y justamente, m\u00e1s all\u00e1 del contrato extra large, de proyectos, esa es la gran zanahoria en lo inmediato. Porque saben los hinchas que con Gallardo hay muchas m\u00e1s chances de llegar a los siete partidos para so\u00f1ar con la Quinta, que tan cerca estuvo en 2019.<\/p>\n<\/div>\n<div class=\"sc-e7b891c4-0 jPbnQF\"><img alt=\"Marcelo Gallardo y el Pity Mart\u00ednez, en la primera pr\u00e1ctica del Mu\u00f1eco tras su regreso como DT de River. (Foto: Prensa River)\" src=\"http:\/\/hoycordobaweb.com\/wp-content\/uploads\/2024\/08\/gallardo-armonia-y-siete-escalones-en-su-regreso-2.jpg\" width=\"720\" height=\"100\" decoding=\"async\" data-nimg=\"future\" loading=\"lazy\"><span class=\"epigraphe\">Marcelo Gallardo y el Pity Mart\u00ednez, en la primera pr\u00e1ctica del Mu\u00f1eco tras su regreso como DT de River. (Foto: Prensa River)<\/span><\/div>\n<div class=\"custom-text \" readability=\"40\">\n<p>La Copa es la obsesi\u00f3n, por gloria deportiva y por econom\u00eda. Hay much\u00edsimo en juego. Sin cucos en la competencia, se suman r\u00e1pido refuerzos pedidos por el DT y en ocho d\u00edas hay que salir a la cancha en C\u00f3rdoba contra un Talleres en baja. \u201c<strong>Es grande el desaf\u00edo<\/strong>\u201d, dijo, consciente de que la prioridad es la Libertadores, donde define todas las series como local y con el sue\u00f1o de jugar la final en casa. En ese Monumental nuevo que recorri\u00f3 por primera vez y que el s\u00e1bado le dar\u00e1 una bienvenida gigante.<\/p>\n<\/div>\n<div class=\"sc-e7b891c4-0 jPbnQF\"><img alt=\"Marcelo Gallardo firm\u00f3 su contrato en River (Prensa River).\" src=\"http:\/\/hoycordobaweb.com\/wp-content\/uploads\/2024\/08\/gallardo-armonia-y-siete-escalones-en-su-regreso-3.jpg\" width=\"720\" height=\"100\" decoding=\"async\" data-nimg=\"future\" loading=\"lazy\"><span class=\"epigraphe\">Marcelo Gallardo firm\u00f3 su contrato en River (Prensa River).<\/span><\/div>\n<p><h2><strong>La palabra de Gallardo<\/strong><\/h2>\n<\/p>\n<div type=\"embed\" class=\"sc-3f46f5ae-0 djVTgz\">\n<div class=\"sc-3f46f5ae-1 fTjZec videoText\" id=\"contentTitleembed1sJTk5d3\" type=\"embed\"><svg fill=\"#ffffff\"><symbol id=\"play\" viewBox=\"0 0 512 512\"><path d=\"M512 256C512 397.4 397.4 512 256 512C114.6 512 0 397.4 0 256C0 114.6 114.6 0 256 0C397.4 0 512 114.6 512 256zM176 168V344C176 352.7 180.7 360.7 188.3 364.9C195.8 369.2 205.1 369 212.5 364.5L356.5 276.5C363.6 272.1 368 264.4 368 256C368 247.6 363.6 239.9 356.5 235.5L212.5 147.5C205.1 142.1 195.8 142.8 188.3 147.1C180.7 151.3 176 159.3 176 168V168z\" \/><\/symbol><use xlink:href=\"#play\" \/><\/svg><\/p>\n<div class=\"right\">\n<p>River Plate<!-- --> &#8211;<!-- --> <span>&nbsp;<\/span><\/p>\n<h2 class=\"title-vid\">La conferencia de presentaci\u00f3n completa de Marcelo Gallardo<\/h2>\n<\/div>\n<\/div>\n<p><span class=\"back\" id=\"spanBackembed1sJTk5d3\"><\/span><\/div>\n<div class=\"sc-a7166897-0 exHLBh\" readability=\"6\">\n<section readability=\"2\"><picture><img alt=\"La primera pr\u00e1ctica de Gallardo en su regreso: en el Monumental y con foto ic\u00f3nica\" src=\"http:\/\/hoycordobaweb.com\/wp-content\/uploads\/2024\/08\/gallardo-armonia-y-siete-escalones-en-su-regreso-4.jpg\" width=\"290\" height=\"290\" decoding=\"async\" data-nimg=\"future\" loading=\"lazy\"><\/picture>\n<p><span>Mir\u00e1 tambi\u00e9n<\/span><\/p>\n<hr>\n<h3>La primera pr\u00e1ctica de Gallardo en su regreso: en el Monumental y con foto ic\u00f3nica<\/h3>\n<\/p>\n<\/section>\n<\/div>\n<div class=\"sc-a7166897-0 exHLBh\" readability=\"6\">\n<section readability=\"2\"><picture><img alt=\"Qu\u00e9 dijo Marcelo Gallardo de la obsesi\u00f3n de River por la Copa Libertadores\" src=\"http:\/\/hoycordobaweb.com\/wp-content\/uploads\/2024\/08\/gallardo-armonia-y-siete-escalones-en-su-regreso-5.jpg\" width=\"290\" height=\"290\" decoding=\"async\" data-nimg=\"future\" loading=\"lazy\"><\/picture>\n<p><span>Mir\u00e1 tambi\u00e9n<\/span><\/p>\n<hr>\n<h3>Qu\u00e9 dijo Marcelo Gallardo de la obsesi\u00f3n de River por la Copa Libertadores<\/h3>\n<\/p>\n<\/section>\n<\/div>\n<div class=\"sc-a7166897-0 exHLBh\" readability=\"6\">\n<section readability=\"2\"><picture><img alt=\"La emoci\u00f3n de Pezzella al pisar el Monumental\" src=\"http:\/\/hoycordobaweb.com\/wp-content\/uploads\/2024\/08\/gallardo-armonia-y-siete-escalones-en-su-regreso-6.jpg\" width=\"290\" height=\"290\" decoding=\"async\" data-nimg=\"future\" loading=\"lazy\"><\/picture>\n<p><span>Mir\u00e1 tambi\u00e9n<\/span><\/p>\n<hr>\n<h3>La emoci\u00f3n de Pezzella al pisar el Monumental<\/h3>\n<\/p>\n<\/section>\n<\/div>\n<\/div>\n","protected":false},"excerpt":{"rendered":"<p>05\/08\/2024 21:57hs. Marcelo Gallardo volvi\u00f3 a su casa y en familia, incluso hasta con su hist\u00f3rica pareja, sin exposici\u00f3n p\u00fablica en tiempos anteriores, ahora contando sus sensaciones, elogi\u00e1ndolo y posando con la camiseta de MG. Est\u00e1 claro que el Mu\u00f1eco reacomod\u00f3 su vida privada y, acompa\u00f1ando de cerca a su pap\u00e1 en una pelea de [&hellip;]<\/p>\n","protected":false},"author":1,"featured_media":81295,"comment_status":"open","ping_status":"closed","sticky":false,"template":"","format":"standard","meta":[],"categories":[16],"tags":[],"_links":{"self":[{"href":"http:\/\/hoycordobaweb.com\/index.php\/wp-json\/wp\/v2\/posts\/81294"}],"collection":[{"href":"http:\/\/hoycordobaweb.com\/index.php\/wp-json\/wp\/v2\/posts"}],"about":[{"href":"http:\/\/hoycordobaweb.com\/index.php\/wp-json\/wp\/v2\/types\/post"}],"author":[{"embeddable":true,"href":"http:\/\/hoycordobaweb.com\/index.php\/wp-json\/wp\/v2\/users\/1"}],"replies":[{"embeddable":true,"href":"http:\/\/hoycordobaweb.com\/index.php\/wp-json\/wp\/v2\/comments?post=81294"}],"version-history":[{"count":0,"href":"http:\/\/hoycordobaweb.com\/index.php\/wp-json\/wp\/v2\/posts\/81294\/revisions"}],"wp:featuredmedia":[{"embeddable":true,"href":"http:\/\/hoycordobaweb.com\/index.php\/wp-json\/wp\/v2\/media\/81295"}],"wp:attachment":[{"href":"http:\/\/hoycordobaweb.com\/index.php\/wp-json\/wp\/v2\/media?parent=81294"}],"wp:term":[{"taxonomy":"category","embeddable":true,"href":"http:\/\/hoycordobaweb.com\/index.php\/wp-json\/wp\/v2\/categories?post=81294"},{"taxonomy":"post_tag","embeddable":true,"href":"http:\/\/hoycordobaweb.com\/index.php\/wp-json\/wp\/v2\/tags?post=81294"}],"curies":[{"name":"wp","href":"https:\/\/api.w.org\/{rel}","templated":true}]}}