{"id":81290,"date":"2024-08-06T01:44:20","date_gmt":"2024-08-06T01:44:20","guid":{"rendered":"https:\/\/www.ole.com.ar\/futbol-internacional\/mariano-soso-dirigira-grande-peru_0_a53Yf3TdSA.html"},"modified":"2024-08-06T01:44:20","modified_gmt":"2024-08-06T01:44:20","slug":"mariano-soso-dirigira-a-un-grande-de-peru","status":"publish","type":"post","link":"http:\/\/hoycordobaweb.com\/index.php\/2024\/08\/06\/mariano-soso-dirigira-a-un-grande-de-peru\/","title":{"rendered":"Mariano Soso dirigir\u00e1 a un grande de Per\u00fa"},"content":{"rendered":"<p><img src=\"http:\/\/hoycordobaweb.com\/wp-content\/uploads\/2024\/08\/mariano-soso-dirigira-a-un-grande-de-peru.jpg\"><\/p>\n<p><time class=\"createDate\" datetime=\"2024-08-05T22:44:20-03:00\">05\/08\/2024 22:44hs.<\/time><\/p>\n<div id=\"storyBody\">\n<div class=\"custom-text \" readability=\"40.758620689655\">\n<p><strong><a href=\"https:\/\/www.ole.com.ar\/tema\/mariano-soso.html\" title=\"Mariano Soso\" alt=\"Mariano Soso\" class=\"slug\">Mariano Soso<\/a>,<\/strong> ya desvinculado de Sport Recife de Brasil, f<strong>ue elegido para conducir a Alianza Lima<\/strong>, uno de los grandes de Per\u00fa. Reemplazar\u00e1 a Alejandro Restrepo, despedido tras perder el cl\u00e1sico ante Universitario. De todas maneras, el equipo que cuenta como referente al delantero argentino Hern\u00e1n Barcos hab\u00eda reaccionado bien, con dos victorias al hilo, y marcha l\u00edder con 12 puntos en el Clausura.<\/p>\n<\/div>\n<div class=\"custom-text \" readability=\"34.307692307692\">\n<p>As\u00ed que el ex <a href=\"https:\/\/www.ole.com.ar\/tema\/san-lorenzo.html\" title=\"San Lorenzo\" alt=\"San Lorenzo\" class=\"slug\">San Lorenzo<\/a>, Gimnasia y Defensa y Justicia conducir\u00e1 a un equipo que marcha como candidato a campe\u00f3n local. La contrataci\u00f3n fue resuelta por Bruno Marioni, el ex atacante argentino que es director deportivo del club.<\/p>\n<\/div>\n<div class=\"custom-text \" readability=\"39\">\n<p>\u201cBuscamos un entrenador que conozca la liga peruana, v\u00ednculo con la altura, buena gesti\u00f3n\u00bb, hab\u00eda dicho Marioni. Es que Soso tiene experiencia en Sporting Cristal, otro grande del pa\u00eds, en Melgar y en Real Garcilaso. <\/p>\n<\/div>\n<div class=\"sc-e7b891c4-0 jPbnQF\"><img alt=\"Soso en Melgar.\" src=\"http:\/\/hoycordobaweb.com\/wp-content\/uploads\/2024\/08\/mariano-soso-dirigira-a-un-grande-de-peru-2.jpg\" width=\"720\" height=\"100\" decoding=\"async\" data-nimg=\"future\" loading=\"lazy\"><span class=\"epigraphe\">Soso en Melgar.<\/span><\/div>\n<div class=\"custom-text \" readability=\"34.056603773585\">\n<p>Uno de los t\u00e9cnicos apuntados fue Cristian D\u00edaz. El ex Independiente renunci\u00f3 a Deportivo Mor\u00f3n para hacerse cargo de Alianza, pero <a href=\"https:\/\/www.ole.com.ar\/futbol-ascenso\/ascenso-primera-nacional-moron-diaz-alianza-lima_0_5DzMNSbGU1.html\" target=\"_self\" title=\"despu\u00e9s se cay\u00f3 la negociaci\u00f3n\" alt=\"despu\u00e9s se cay\u00f3 la negociaci\u00f3n\" rel=\"noopener noreferrer\">despu\u00e9s se cay\u00f3 la negociaci\u00f3n<\/a>. Por eso, ahora est\u00e1 en una cuesti\u00f3n legal. Tambi\u00e9n se mencion\u00f3 en la prensa lime\u00f1a de un intento por Sebasti\u00e1n Battaglia, ex Boca y Hurac\u00e1n. <\/p>\n<\/div>\n<p><h2><strong>Algunos conocidos<\/strong><\/h2>\n<\/p>\n<div class=\"custom-text \" readability=\"39\">\n<p>Soso dirigir\u00e1 a Carlos Zambrano, ex defensor de Boca. Tambi\u00e9n, al volante Adri\u00e1n Arregui, que pas\u00f3 por Temperley y Hurac\u00e1n. Otro argentino es el mediocampista Catriel Cabellos, con pasado en Racing. Juan Pablo Freytes es un defensor que est\u00e1 en el plantel cedido por Newell&#8217;s. Aunque el referente es Barcos.<\/p>\n<\/div>\n<div class=\"sc-a7166897-0 exHLBh\" readability=\"6\">\n<section readability=\"2\"><picture><img alt=\"El Tano Ortiz habl\u00f3 detr\u00e1s de un cartel provocador\" src=\"http:\/\/hoycordobaweb.com\/wp-content\/uploads\/2024\/08\/mariano-soso-dirigira-a-un-grande-de-peru-3.jpg\" width=\"290\" height=\"290\" decoding=\"async\" data-nimg=\"future\" loading=\"lazy\"><\/picture>\n<p><span>Mir\u00e1 tambi\u00e9n<\/span><\/p>\n<hr>\n<h3>El Tano Ortiz habl\u00f3 detr\u00e1s de un cartel provocador<\/h3>\n<\/p>\n<\/section>\n<\/div>\n<div class=\"sc-a7166897-0 exHLBh\" readability=\"6\">\n<section readability=\"2\"><picture><img alt=\"La emoci\u00f3n de Pezzella al pisar el Monumental\" src=\"http:\/\/hoycordobaweb.com\/wp-content\/uploads\/2024\/08\/mariano-soso-dirigira-a-un-grande-de-peru-4.jpg\" width=\"290\" height=\"290\" decoding=\"async\" data-nimg=\"future\" loading=\"lazy\"><\/picture>\n<p><span>Mir\u00e1 tambi\u00e9n<\/span><\/p>\n<hr>\n<h3>La emoci\u00f3n de Pezzella al pisar el Monumental<\/h3>\n<\/p>\n<\/section>\n<\/div>\n<\/div>\n","protected":false},"excerpt":{"rendered":"<p>05\/08\/2024 22:44hs. Mariano Soso, ya desvinculado de Sport Recife de Brasil, fue elegido para conducir a Alianza Lima, uno de los grandes de Per\u00fa. Reemplazar\u00e1 a Alejandro Restrepo, despedido tras perder el cl\u00e1sico ante Universitario. De todas maneras, el equipo que cuenta como referente al delantero argentino Hern\u00e1n Barcos hab\u00eda reaccionado bien, con dos victorias [&hellip;]<\/p>\n","protected":false},"author":1,"featured_media":81291,"comment_status":"open","ping_status":"closed","sticky":false,"template":"","format":"standard","meta":[],"categories":[16],"tags":[],"_links":{"self":[{"href":"http:\/\/hoycordobaweb.com\/index.php\/wp-json\/wp\/v2\/posts\/81290"}],"collection":[{"href":"http:\/\/hoycordobaweb.com\/index.php\/wp-json\/wp\/v2\/posts"}],"about":[{"href":"http:\/\/hoycordobaweb.com\/index.php\/wp-json\/wp\/v2\/types\/post"}],"author":[{"embeddable":true,"href":"http:\/\/hoycordobaweb.com\/index.php\/wp-json\/wp\/v2\/users\/1"}],"replies":[{"embeddable":true,"href":"http:\/\/hoycordobaweb.com\/index.php\/wp-json\/wp\/v2\/comments?post=81290"}],"version-history":[{"count":0,"href":"http:\/\/hoycordobaweb.com\/index.php\/wp-json\/wp\/v2\/posts\/81290\/revisions"}],"wp:featuredmedia":[{"embeddable":true,"href":"http:\/\/hoycordobaweb.com\/index.php\/wp-json\/wp\/v2\/media\/81291"}],"wp:attachment":[{"href":"http:\/\/hoycordobaweb.com\/index.php\/wp-json\/wp\/v2\/media?parent=81290"}],"wp:term":[{"taxonomy":"category","embeddable":true,"href":"http:\/\/hoycordobaweb.com\/index.php\/wp-json\/wp\/v2\/categories?post=81290"},{"taxonomy":"post_tag","embeddable":true,"href":"http:\/\/hoycordobaweb.com\/index.php\/wp-json\/wp\/v2\/tags?post=81290"}],"curies":[{"name":"wp","href":"https:\/\/api.w.org\/{rel}","templated":true}]}}