{"id":81252,"date":"2024-08-05T00:21:22","date_gmt":"2024-08-05T00:21:22","guid":{"rendered":"https:\/\/www.ole.com.ar\/futbol-internacional\/tano-ortiz-va-rayados-monterrey_0_eCjxDRXrpa.html"},"modified":"2024-08-05T00:21:22","modified_gmt":"2024-08-05T00:21:22","slug":"el-tano-ortiz-se-va-de-rayados","status":"publish","type":"post","link":"http:\/\/hoycordobaweb.com\/index.php\/2024\/08\/05\/el-tano-ortiz-se-va-de-rayados\/","title":{"rendered":"El Tano Ortiz se va de Rayados"},"content":{"rendered":"<p><img src=\"http:\/\/hoycordobaweb.com\/wp-content\/uploads\/2024\/08\/el-tano-ortiz-se-va-de-rayados.jpg\"><\/p>\n<p><time class=\"createDate\" datetime=\"2024-08-04T21:21:22-03:00\">04\/08\/2024 21:21hs.<\/time><\/p>\n<div id=\"storyBody\">\n<div class=\"custom-text \" readability=\"27.273712737127\">\n<p><strong><a href=\"https:\/\/www.ole.com.ar\/tema\/rayados-de-monterrey.html\" title=\"Rayados de Monterrey\" alt=\"Rayados de Monterrey\" class=\"slug\">Rayados de Monterrey<\/a><\/strong>hab\u00eda quedado eliminado en semifinales de la Leagues Cup ante Pumas, al perder por definici\u00f3n por penales. Fue una frustraci\u00f3n y la derrota impact\u00f3 fuerte: la prensa mexicana inform\u00f3 este domingo que <strong>se termin\u00f3 el ciclo del t\u00e9cnico argentino Fernando Ortiz<\/strong>, el DT <a href=\"https:\/\/www.ole.com.ar\/futbol-internacional\/messi-ortiz-inter-miami-conchampions-rayados-monterrey_0_sRAUEH0Q2f.html\" target=\"_self\" title=\"que hab\u00eda tenido un cruce con Lionel Messi en la serie por la Concachampions\" alt=\"que hab\u00eda tenido un cruce con Lionel Messi en la serie por la Concachampions\" rel=\"noopener noreferrer\">que hab\u00eda tenido un cruce con Lionel Messi en la serie por la Concachampions<\/a>.<\/p>\n<\/div>\n<div class=\"custom-text \" readability=\"36\">\n<p>La oficializaci\u00f3n de la baja del Tano ser\u00eda entre lunes y martes, por parte de la dirigencia que conduce Jos\u00e9 Antonio Noriega. El ex Am\u00e9rica se va con buenos n\u00fameros generales: 35 victorias, 10 empates y 16 derrotas. Lleg\u00f3 a cuartos de final en el Apertura 23 y a semi en el Clausura 24.<\/p>\n<\/div>\n<div class=\"custom-text \" readability=\"35\">\n<p>Ortiz, que tambi\u00e9n dirigi\u00f3 a Sportivo Luque\u00f1o y Sol de Am\u00e9rica de Paraguay, hab\u00eda tenido un tenso cruce con dos periodistas durante la conferencia de prensa posterior a la ca\u00edda frente a Pumas.<\/p>\n<\/div>\n<div class=\"sc-e7b891c4-0 jPbnQF\"><img alt=\"Ortiz saluda a Fernando Gago en un partido ante Chivas.\" src=\"http:\/\/hoycordobaweb.com\/wp-content\/uploads\/2024\/08\/el-tano-ortiz-se-va-de-rayados-2.jpg\" width=\"720\" height=\"100\" decoding=\"async\" data-nimg=\"future\" loading=\"lazy\"><span class=\"epigraphe\">Ortiz saluda a Fernando Gago en un partido ante Chivas.<\/span><\/div>\n<div class=\"sc-e7b891c4-0 jPbnQF\"><img alt=\"Ortiz en Rayados.\" src=\"http:\/\/hoycordobaweb.com\/wp-content\/uploads\/2024\/08\/el-tano-ortiz-se-va-de-rayados-3.jpg\" width=\"720\" height=\"100\" decoding=\"async\" data-nimg=\"future\" loading=\"lazy\"><span class=\"epigraphe\">Ortiz en Rayados.<\/span><\/div>\n<div class=\"custom-text \" readability=\"35\">\n<p>Los t\u00e9cnicos argentinos que contin\u00faan en M\u00e9xico son Gustavo Lema (Pumas), Mart\u00edn Anselmi (Cruz Azul), Fernando Gago (Chivas) y Mauro Gerk (Quer\u00e9taro). <\/p>\n<\/div>\n<div class=\"sc-a7166897-0 exHLBh\" readability=\"6.5\">\n<section readability=\"3\"><picture><img alt=\"River acelera para llegar a los cambios en la lista de la Libertadores: principio de acuerdo por Bustos\" src=\"http:\/\/hoycordobaweb.com\/wp-content\/uploads\/2024\/08\/el-tano-ortiz-se-va-de-rayados-4.jpg\" width=\"290\" height=\"290\" decoding=\"async\" data-nimg=\"future\" loading=\"lazy\"><\/picture>\n<p><span>Mir\u00e1 tambi\u00e9n<\/span><\/p>\n<hr>\n<h3>River acelera para llegar a los cambios en la lista de la Libertadores: principio de acuerdo por Bustos<\/h3>\n<\/p>\n<\/section>\n<\/div>\n<div class=\"sc-a7166897-0 exHLBh\" readability=\"6\">\n<section readability=\"2\"><picture><img alt=\"\u00a1Cardiaco! M\u00e9xico es campe\u00f3n ante Estados Unidos en Premundial Concacaf Sub-20 \" src=\"http:\/\/hoycordobaweb.com\/wp-content\/uploads\/2024\/08\/el-tano-ortiz-se-va-de-rayados-5.jpg\" width=\"290\" height=\"290\" decoding=\"async\" data-nimg=\"future\" loading=\"lazy\"><\/picture>\n<p><span>Mir\u00e1 tambi\u00e9n<\/span><\/p>\n<hr>\n<h3>\u00a1Cardiaco! M\u00e9xico es campe\u00f3n ante Estados Unidos en Premundial Concacaf Sub-20<br \/>\n<\/h3>\n<\/p>\n<\/section>\n<\/div>\n<\/div>\n","protected":false},"excerpt":{"rendered":"<p>04\/08\/2024 21:21hs. Rayados de Monterreyhab\u00eda quedado eliminado en semifinales de la Leagues Cup ante Pumas, al perder por definici\u00f3n por penales. Fue una frustraci\u00f3n y la derrota impact\u00f3 fuerte: la prensa mexicana inform\u00f3 este domingo que se termin\u00f3 el ciclo del t\u00e9cnico argentino Fernando Ortiz, el DT que hab\u00eda tenido un cruce con Lionel Messi [&hellip;]<\/p>\n","protected":false},"author":1,"featured_media":81253,"comment_status":"open","ping_status":"closed","sticky":false,"template":"","format":"standard","meta":[],"categories":[16],"tags":[],"_links":{"self":[{"href":"http:\/\/hoycordobaweb.com\/index.php\/wp-json\/wp\/v2\/posts\/81252"}],"collection":[{"href":"http:\/\/hoycordobaweb.com\/index.php\/wp-json\/wp\/v2\/posts"}],"about":[{"href":"http:\/\/hoycordobaweb.com\/index.php\/wp-json\/wp\/v2\/types\/post"}],"author":[{"embeddable":true,"href":"http:\/\/hoycordobaweb.com\/index.php\/wp-json\/wp\/v2\/users\/1"}],"replies":[{"embeddable":true,"href":"http:\/\/hoycordobaweb.com\/index.php\/wp-json\/wp\/v2\/comments?post=81252"}],"version-history":[{"count":0,"href":"http:\/\/hoycordobaweb.com\/index.php\/wp-json\/wp\/v2\/posts\/81252\/revisions"}],"wp:featuredmedia":[{"embeddable":true,"href":"http:\/\/hoycordobaweb.com\/index.php\/wp-json\/wp\/v2\/media\/81253"}],"wp:attachment":[{"href":"http:\/\/hoycordobaweb.com\/index.php\/wp-json\/wp\/v2\/media?parent=81252"}],"wp:term":[{"taxonomy":"category","embeddable":true,"href":"http:\/\/hoycordobaweb.com\/index.php\/wp-json\/wp\/v2\/categories?post=81252"},{"taxonomy":"post_tag","embeddable":true,"href":"http:\/\/hoycordobaweb.com\/index.php\/wp-json\/wp\/v2\/tags?post=81252"}],"curies":[{"name":"wp","href":"https:\/\/api.w.org\/{rel}","templated":true}]}}