{"id":81242,"date":"2024-08-05T02:47:25","date_gmt":"2024-08-05T02:47:25","guid":{"rendered":"https:\/\/www.ole.com.ar\/juegos-olimpicos\/gonzalo-peillat-grito-gol-juegos-olimpicos-leones-alemania_0_pLpBLFKLnd.html"},"modified":"2024-08-05T02:47:25","modified_gmt":"2024-08-05T02:47:25","slug":"el-argentino-que-nos-grito-un-gol-en-la-cara","status":"publish","type":"post","link":"http:\/\/hoycordobaweb.com\/index.php\/2024\/08\/05\/el-argentino-que-nos-grito-un-gol-en-la-cara\/","title":{"rendered":"El argentino que nos grit\u00f3 un gol en la cara"},"content":{"rendered":"<p><img src=\"http:\/\/hoycordobaweb.com\/wp-content\/uploads\/2024\/08\/el-argentino-que-nos-grito-un-gol-en-la-cara.jpg\"><\/p>\n<p><time class=\"createDate\" datetime=\"2024-08-04T23:47:25-03:00\">04\/08\/2024 23:47hs.<\/time><\/p>\n<div id=\"storyBody\">\n<div class=\"custom-text \" readability=\"36\">\n<p>Gonzalo Peillat fue gran figura del equipo argentino que<strong> lleg\u00f3 a la cumbre de su historia en el hockey sobre c\u00e9sped<\/strong>. Defensor de gran eficacia en la ejecuci\u00f3n de corners cortos, la v\u00eda por la que llegan muchos goles en ese deporte, tambi\u00e9n<strong> fue goleador de Los Leones<\/strong>.<\/p>\n<\/div>\n<div class=\"custom-text \" readability=\"38\">\n<p>Despu\u00e9s tuvo <strong>graves diferencias con su entrenador Chapa Retegui y los dirigentes<\/strong>, renunci\u00f3 dos veces a la Selecci\u00f3n, al parecer no recibi\u00f3 de sus compa\u00f1eros adhesiones que esperaba y s\u00ed se sinti\u00f3 hostigado con decisiones como la exclusi\u00f3n de su novia de Las Leonas,<strong> y se fue a jugar para Alemania<\/strong>. El destino lo cruz\u00f3 ayer en los Juegos Ol\u00edmpicos de Par\u00eds con Los Leones.<\/p>\n<\/div>\n<div class=\"custom-text \" readability=\"34\">\n<p>En el f\u00fatbol vemos todo el tiempo <strong>goles que no se gritan<\/strong>, jugadores que piden comprensi\u00f3n a los hinchas de equipos donde ellos hab\u00edan jugado antes.<\/p>\n<\/div>\n<div class=\"custom-text \" readability=\"34\">\n<p>Cierto nacionalismo que nos despiertan las competencias deportivas nos hace multiplicar esa sensaci\u00f3n si es <strong>un nacido en el pa\u00eds que juega para otra bandera<\/strong>. Peillat hizo uno de los goles con los que Argentina qued\u00f3 eliminada y lo grit\u00f3 con bastante entusiasmo.<\/p>\n<\/div>\n<div class=\"custom-text \" readability=\"37\">\n<p>A la reacci\u00f3n, siempre desproporcionada, de las redes sociales, respondi\u00f3 subiendo la apuesta. No tuvo mejor idea que <strong>citar una frase de un s\u00edmbolo de la argentinidad como Maradona<\/strong> (una frase que no por c\u00e9lebre y celebrada deja de ser una de las mayores groser\u00edas y desubicaciones de Diego).<\/p>\n<\/div>\n<div class=\"custom-text \" readability=\"40\">\n<p>Un poco de equilibrio y sensatez lo encontramos en<strong> los posteos de Gusti Fern\u00e1ndez<\/strong>, deportista argentino de elite en el tenis adaptado, que insta a ser agradecidos con lo que logr\u00f3 Peillat para Argentina en el pasado, invita a <strong>no seguir alimentando la masacre en redes<\/strong> y le marca, con altura, que con la cita de Maradona se fue al pasto.<\/p>\n<\/div>\n<div class=\"custom-text \" readability=\"35\">\n<p>Peillat dijo con rencor \u201c\u00a1Qu\u00e9 buena decisi\u00f3n tom\u00e9!\u201d, sobre irse del pa\u00eds. Muchos s\u00ed <strong>coincidir\u00e1n ahora en que fue buena decisi\u00f3n<\/strong>, y que se quede en Alemania.<\/p>\n<\/div>\n<div class=\"sc-e7b891c4-0 jPbnQF\"><img alt=\"Con la medalla en los Juegos Ol\u00edmpicos de R\u00edo, donde fue gran figura de Los leones (REUTERS \/ Vasily Fedosenko).\" src=\"http:\/\/hoycordobaweb.com\/wp-content\/uploads\/2024\/08\/el-argentino-que-nos-grito-un-gol-en-la-cara-2.jpg\" width=\"720\" height=\"100\" decoding=\"async\" data-nimg=\"future\" loading=\"lazy\"><span class=\"epigraphe\">Con la medalla en los Juegos Ol\u00edmpicos de R\u00edo, donde fue gran figura de Los leones (REUTERS \/ Vasily Fedosenko).<\/span><\/div>\n<div class=\"sc-e7b891c4-0 jPbnQF\"><img alt=\"Gusti Fern\u00e1ndez, crack del tenis adaptado, poste\u00f3 con altura.\" src=\"http:\/\/hoycordobaweb.com\/wp-content\/uploads\/2024\/08\/el-argentino-que-nos-grito-un-gol-en-la-cara-3.jpg\" width=\"720\" height=\"100\" decoding=\"async\" data-nimg=\"future\" loading=\"lazy\"><span class=\"epigraphe\">Gusti Fern\u00e1ndez, crack del tenis adaptado, poste\u00f3 con altura.<\/span><\/div>\n<div class=\"sc-a7166897-0 exHLBh\" readability=\"6\">\n<section readability=\"2\"><picture><img alt=\"Qui\u00e9n es Peillat y por qu\u00e9 renunci\u00f3 a Los Leones\" src=\"http:\/\/hoycordobaweb.com\/wp-content\/uploads\/2024\/08\/el-argentino-que-nos-grito-un-gol-en-la-cara-4.jpg\" width=\"290\" height=\"290\" decoding=\"async\" data-nimg=\"future\" loading=\"lazy\"><\/picture>\n<p><span>Mir\u00e1 tambi\u00e9n<\/span><\/p>\n<hr>\n<h3>Qui\u00e9n es Peillat y por qu\u00e9 renunci\u00f3 a Los Leones<\/h3>\n<\/p>\n<\/section>\n<\/div>\n<div class=\"sc-a7166897-0 exHLBh\" readability=\"6\">\n<section readability=\"2\"><picture><img alt=\"El exabrupto de Peillat invocando a Maradona tras gritarle un gol a Argentina\" src=\"http:\/\/hoycordobaweb.com\/wp-content\/uploads\/2024\/08\/el-argentino-que-nos-grito-un-gol-en-la-cara-5.jpg\" width=\"290\" height=\"290\" decoding=\"async\" data-nimg=\"future\" loading=\"lazy\"><\/picture>\n<p><span>Mir\u00e1 tambi\u00e9n<\/span><\/p>\n<hr>\n<h3>El exabrupto de Peillat invocando a Maradona tras gritarle un gol a Argentina<\/h3>\n<\/p>\n<\/section>\n<\/div>\n<\/div>\n","protected":false},"excerpt":{"rendered":"<p>04\/08\/2024 23:47hs. Gonzalo Peillat fue gran figura del equipo argentino que lleg\u00f3 a la cumbre de su historia en el hockey sobre c\u00e9sped. Defensor de gran eficacia en la ejecuci\u00f3n de corners cortos, la v\u00eda por la que llegan muchos goles en ese deporte, tambi\u00e9n fue goleador de Los Leones. Despu\u00e9s tuvo graves diferencias con [&hellip;]<\/p>\n","protected":false},"author":1,"featured_media":81243,"comment_status":"open","ping_status":"closed","sticky":false,"template":"","format":"standard","meta":[],"categories":[16],"tags":[],"_links":{"self":[{"href":"http:\/\/hoycordobaweb.com\/index.php\/wp-json\/wp\/v2\/posts\/81242"}],"collection":[{"href":"http:\/\/hoycordobaweb.com\/index.php\/wp-json\/wp\/v2\/posts"}],"about":[{"href":"http:\/\/hoycordobaweb.com\/index.php\/wp-json\/wp\/v2\/types\/post"}],"author":[{"embeddable":true,"href":"http:\/\/hoycordobaweb.com\/index.php\/wp-json\/wp\/v2\/users\/1"}],"replies":[{"embeddable":true,"href":"http:\/\/hoycordobaweb.com\/index.php\/wp-json\/wp\/v2\/comments?post=81242"}],"version-history":[{"count":0,"href":"http:\/\/hoycordobaweb.com\/index.php\/wp-json\/wp\/v2\/posts\/81242\/revisions"}],"wp:featuredmedia":[{"embeddable":true,"href":"http:\/\/hoycordobaweb.com\/index.php\/wp-json\/wp\/v2\/media\/81243"}],"wp:attachment":[{"href":"http:\/\/hoycordobaweb.com\/index.php\/wp-json\/wp\/v2\/media?parent=81242"}],"wp:term":[{"taxonomy":"category","embeddable":true,"href":"http:\/\/hoycordobaweb.com\/index.php\/wp-json\/wp\/v2\/categories?post=81242"},{"taxonomy":"post_tag","embeddable":true,"href":"http:\/\/hoycordobaweb.com\/index.php\/wp-json\/wp\/v2\/tags?post=81242"}],"curies":[{"name":"wp","href":"https:\/\/api.w.org\/{rel}","templated":true}]}}