{"id":81152,"date":"2024-08-03T03:44:26","date_gmt":"2024-08-03T03:44:26","guid":{"rendered":"http:\/\/hoycordobaweb.com\/index.php\/2024\/08\/03\/sebastian-villa-regreso-al-futbol-argentino-tras-ser-condenado-por-violencia-de-genero-y\/"},"modified":"2024-08-03T03:44:26","modified_gmt":"2024-08-03T03:44:26","slug":"sebastian-villa-regreso-al-futbol-argentino-tras-ser-condenado-por-violencia-de-genero-y","status":"publish","type":"post","link":"http:\/\/hoycordobaweb.com\/index.php\/2024\/08\/03\/sebastian-villa-regreso-al-futbol-argentino-tras-ser-condenado-por-violencia-de-genero-y\/","title":{"rendered":"Sebasti\u00e1n Villa regres\u00f3 al <b>f\u00fatbol argentino<\/b> tras ser condenado por violencia de g\u00e9nero, \u00bfy &#8230;"},"content":{"rendered":"<p>Luego de una estad\u00eda en el exterior, se incorpor\u00f3 al equipo Independiente Rivadavia de Mendoza. El colombiano fue condenado por violencia de&nbsp;&#8230; <\/p>\n","protected":false},"excerpt":{"rendered":"<p>Luego de una estad\u00eda en el exterior, se incorpor\u00f3 al equipo Independiente Rivadavia de Mendoza. El colombiano fue condenado por violencia de&nbsp;&#8230;<\/p>\n","protected":false},"author":1,"featured_media":0,"comment_status":"closed","ping_status":"closed","sticky":false,"template":"","format":"standard","meta":[],"categories":[22],"tags":[],"_links":{"self":[{"href":"http:\/\/hoycordobaweb.com\/index.php\/wp-json\/wp\/v2\/posts\/81152"}],"collection":[{"href":"http:\/\/hoycordobaweb.com\/index.php\/wp-json\/wp\/v2\/posts"}],"about":[{"href":"http:\/\/hoycordobaweb.com\/index.php\/wp-json\/wp\/v2\/types\/post"}],"author":[{"embeddable":true,"href":"http:\/\/hoycordobaweb.com\/index.php\/wp-json\/wp\/v2\/users\/1"}],"replies":[{"embeddable":true,"href":"http:\/\/hoycordobaweb.com\/index.php\/wp-json\/wp\/v2\/comments?post=81152"}],"version-history":[{"count":0,"href":"http:\/\/hoycordobaweb.com\/index.php\/wp-json\/wp\/v2\/posts\/81152\/revisions"}],"wp:attachment":[{"href":"http:\/\/hoycordobaweb.com\/index.php\/wp-json\/wp\/v2\/media?parent=81152"}],"wp:term":[{"taxonomy":"category","embeddable":true,"href":"http:\/\/hoycordobaweb.com\/index.php\/wp-json\/wp\/v2\/categories?post=81152"},{"taxonomy":"post_tag","embeddable":true,"href":"http:\/\/hoycordobaweb.com\/index.php\/wp-json\/wp\/v2\/tags?post=81152"}],"curies":[{"name":"wp","href":"https:\/\/api.w.org\/{rel}","templated":true}]}}