{"id":81134,"date":"2024-08-02T18:53:20","date_gmt":"2024-08-02T18:53:20","guid":{"rendered":"https:\/\/www.trendencias.com\/celebrities\/historia-letizia-este-hijo-inaki-urdangarin-infanta-cristina-se-han-reconciliado"},"modified":"2024-08-02T18:53:20","modified_gmt":"2024-08-02T18:53:20","slug":"la-historia-entre-letizia-y-este-hijo-de-inaki-urdangarin-y-la-infanta-cristina-se-han-reconciliado","status":"publish","type":"post","link":"http:\/\/hoycordobaweb.com\/index.php\/2024\/08\/02\/la-historia-entre-letizia-y-este-hijo-de-inaki-urdangarin-y-la-infanta-cristina-se-han-reconciliado\/","title":{"rendered":"La historia entre Letizia y este hijo de I\u00f1aki Urdangarin y la infanta Cristina: se han reconciliado"},"content":{"rendered":"<p>La relaci\u00f3n entre Felipe, Letizia y el resto de Borbones parece estar en tr\u00e1mites de recuperaci\u00f3n. La infanta Cristina estuvo hace unos d\u00edas en Marivent y se espera la llegada de do\u00f1a Elena. Los reyes, junto a sus hijas, tambi\u00e9n est\u00e1n alojados en la propiedad mallorquina. <strong>A excepci\u00f3n de Juan Carlos, todos parecen bien recibidos en el lugar donde tantos veranos felices pasaron<\/strong>.<\/p>\n<p><!-- BREAK 1 --> <\/p>\n<div class=\"article-asset article-asset-normal article-asset-center\">\n<div class=\"desvio-container\">\n<div class=\"desvio\">\n<div class=\"desvio-figure js-desvio-figure\"> <a href=\"https:\/\/www.trendencias.com\/celebrities\/impresionante-parecido-infanta-sofia-esta-colaboradora-telecinco-redes-tienen-claro\"> <img loading=\"lazy\" alt=\"El impresionante parecido de la infanta Sof\u00eda con esta colaboradora de Telecinco: las redes lo tienen claro \" width=\"375\" height=\"142\" src=\"http:\/\/hoycordobaweb.com\/wp-content\/uploads\/2024\/08\/la-historia-entre-letizia-y-este-hijo-de-inaki-urdangarin-y-la-infanta-cristina-se-han-reconciliado.jpg\"> <\/a> <\/div><\/div><\/div>\n<\/div>\n<p>Cuadno estall\u00f3 el Caso N\u00f3os, todo cambi\u00f3 en palacio. Las puertas de Zarzuela se cerraron a cal y canto por un motivo concreto: preservar las instituci\u00f3n. Fue entonces cuando comenz\u00f3 la operaci\u00f3n &#8216;lavado de cara&#8217;. Era necesario un cambio, una renovaci\u00f3n, y para ello hab\u00eda que tomar medidas firmes.<\/p>\n<p><!-- BREAK 2 --><\/p>\n<p>Juan Carlos se march\u00f3 a Abu Dabi, Cristina se qued\u00f3 en Ginebra y do\u00f1a Elena guard\u00f3 silencio desde Madrid. Cada uno en su casa y Dios en la de todos. Ni vacaciones en familia ni encuentros fortuitos con Felipe, Letizia o las ni\u00f1as. Cualquier movimiento pod\u00eda perjudicar la imagen de Leonor y las \u00f3rdenes eran claras: a excepci\u00f3n del c\u00edrculo m\u00e1s estrecho, todos lejos.<\/p>\n<p><!-- BREAK 3 --> <\/p>\n<p>Ahora, por suerte para do\u00f1a Sof\u00eda, todo ha cambiado. <strong>Felipe ha recuperado relaci\u00f3n con sus hermanas<\/strong> y Juan Carlos visita Espa\u00f1a con cierta asiduidad. Todav\u00eda tiene prohibido acercarse a palacio, pero llegar\u00e1 la ocasi\u00f3n. Prueba de que en Zarzuela est\u00e1n en plena transici\u00f3n es <strong>el v\u00ednculo que Letizia ha recuperado con uno de sus sobrinos, Miguel Urdangarin<\/strong>.<\/p>\n<p><!-- BREAK 4 --><\/p>\n<div class=\"article-asset-image article-asset-normal article-asset-center\">\n<div class=\"asset-content\">\n<div class=\"caption-img \"> <img class=\"centro_sinmarco\" height=\"900\" width=\"1200\" loading=\"lazy\" decoding=\"async\" sizes=\"100vw\" fetchpriority=\"high\" srcset=\"http:\/\/hoycordobaweb.com\/wp-content\/uploads\/2024\/08\/la-historia-entre-letizia-y-este-hijo-de-inaki-urdangarin-y-la-infanta-cristina-se-han-reconciliado-1.jpg 450w, http:\/\/hoycordobaweb.com\/wp-content\/uploads\/2024\/08\/la-historia-entre-letizia-y-este-hijo-de-inaki-urdangarin-y-la-infanta-cristina-se-han-reconciliado-4.jpg 681w, http:\/\/hoycordobaweb.com\/wp-content\/uploads\/2024\/08\/la-historia-entre-letizia-y-este-hijo-de-inaki-urdangarin-y-la-infanta-cristina-se-han-reconciliado-5.jpg 1024w, http:\/\/hoycordobaweb.com\/wp-content\/uploads\/2024\/08\/la-historia-entre-letizia-y-este-hijo-de-inaki-urdangarin-y-la-infanta-cristina-se-han-reconciliado-6.jpg 1366w\" src=\"http:\/\/hoycordobaweb.com\/wp-content\/uploads\/2024\/08\/la-historia-entre-letizia-y-este-hijo-de-inaki-urdangarin-y-la-infanta-cristina-se-han-reconciliado-1.jpg\" alt=\"Miguel Urdangarin Telecinco\"> <noscript><img alt=\"Miguel Urdangarin Telecinco\" class=\"centro_sinmarco\" src=\"http:\/\/hoycordobaweb.com\/wp-content\/uploads\/2024\/08\/la-historia-entre-letizia-y-este-hijo-de-inaki-urdangarin-y-la-infanta-cristina-se-han-reconciliado-1.jpg\"><\/noscript> <span>Miguel Urdangarin Telecinco<\/span> <\/div><\/div>\n<\/div>\n<p>Al parecer, la reina y el hijo de su cu\u00f1ada han \u00abretomado\u00bb el contacto tras varios a\u00f1os de enfriamiento. Ahora, durante el verano, <strong>el joven reside en Zarzuela y la reina no ha puesto un pero<\/strong>. Lo mismo hace Irene Urdangarin, que est\u00e1 en proceso de sacarse en carnet de conducir.<\/p>\n<p><!-- BREAK 5 --><\/p>\n<p>\u00abActualmente, la residencia habitual de los reyes de Espa\u00f1a se encuentra totalmente deshabitada (los reyes est\u00e1n en Par\u00eds y sus hijas en Marivent). Sin embargo, esto no ha sido ning\u00fan impedimento para que el hijo de la infanta Cristina haya podido alojarse en ella durante el verano\u00bb, cuentan desde <a rel=\"noopener, noreferrer\" href=\"https:\/\/elcierredigital.com\/closet\/giro-180-tipo-relacion-que-miguel-urdangarin-tiene-con-reina-letizia\">El Cierre Digital<\/a>.<\/p>\n<p><!-- BREAK 6 --> <\/p>\n<div class=\"article-asset article-asset-normal article-asset-center\">\n<div class=\"desvio-container\">\n<div class=\"desvio\">\n<div class=\"desvio-figure js-desvio-figure\"> <a href=\"https:\/\/www.trendencias.com\/celebrities\/que-le-pasa-a-irene-grecia-hermana-dona-sofia-preocupa-silla-ruedas\"> <img loading=\"lazy\" alt=\"Qu\u00e9 le pasa a Irene de Grecia: la hermana de do\u00f1a Sof\u00eda preocupa en silla de ruedas\" width=\"375\" height=\"142\" src=\"http:\/\/hoycordobaweb.com\/wp-content\/uploads\/2024\/08\/la-historia-entre-letizia-y-este-hijo-de-inaki-urdangarin-y-la-infanta-cristina-se-han-reconciliado-2.jpg\"> <\/a> <\/div><\/div><\/div>\n<\/div>\n<p><strong>\u00abTras la reciente reconciliaci\u00f3n de su familia con los reyes de Espa\u00f1a, Miguel Urdangarin ha decidido instalarse en palacio\u00bb<\/strong>, comentan en el portal de Juan Luis Galiacho. All\u00ed, en Zarzuela, tambi\u00e9n residen do\u00f1a Sof\u00eda y su hermana, Irene de Grecia, que tambi\u00e9n pasan el verano en Marivent.<\/p>\n<p><!-- BREAK 7 --><\/p>\n<p>Fotos | Telecinco \/ Casa Real de Espa\u00f1a<\/p>\n<p>En Trendencias |<a href=\"https:\/\/www.trendencias.com\/celebrities\/que-fue-anna-allen-nueva-actriz-que-se-avecina-que-se-invento-carrera-hollywood-photoshop\"> Qu\u00e9 fue de Anna Allen, la nueva actriz de &#8216;La que se avecina&#8217; que se invent\u00f3 una carrera en Hollywood con Photoshop<\/a><\/p>\n<p>En Trendencias | <a href=\"https:\/\/www.trendencias.com\/celebrities\/que-fue-lluvia-rojo-pili-cuentame-como-paso-cantante-rock-fija-pasapalabra\">Qu\u00e9 fue de Lluvia Rojo, Pili en &#8216;Cu\u00e9ntame c\u00f3mo pas\u00f3&#8217;: cantante de rock y fija en &#8216;Pasapalabra&#8217;<\/a><\/p>\n<p>En Trendencias | <a href=\"https:\/\/www.trendencias.com\/festivales\/low-festival-2022-todo-que-se-sabe-cartel-entradas-horarios\">Low Festival 2025: todo lo que se sabe sobre el cartel, las entradas y los horarios<\/a>.<\/p>\n","protected":false},"excerpt":{"rendered":"<p>La relaci\u00f3n entre Felipe, Letizia y el resto de Borbones parece estar en tr\u00e1mites de recuperaci\u00f3n. La infanta Cristina estuvo hace unos d\u00edas en Marivent y se espera la llegada de do\u00f1a Elena. Los reyes, junto a sus hijas, tambi\u00e9n est\u00e1n alojados en la propiedad mallorquina. A excepci\u00f3n de Juan Carlos, todos parecen bien recibidos [&hellip;]<\/p>\n","protected":false},"author":1,"featured_media":81135,"comment_status":"closed","ping_status":"closed","sticky":false,"template":"","format":"standard","meta":[],"categories":[],"tags":[],"_links":{"self":[{"href":"http:\/\/hoycordobaweb.com\/index.php\/wp-json\/wp\/v2\/posts\/81134"}],"collection":[{"href":"http:\/\/hoycordobaweb.com\/index.php\/wp-json\/wp\/v2\/posts"}],"about":[{"href":"http:\/\/hoycordobaweb.com\/index.php\/wp-json\/wp\/v2\/types\/post"}],"author":[{"embeddable":true,"href":"http:\/\/hoycordobaweb.com\/index.php\/wp-json\/wp\/v2\/users\/1"}],"replies":[{"embeddable":true,"href":"http:\/\/hoycordobaweb.com\/index.php\/wp-json\/wp\/v2\/comments?post=81134"}],"version-history":[{"count":0,"href":"http:\/\/hoycordobaweb.com\/index.php\/wp-json\/wp\/v2\/posts\/81134\/revisions"}],"wp:featuredmedia":[{"embeddable":true,"href":"http:\/\/hoycordobaweb.com\/index.php\/wp-json\/wp\/v2\/media\/81135"}],"wp:attachment":[{"href":"http:\/\/hoycordobaweb.com\/index.php\/wp-json\/wp\/v2\/media?parent=81134"}],"wp:term":[{"taxonomy":"category","embeddable":true,"href":"http:\/\/hoycordobaweb.com\/index.php\/wp-json\/wp\/v2\/categories?post=81134"},{"taxonomy":"post_tag","embeddable":true,"href":"http:\/\/hoycordobaweb.com\/index.php\/wp-json\/wp\/v2\/tags?post=81134"}],"curies":[{"name":"wp","href":"https:\/\/api.w.org\/{rel}","templated":true}]}}