{"id":81069,"date":"2024-08-01T02:17:41","date_gmt":"2024-08-01T02:17:41","guid":{"rendered":"https:\/\/www.ole.com.ar\/futbol-internacional\/enzo-fernandez-chelsea-jugo-amistoso-america_0_20d5RboYhk.html"},"modified":"2024-08-01T02:17:41","modified_gmt":"2024-08-01T02:17:41","slug":"enzo-fernandez-volvio-a-jugar-en-chelsea-despues-de-la-polemica","status":"publish","type":"post","link":"http:\/\/hoycordobaweb.com\/index.php\/2024\/08\/01\/enzo-fernandez-volvio-a-jugar-en-chelsea-despues-de-la-polemica\/","title":{"rendered":"Enzo Fern\u00e1ndez volvi\u00f3 a jugar en Chelsea despu\u00e9s de la pol\u00e9mica"},"content":{"rendered":"<p><img src=\"http:\/\/hoycordobaweb.com\/wp-content\/uploads\/2024\/08\/enzo-fernandez-volvio-a-jugar-en-chelsea-despues-de-la-polemica.jpg\"><\/p>\n<p><time class=\"createDate\" datetime=\"2024-07-31T23:17:41-03:00\">31\/07\/2024 23:17hs.<\/time><\/p>\n<div id=\"storyBody\">\n<div class=\"custom-text \" readability=\"34.423762376238\">\n<p><a href=\"https:\/\/www.ole.com.ar\/futbol-internacional\/inglaterra\/enzo-fernandez-chelsea-companeros_0_Lm4h0qVT6A.html\" target=\"_self\" title=\"Apenas un d\u00eda despu\u00e9s de sumarse a la pretemporada de Chelsea en Estados Unidos\" alt=\"Apenas un d\u00eda despu\u00e9s de sumarse a la pretemporada de Chelsea en Estados Unidos\" rel=\"noopener noreferrer\">Apenas un d\u00eda despu\u00e9s de sumarse a la pretemporada de Chelsea en Estados Unidos<\/a>, hablar con sus compa\u00f1eros y aclarar el asunto, poni\u00e9ndole punto final a todo lo que el cantito desafortunado contra los franceses conllev\u00f3,<strong> Enzo Fern\u00e1ndez vio r\u00e1pidamente acci\u00f3n en el equipo ingl\u00e9s<\/strong>. Hizo las paces y el flamante DT Enzo Maresca, que tambi\u00e9n se encarg\u00f3 de poner pa\u00f1os fr\u00edos a la pasada situaci\u00f3n, lo mand\u00f3 a la cancha en el triunfo por 3-0 contra Am\u00e9rica de M\u00e9xico en Atlanta, Estados Unidos.<\/p>\n<\/div>\n<div class=\"custom-text \" readability=\"37\">\n<p><strong>Fern\u00e1ndez ingres\u00f3 en el comienzo de la segunda parte por Kiernan Dewsbury-Hall para ocupar un lugar en la mitad de la cancha.<\/strong> Fue su primer partido desde la final de Copa Am\u00e9rica ante Colombia, el pasado 14 de julio. Y hasta llev\u00f3 la cinta de capit\u00e1n (cuando sali\u00f3 Reece James), abrazando a Nani Madueke en el tercer gol de penal que sell\u00f3 la victoria. <\/p>\n<\/div>\n<div class=\"sc-e7b891c4-0 jPbnQF\"><img alt=\"Enzo Fern\u00e1ndez, en su primer amistoso de pretemporada.\" src=\"http:\/\/hoycordobaweb.com\/wp-content\/uploads\/2024\/08\/enzo-fernandez-volvio-a-jugar-en-chelsea-despues-de-la-polemica-2.jpg\" width=\"720\" height=\"100\" decoding=\"async\" data-nimg=\"future\" loading=\"lazy\"><span class=\"epigraphe\">Enzo Fern\u00e1ndez, en su primer amistoso de pretemporada.<\/span><\/div>\n<div class=\"custom-text \" readability=\"37\">\n<p>Los Blues tendr\u00e1n una buena seguidilla de partidos para agarrar ritmo antes del comienzo de la Premier: <strong>el s\u00e1bado 3 vs. Manchester City, el martes 6 vs. Real Madrid (ambos en Estados Unidos) y el 11 vs. Inter de Italia, ya en Londres.<\/strong> El debut en la Premier League ser\u00e1 contra el equipo de Guardiola y Juli\u00e1n \u00c1lvarez el 18 de agosto. <\/p>\n<\/div>\n<div class=\"sc-a7166897-0 exHLBh\" readability=\"6\">\n<section readability=\"2\"><picture><img alt=\"El comienzo de una era: Endrick debut\u00f3 en el Real Madrid\" src=\"http:\/\/hoycordobaweb.com\/wp-content\/uploads\/2024\/08\/enzo-fernandez-volvio-a-jugar-en-chelsea-despues-de-la-polemica-3.jpg\" width=\"290\" height=\"290\" decoding=\"async\" data-nimg=\"future\" loading=\"lazy\"><\/picture>\n<p><span>Mir\u00e1 tambi\u00e9n<\/span><\/p>\n<hr>\n<h3>El comienzo de una era: Endrick debut\u00f3 en el Real Madrid<\/h3>\n<\/p>\n<\/section>\n<\/div>\n<div class=\"sc-a7166897-0 exHLBh\" readability=\"6\">\n<section readability=\"2\"><picture><img alt=\"Video: De Paul solt\u00f3 toda su magia en un picadito con amigos\" src=\"http:\/\/hoycordobaweb.com\/wp-content\/uploads\/2024\/08\/enzo-fernandez-volvio-a-jugar-en-chelsea-despues-de-la-polemica-4.jpg\" width=\"290\" height=\"290\" decoding=\"async\" data-nimg=\"future\" loading=\"lazy\"><\/picture>\n<p><span>Mir\u00e1 tambi\u00e9n<\/span><\/p>\n<hr>\n<h3>Video: De Paul solt\u00f3 toda su magia en un picadito con amigos<\/h3>\n<\/p>\n<\/section>\n<\/div>\n<\/div>\n","protected":false},"excerpt":{"rendered":"<p>31\/07\/2024 23:17hs. Apenas un d\u00eda despu\u00e9s de sumarse a la pretemporada de Chelsea en Estados Unidos, hablar con sus compa\u00f1eros y aclarar el asunto, poni\u00e9ndole punto final a todo lo que el cantito desafortunado contra los franceses conllev\u00f3, Enzo Fern\u00e1ndez vio r\u00e1pidamente acci\u00f3n en el equipo ingl\u00e9s. Hizo las paces y el flamante DT Enzo [&hellip;]<\/p>\n","protected":false},"author":1,"featured_media":81070,"comment_status":"open","ping_status":"closed","sticky":false,"template":"","format":"standard","meta":[],"categories":[16],"tags":[],"_links":{"self":[{"href":"http:\/\/hoycordobaweb.com\/index.php\/wp-json\/wp\/v2\/posts\/81069"}],"collection":[{"href":"http:\/\/hoycordobaweb.com\/index.php\/wp-json\/wp\/v2\/posts"}],"about":[{"href":"http:\/\/hoycordobaweb.com\/index.php\/wp-json\/wp\/v2\/types\/post"}],"author":[{"embeddable":true,"href":"http:\/\/hoycordobaweb.com\/index.php\/wp-json\/wp\/v2\/users\/1"}],"replies":[{"embeddable":true,"href":"http:\/\/hoycordobaweb.com\/index.php\/wp-json\/wp\/v2\/comments?post=81069"}],"version-history":[{"count":0,"href":"http:\/\/hoycordobaweb.com\/index.php\/wp-json\/wp\/v2\/posts\/81069\/revisions"}],"wp:featuredmedia":[{"embeddable":true,"href":"http:\/\/hoycordobaweb.com\/index.php\/wp-json\/wp\/v2\/media\/81070"}],"wp:attachment":[{"href":"http:\/\/hoycordobaweb.com\/index.php\/wp-json\/wp\/v2\/media?parent=81069"}],"wp:term":[{"taxonomy":"category","embeddable":true,"href":"http:\/\/hoycordobaweb.com\/index.php\/wp-json\/wp\/v2\/categories?post=81069"},{"taxonomy":"post_tag","embeddable":true,"href":"http:\/\/hoycordobaweb.com\/index.php\/wp-json\/wp\/v2\/tags?post=81069"}],"curies":[{"name":"wp","href":"https:\/\/api.w.org\/{rel}","templated":true}]}}