{"id":80989,"date":"2024-07-29T21:27:42","date_gmt":"2024-07-29T21:27:42","guid":{"rendered":"https:\/\/www.ole.com.ar\/futbol-primera\/racing-huachipato-cilindro-suidamericana-costas_0_jMM84eOgVb.html"},"modified":"2024-07-29T21:27:42","modified_gmt":"2024-07-29T21:27:42","slug":"alerta-en-racing-por-el-campo-de-juego-lo-aprueba-la-conmebol","status":"publish","type":"post","link":"http:\/\/hoycordobaweb.com\/index.php\/2024\/07\/29\/alerta-en-racing-por-el-campo-de-juego-lo-aprueba-la-conmebol\/","title":{"rendered":"Alerta en Racing por el campo de juego: \u00bflo aprueba la Conmebol?"},"content":{"rendered":"<p><img src=\"http:\/\/hoycordobaweb.com\/wp-content\/uploads\/2024\/07\/alerta-en-racing-por-el-campo-de-juego-lo-aprueba-la-conmebol.jpg\"><\/p>\n<p><time class=\"createDate\" datetime=\"2024-07-29T18:27:42-03:00\">29\/07\/2024 18:27hs.<\/time><time class=\"modificatedDate\" datetime=\"2024-07-29T19:10:40-03:00\"> Actualizado al 29\/07\/2024 19:10hs.<\/time><\/p>\n<div id=\"storyBody\">\n<div class=\"custom-text \" readability=\"43\">\n<p><strong>\u00abNo me gusta poner excusas, pero jugamos tres partidos en una semana (en nueve d\u00edas, en realidad). Y ahora, con arena&#8230; Quieras o no, lo sentimos much\u00edsimo\u00bb.<\/strong> Las declaraciones de Gustavo Costas contra el estado del campo de juego, tras la victoria por 2-1 sobre Uni\u00f3n, hicieron ruido en el club. Sucede que las formul\u00f3 cuando<strong> se avecina una inspecci\u00f3n de la Conmebol (ser\u00e1 el lunes 5) para determinar si la cancha ser\u00e1 aprobada o no <\/strong>para que sea utilizada en el juego de vuelta contra Huachipato de Chile, el 20 de agosto (a partir de las 19), por los octavos de final de la Copa Sudamericana.<\/p>\n<\/div>\n<div class=\"custom-text \" readability=\"41\">\n<p>La entidad que rige al f\u00fatbol sudamericano, por lo pronto, ya decidi\u00f3 que el elenco chileno, en el encuentro de ida, haga de local en otra cancha porque la suya tiene una capacidad menor a 20.000 espectadores. <strong>De este modo, el martes 13 la Academia (tambi\u00e9n a las 19) abrir\u00e1 la serie en el estadio Sausalito de Vi\u00f1a del Mar, donde habitualmente juega el Everton de aquel pa\u00eds.<\/strong><\/p>\n<\/div>\n<div class=\"custom-text \" readability=\"37\">\n<p>El \u00faltimo antecedente enciende una alarma en Racing. Es que<strong> la Conmebol le baj\u00f3 el pulgar al terreno de juego del Cilindro y el equipo de Gustavo Costas debi\u00f3 cumplir con la local\u00eda en la cancha de Lan\u00fas<\/strong> el 28 de mayo, en el 3-0 sobre Sportivo Luque\u00f1o de Paraguay, en el cierre del Grupo H que termin\u00f3 liderando la Academia.<\/p>\n<\/div>\n<p><h2>Los trabajos que llev\u00f3 adelante el club con el campo <\/h2>\n<\/p>\n<div class=\"custom-text \" readability=\"37\">\n<p>Tras la reprobaci\u00f3n de la entidad,<strong> Racing inici\u00f3 tareas para mejorar el campo y se instal\u00f3 una superficie de c\u00e9sped sint\u00e9tico (valuada en 100.000 d\u00f3lares) <\/strong>sobre la zona de los bancos de los suplentes donde habitualmente los futbolistas realizan ejercicios de calentamiento. Incluso, se colocaron unos aparatos que lanzar un estruendo cada determinado tiempo para espantar las palomas que se comen la gramilla.<\/p>\n<\/div>\n<div class=\"sc-e7b891c4-0 jPbnQF\"><img alt=\"La Academia le gan\u00f3 2-1 a Uni\u00f3n con goles de Santiago Sosa y Agust\u00edn Almendra.\nFOTOBAIRES\" src=\"http:\/\/hoycordobaweb.com\/wp-content\/uploads\/2024\/07\/alerta-en-racing-por-el-campo-de-juego-lo-aprueba-la-conmebol-2.jpg\" width=\"720\" height=\"100\" decoding=\"async\" data-nimg=\"future\" loading=\"lazy\"><span class=\"epigraphe\">La Academia le gan\u00f3 2-1 a Uni\u00f3n con goles de Santiago Sosa y Agust\u00edn Almendra.<br \/>\nFOTOBAIRES<\/span><\/div>\n<div class=\"custom-text \" readability=\"39\">\n<p>Al menos hasta ahora eso no bast\u00f3 para que la cancha presente una buena imagen, pero <strong>desde el club conf\u00edan en que llegar\u00e1 en buen estado de ac\u00e1 al 20<\/strong>. Previo al compromiso de esa fecha, el equipo actuar\u00e1 all\u00ed ante Gimnasia, el 11 de agosto. Pero el campo del estadio no es la \u00fanico con deficiencias, sino tambi\u00e9n el de la cancha auxiliar.<\/p>\n<\/div>\n<div class=\"sc-e7b891c4-0 jPbnQF\"><img alt=\"Almendra marc\u00f3 el gol de un triunfo sufrido para la Academia. FOTOBAIRES\" src=\"http:\/\/hoycordobaweb.com\/wp-content\/uploads\/2024\/07\/alerta-en-racing-por-el-campo-de-juego-lo-aprueba-la-conmebol-3.jpg\" width=\"720\" height=\"100\" decoding=\"async\" data-nimg=\"future\" loading=\"lazy\"><span class=\"epigraphe\">Almendra marc\u00f3 el gol de un triunfo sufrido para la Academia.<br \/>\nFOTOBAIRES<\/span><\/div>\n<p><h2>Costas no se escud\u00f3 en la cancha, sino que tambi\u00e9n hizo autocr\u00edtica en Racing <\/h2>\n<\/p>\n<div class=\"custom-text \" readability=\"39\">\n<p>Por el campo raleado, principalmente en la zona de las \u00e1reas e inmediaciones, se esparci\u00f3 arena que qued\u00f3 a la vista. Y seg\u00fan la mirada de Costas, esa superficie atent\u00f3 contra el traslado del bal\u00f3n. Aunque el t\u00e9cnico aclar\u00f3 que \u00abno es una excusa\u00bb y admiti\u00f3: <strong>\u00abNo hicimos un buen partido. Para nada. No pudimos jugar como quer\u00edamos. No tuvimos un partido bueno en lo individual, en los uno contra uno.<\/strong> Tenemos que parecernos m\u00e1s a lo que hicimos contra Godoy Cruz (3-0 y con gran nivel). No me voy contento\u00bb.<\/p>\n<\/div>\n<div class=\"custom-text \" readability=\"38\">\n<p> Asimismo, reforz\u00f3: \u201cEn el segundo tiempo nos cost\u00f3 much\u00edsimo. Ellos nos manejaron la pelota y pusieron dos delanteros que trabajan muy bien la parte f\u00edsica. Jugamos contra un rival que ven\u00eda arriba nuestro, que sabe a lo que juega, le hab\u00eda ganado a Boca&#8230; <strong>No me voy content\u00edsimo&#8230; Pero en otro momento a este partido lo perd\u00edamos o empat\u00e1bamos\u201d.<\/strong><\/p>\n<\/div>\n<\/div>\n","protected":false},"excerpt":{"rendered":"<p>29\/07\/2024 18:27hs. Actualizado al 29\/07\/2024 19:10hs. \u00abNo me gusta poner excusas, pero jugamos tres partidos en una semana (en nueve d\u00edas, en realidad). Y ahora, con arena&#8230; Quieras o no, lo sentimos much\u00edsimo\u00bb. Las declaraciones de Gustavo Costas contra el estado del campo de juego, tras la victoria por 2-1 sobre Uni\u00f3n, hicieron ruido en [&hellip;]<\/p>\n","protected":false},"author":1,"featured_media":80990,"comment_status":"open","ping_status":"closed","sticky":false,"template":"","format":"standard","meta":[],"categories":[16],"tags":[],"_links":{"self":[{"href":"http:\/\/hoycordobaweb.com\/index.php\/wp-json\/wp\/v2\/posts\/80989"}],"collection":[{"href":"http:\/\/hoycordobaweb.com\/index.php\/wp-json\/wp\/v2\/posts"}],"about":[{"href":"http:\/\/hoycordobaweb.com\/index.php\/wp-json\/wp\/v2\/types\/post"}],"author":[{"embeddable":true,"href":"http:\/\/hoycordobaweb.com\/index.php\/wp-json\/wp\/v2\/users\/1"}],"replies":[{"embeddable":true,"href":"http:\/\/hoycordobaweb.com\/index.php\/wp-json\/wp\/v2\/comments?post=80989"}],"version-history":[{"count":0,"href":"http:\/\/hoycordobaweb.com\/index.php\/wp-json\/wp\/v2\/posts\/80989\/revisions"}],"wp:featuredmedia":[{"embeddable":true,"href":"http:\/\/hoycordobaweb.com\/index.php\/wp-json\/wp\/v2\/media\/80990"}],"wp:attachment":[{"href":"http:\/\/hoycordobaweb.com\/index.php\/wp-json\/wp\/v2\/media?parent=80989"}],"wp:term":[{"taxonomy":"category","embeddable":true,"href":"http:\/\/hoycordobaweb.com\/index.php\/wp-json\/wp\/v2\/categories?post=80989"},{"taxonomy":"post_tag","embeddable":true,"href":"http:\/\/hoycordobaweb.com\/index.php\/wp-json\/wp\/v2\/tags?post=80989"}],"curies":[{"name":"wp","href":"https:\/\/api.w.org\/{rel}","templated":true}]}}