{"id":80911,"date":"2024-07-27T11:44:29","date_gmt":"2024-07-27T11:44:29","guid":{"rendered":"https:\/\/www.ole.com.ar\/futbol-internacional\/endrick-presentado-real-madrid-florentino-perez-kylian-mbappe_0_tDriyeDa8L.html"},"modified":"2024-07-27T11:44:29","modified_gmt":"2024-07-27T11:44:29","slug":"endrick-presentado-en-el-real-madrid-esto-es-un-sueno-siempre-quise-estar-aca","status":"publish","type":"post","link":"http:\/\/hoycordobaweb.com\/index.php\/2024\/07\/27\/endrick-presentado-en-el-real-madrid-esto-es-un-sueno-siempre-quise-estar-aca\/","title":{"rendered":"Endrick, presentado en el Real Madrid: \u00abEsto es un sue\u00f1o. Siempre quise estar ac\u00e1\u00bb"},"content":{"rendered":"<p><img src=\"http:\/\/hoycordobaweb.com\/wp-content\/uploads\/2024\/07\/endrick-presentado-en-el-real-madrid-esto-es-un-sueno-siempre-quise-estar-aca.jpg\"><\/p>\n<p><time class=\"createDate\" datetime=\"2024-07-27T08:44:29-03:00\">27\/07\/2024 08:44hs.<\/time><\/p>\n<div id=\"storyBody\">\n<div class=\"custom-text \" readability=\"38.524822695035\">\n<p><strong>El Santiago Bernab\u00e9u vivi\u00f3 una jornada emocionante con la presentaci\u00f3n de <a href=\"https:\/\/www.ole.com.ar\/tema\/endrick.html\" title=\"Endrick\" alt=\"Endrick\" class=\"slug\">Endrick<\/a><\/strong>, la nueva promesa brasile\u00f1a que ha llegado para formar parte del <strong><a href=\"https:\/\/www.ole.com.ar\/tema\/real-madrid.html\" title=\"Real Madrid\" alt=\"Real Madrid\" class=\"slug\">Real Madrid<\/a><\/strong> de Carlo Ancelotti, Kylian Mbapp\u00e9, Vinicius, Jude Bellingham y compa\u00f1\u00eda. El joven delantero, acompa\u00f1ado de su familia y su novia, se mostr\u00f3 visiblemente emocionado en un evento que fue precedido por las palabras del presidente del club, <strong><a href=\"https:\/\/www.ole.com.ar\/tema\/florentino-perez.html\" title=\"Florentino P\u00e9rez\" alt=\"Florentino P\u00e9rez\" class=\"slug\">Florentino P\u00e9rez<\/a><\/strong>.<\/p>\n<\/div>\n<p><h2><strong><em>La presentaci\u00f3n de Endrick en el Real Madrid<\/em><\/strong><\/h2>\n<\/p>\n<div class=\"custom-text \" readability=\"39\">\n<p><strong>\u00abQuerido Endrick, este momento era lo que so\u00f1abas cuando eras un ni\u00f1o<\/strong>. Acabamos de ver que aquel peque\u00f1o ten\u00eda muy claro que quer\u00eda ser profesional y jugar en el Real Madrid. <strong>Has cumplido el sue\u00f1o de tu vida<\/strong>, lo ten\u00edas con tan solo nueve a\u00f1os cuando compartiste momentos de ilusi\u00f3n y vida con la Fundaci\u00f3n Real Madrid\u00bb, expres\u00f3 Florentino P\u00e9rez, ante un Bernab\u00e9u a un 80% de capacidad.<\/p>\n<\/div>\n<div class=\"custom-text \" readability=\"42\">\n<p><strong>La presentaci\u00f3n comenz\u00f3 pasadas las 12 del mediod\u00eda en Madrid, con Endrick saltando al c\u00e9sped del Bernab\u00e9u vestido completamente de blanco,<\/strong> luciendo la nueva indumentaria del club merengue. La familia del jugador, visiblemente emocionada, comparti\u00f3 este momento especial. Su madre y su padre, ambos con l\u00e1grimas en los ojos, y su hermano peque\u00f1o en brazos de su padre, observaron c\u00f3mo Endrick era recibido con una ovaci\u00f3n ensordecedora por los hinchas presentes.<\/p>\n<\/div>\n<div class=\"custom-text \" readability=\"38\">\n<p>El delantero brasile\u00f1o, a\u00fan entre l\u00e1grimas, tom\u00f3 la palabra para agradecer a todos los presentes. \u00ab<strong>La afici\u00f3n es una locura. Estoy muy contento. Siempre he sido un gran fan del Real Madrid y hoy voy a jugar aqu\u00ed.<\/strong> Mi familia tambi\u00e9n. Es una locura. No tengo palabras para describir lo que estoy sintiendo. <strong>Siempre quise estar aqu\u00ed. Hoy se ha hecho realida<\/strong>d\u00bb, declar\u00f3 Endrick. Sus palabras reflejaban la emoci\u00f3n y el orgullo de cumplir un sue\u00f1o de infancia.<\/p>\n<\/div>\n<div class=\"sc-e7b891c4-0 jPbnQF\"><img alt=\"Endrick, emocionado en su presentaci\u00f3n en el Real Madrid. (EFE)\" src=\"http:\/\/hoycordobaweb.com\/wp-content\/uploads\/2024\/07\/endrick-presentado-en-el-real-madrid-esto-es-un-sueno-siempre-quise-estar-aca-2.jpg\" width=\"720\" height=\"100\" decoding=\"async\" data-nimg=\"future\" loading=\"lazy\"><span class=\"epigraphe\">Endrick, emocionado en su presentaci\u00f3n en el Real Madrid. (EFE)<\/span><\/div>\n<div class=\"custom-text \" readability=\"37\">\n<p><strong>Endrick llega al Real Madrid con un impresionante palmar\u00e9s para su corta edad<\/strong>: dos ligas, una supercopa y dos campeonatos paulistas con Palmeiras, adem\u00e1s de ser MVP del \u00faltimo Paulista con el primer equipo. Florentino P\u00e9rez destac\u00f3 estos logros al darle la bienvenida: \u00ab<strong>Te has convertido en una de las estrellas emergentes del f\u00fatbol mundial. <\/strong>Siendo el \u00fanico en ganar todos los t\u00edtulos en las inferiores con Palmeiras y siendo MVP del \u00faltimo Paulista con el primer equipo. Estamos orgullosos de darte la bienvenida a esta gran familia\u00bb.<\/p>\n<\/div>\n<div class=\"custom-text \" readability=\"39\">\n<p>Tras <strong>firmar el contrato que lo vincula con el Real Madrid para las pr\u00f3ximas seis temporadas<\/strong> y pasar el reconocimiento m\u00e9dico, Endrick se prepara para enfrentar el reto de jugar en uno de los clubes m\u00e1s grandes del mundo, al lado de superestrellas. As\u00ed, <strong>con el dorsal n\u00famero 16 a la espalda<\/strong>, Endrick se presenta como una de las grandes apuestas del Real Madrid para los pr\u00f3ximos a\u00f1os.<\/p>\n<\/div>\n<div class=\"sc-e7b891c4-0 jPbnQF\"><img alt=\"Endrick utilizar\u00e1 la camiseta n\u00famero 16. (REUTER)\" src=\"http:\/\/hoycordobaweb.com\/wp-content\/uploads\/2024\/07\/endrick-presentado-en-el-real-madrid-esto-es-un-sueno-siempre-quise-estar-aca-3.jpg\" width=\"720\" height=\"100\" decoding=\"async\" data-nimg=\"future\" loading=\"lazy\"><span class=\"epigraphe\">Endrick utilizar\u00e1 la camiseta n\u00famero 16. (REUTER)<\/span><\/div>\n<div class=\"sc-a7166897-0 exHLBh\" readability=\"6.5\">\n<section readability=\"3\"><picture><img alt=\"Argentina despach\u00f3 3-1 a Irak y mantiene vivo el sue\u00f1o de medalla en los Juegos Ol\u00edmpicos\" src=\"http:\/\/hoycordobaweb.com\/wp-content\/uploads\/2024\/07\/endrick-presentado-en-el-real-madrid-esto-es-un-sueno-siempre-quise-estar-aca-4.jpg\" width=\"290\" height=\"290\" decoding=\"async\" data-nimg=\"future\" loading=\"lazy\"><\/picture>\n<p><span>Mir\u00e1 tambi\u00e9n<\/span><\/p>\n<hr>\n<h3>Argentina despach\u00f3 3-1 a Irak y mantiene vivo el sue\u00f1o de medalla en los Juegos Ol\u00edmpicos<\/h3>\n<\/p>\n<\/section>\n<\/div>\n<div class=\"sc-a7166897-0 exHLBh\" readability=\"7\">\n<section readability=\"4\"><picture><img alt=\"Medallero de los Juegos Ol\u00edmpicos de Par\u00eds 2024, en vivo: los primeros pa\u00edses con medallas\" src=\"http:\/\/hoycordobaweb.com\/wp-content\/uploads\/2024\/07\/endrick-presentado-en-el-real-madrid-esto-es-un-sueno-siempre-quise-estar-aca-5.jpg\" width=\"290\" height=\"290\" decoding=\"async\" data-nimg=\"future\" loading=\"lazy\"><\/picture>\n<p><span>Mir\u00e1 tambi\u00e9n<\/span><\/p>\n<hr>\n<h3>Medallero de los Juegos Ol\u00edmpicos de Par\u00eds 2024, en vivo: los primeros pa\u00edses con medallas<\/h3>\n<\/p>\n<\/section>\n<\/div>\n<div class=\"sc-a7166897-0 exHLBh\" readability=\"6\">\n<section readability=\"2\"><picture><img alt=\"\u00bfQui\u00e9nes se quedaron con la primera medalla de oro de los Juegos Ol\u00edmpicos?\" src=\"http:\/\/hoycordobaweb.com\/wp-content\/uploads\/2024\/07\/endrick-presentado-en-el-real-madrid-esto-es-un-sueno-siempre-quise-estar-aca-6.jpg\" width=\"290\" height=\"290\" decoding=\"async\" data-nimg=\"future\" loading=\"lazy\"><\/picture>\n<p><span>Mir\u00e1 tambi\u00e9n<\/span><\/p>\n<hr>\n<h3>\u00bfQui\u00e9nes se quedaron con la primera medalla de oro de los Juegos Ol\u00edmpicos?<\/h3>\n<\/p>\n<\/section>\n<\/div>\n<\/div>\n","protected":false},"excerpt":{"rendered":"<p>27\/07\/2024 08:44hs. El Santiago Bernab\u00e9u vivi\u00f3 una jornada emocionante con la presentaci\u00f3n de Endrick, la nueva promesa brasile\u00f1a que ha llegado para formar parte del Real Madrid de Carlo Ancelotti, Kylian Mbapp\u00e9, Vinicius, Jude Bellingham y compa\u00f1\u00eda. El joven delantero, acompa\u00f1ado de su familia y su novia, se mostr\u00f3 visiblemente emocionado en un evento que [&hellip;]<\/p>\n","protected":false},"author":1,"featured_media":80912,"comment_status":"open","ping_status":"closed","sticky":false,"template":"","format":"standard","meta":[],"categories":[16],"tags":[],"_links":{"self":[{"href":"http:\/\/hoycordobaweb.com\/index.php\/wp-json\/wp\/v2\/posts\/80911"}],"collection":[{"href":"http:\/\/hoycordobaweb.com\/index.php\/wp-json\/wp\/v2\/posts"}],"about":[{"href":"http:\/\/hoycordobaweb.com\/index.php\/wp-json\/wp\/v2\/types\/post"}],"author":[{"embeddable":true,"href":"http:\/\/hoycordobaweb.com\/index.php\/wp-json\/wp\/v2\/users\/1"}],"replies":[{"embeddable":true,"href":"http:\/\/hoycordobaweb.com\/index.php\/wp-json\/wp\/v2\/comments?post=80911"}],"version-history":[{"count":0,"href":"http:\/\/hoycordobaweb.com\/index.php\/wp-json\/wp\/v2\/posts\/80911\/revisions"}],"wp:featuredmedia":[{"embeddable":true,"href":"http:\/\/hoycordobaweb.com\/index.php\/wp-json\/wp\/v2\/media\/80912"}],"wp:attachment":[{"href":"http:\/\/hoycordobaweb.com\/index.php\/wp-json\/wp\/v2\/media?parent=80911"}],"wp:term":[{"taxonomy":"category","embeddable":true,"href":"http:\/\/hoycordobaweb.com\/index.php\/wp-json\/wp\/v2\/categories?post=80911"},{"taxonomy":"post_tag","embeddable":true,"href":"http:\/\/hoycordobaweb.com\/index.php\/wp-json\/wp\/v2\/tags?post=80911"}],"curies":[{"name":"wp","href":"https:\/\/api.w.org\/{rel}","templated":true}]}}