{"id":80909,"date":"2024-07-27T21:25:54","date_gmt":"2024-07-27T21:25:54","guid":{"rendered":"https:\/\/www.ole.com.ar\/futbol-internacional\/paulo-dybala-volvio-jugar-capitan-roma-semana-casamiento_0_pwSKU1zcxK.html"},"modified":"2024-07-27T21:25:54","modified_gmt":"2024-07-27T21:25:54","slug":"a-una-semana-de-su-casamiento-dybala-volvio-a-jugar-y-fue-capitan-de-la-roma","status":"publish","type":"post","link":"http:\/\/hoycordobaweb.com\/index.php\/2024\/07\/27\/a-una-semana-de-su-casamiento-dybala-volvio-a-jugar-y-fue-capitan-de-la-roma\/","title":{"rendered":"A una semana de su casamiento, Dybala volvi\u00f3 a jugar y fue capit\u00e1n de la Roma"},"content":{"rendered":"<p><img src=\"http:\/\/hoycordobaweb.com\/wp-content\/uploads\/2024\/07\/a-una-semana-de-su-casamiento-dybala-volvio-a-jugar-y-fue-capitan-de-la-roma.jpg\"><\/p>\n<p><time class=\"createDate\" datetime=\"2024-07-27T18:25:54-03:00\">27\/07\/2024 18:25hs.<\/time><\/p>\n<div id=\"storyBody\">\n<div class=\"custom-text \" readability=\"35\">\n<p><strong>El pasado s\u00e1bado 20 de julio<\/strong> fue el casamiento del a\u00f1o con un fiest\u00f3n que dio la vuelta al mundo. <strong>Paulo Dybala y Oriana Sabatini dieron el s\u00ed y se casaron con 300 invitados<\/strong> en un evento realizado en Exaltaci\u00f3n de la Cruz. <strong>No pas\u00f3 ni una semana que la Joya ya volvi\u00f3 a la Roma y este s\u00e1bado fue titular en un amistoso de pretemporada.<\/strong><\/p>\n<\/div>\n<div class=\"custom-text \" readability=\"35\">\n<p><strong>El cordob\u00e9s jug\u00f3 como titular y de falso nueve<\/strong> en un prueba que finaliz\u00f3 con <strong>derrota 0-1 frente al Toulouse<\/strong>. El detalle estuvo en que <strong>utiliz\u00f3 la cinta de capit\u00e1n por primera vez en el club capitalino<\/strong>, algo que no hab\u00eda sucedido en los 77 encuentros oficiales que disput\u00f3 all\u00ed.<\/p>\n<\/div>\n<div class=\"custom-text \" readability=\"36\">\n<p><strong>Figura clave para el entrenador Daniele De Rossi<\/strong>, ahora espera el regreso de Leandro Paredes tras su descanso post t\u00edtulo en la Copa Am\u00e9rica con la Selecci\u00f3n Argentina y tambi\u00e9n la llegada de otro compatriota: Mat\u00edas Soul\u00e9, a quien la Roma compr\u00f3 a la Juventus.<\/p>\n<\/div>\n<div class=\"sc-e7b891c4-0 jPbnQF\"><img alt=\"Dybala en el amistoso de pretemporada de la Roma ante Toulouse (Foto: asroma.com).\" src=\"http:\/\/hoycordobaweb.com\/wp-content\/uploads\/2024\/07\/a-una-semana-de-su-casamiento-dybala-volvio-a-jugar-y-fue-capitan-de-la-roma-2.jpg\" width=\"720\" height=\"100\" decoding=\"async\" data-nimg=\"future\" loading=\"lazy\"><span class=\"epigraphe\">Dybala en el amistoso de pretemporada de la Roma ante Toulouse (Foto: asroma.com).<\/span><\/div>\n<div class=\"custom-text \" readability=\"37\">\n<p><strong>El pasado viernes el club italiano record\u00f3 y celebr\u00f3 dos a\u00f1os de la llegada de Paulo<\/strong>, un recibimiento espectacular en aquella ciudad y que gener\u00f3 el comienzo de una relaci\u00f3n de mutuo cari\u00f1o. All\u00ed tambi\u00e9n, una noche en la Fontana di Trevi fue cuando le pidi\u00f3 casamiento a Oriana que se termin\u00f3 celebrando la semana anterior.<\/p>\n<\/div>\n<p><h2><strong>Paulo disfrut\u00f3 de su casamiento con Oriana<\/strong><\/h2>\n<\/p>\n<div class=\"custom-text \" readability=\"38\">\n<p><strong>\u00abEl d\u00eda m\u00e1s maravilloso de nuestras vidas\u00bb, fue la frase que utiliz\u00f3 el campe\u00f3n del mundo para describir el estar casado con el amor de su vida<\/strong>. Ahora, r\u00e1pidamente le toc\u00f3 pasar p\u00e1gina y enfocarse en una nueva campa\u00f1a en la que la Roma buscar\u00e1 ser protagonista en la Serie A, adem\u00e1s de competir en la Copa Italia y buscar ese t\u00edtulo internacional que se le viene negando: jugar\u00e1 la Europa League.<\/p>\n<\/div>\n<div class=\"sc-e7b891c4-0 jPbnQF\"><img alt=\"El pasado 20 de julio Paulo y Oriana se casaron en Buenos Aires.\" src=\"http:\/\/hoycordobaweb.com\/wp-content\/uploads\/2024\/07\/a-una-semana-de-su-casamiento-dybala-volvio-a-jugar-y-fue-capitan-de-la-roma-3.jpg\" width=\"720\" height=\"100\" decoding=\"async\" data-nimg=\"future\" loading=\"lazy\"><span class=\"epigraphe\">El pasado 20 de julio Paulo y Oriana se casaron en Buenos Aires.<\/span><\/div>\n<div class=\"custom-text \" readability=\"40\">\n<p><strong>Para Dybala ser\u00e1 su tercera temporada en la Loba donde ya lleva 77 partidos, 34 goles y 18 asistencias. <\/strong>Con salidas de peso como las de Romelu Lukaku, Leonardo Spinazzola, Andrea Belotti o Ru\u00ed Patricio, en la Roma apuntan con todo al mercado. El primero claro est\u00e1 es Soul\u00e9, quien precisamente tuvo sus primeros minutos en Primera en 2021 al lado de Paulo en la Vecchia Signora.<\/p>\n<\/div>\n<div class=\"custom-text \" readability=\"35\">\n<p>Tambi\u00e9n avanzaron por otro delantero como el ucraniano Artem Dovbyk, quien parec\u00eda tener todo arreglado con el Atl\u00e9tico de Madrid pero se interes\u00f3 en el proyecto de la Roma y tras ser el goleador de LaLiga pasada con el Girona ahora podr\u00eda convertirse en el nuevo socio de la Joya.<\/p>\n<\/div>\n<div class=\"sc-e7b891c4-0 jPbnQF\"><img alt=\"Para De Rossi la Joya es su gran figura (EFE).\" src=\"http:\/\/hoycordobaweb.com\/wp-content\/uploads\/2024\/07\/a-una-semana-de-su-casamiento-dybala-volvio-a-jugar-y-fue-capitan-de-la-roma-4.jpg\" width=\"720\" height=\"100\" decoding=\"async\" data-nimg=\"future\" loading=\"lazy\"><span class=\"epigraphe\">Para De Rossi la Joya es su gran figura (EFE).<\/span><\/div>\n<div class=\"custom-text \" readability=\"36\">\n<p><strong>Para Paulo no hubo tiempo de aprovechar la luna de miel y le toc\u00f3 volver a enfocarse en lo futbol\u00edstico.<\/strong> En su \u00faltimo a\u00f1o de contrato con la Roma (hasta junio de 2025) buscar\u00e1 seguir disfrutando en el calcio italiano donde se radic\u00f3 en 2012 tras su salida de Instituto despertando alegr\u00edas en el Palermo, la Juventus y ahora en la Roma. <\/p>\n<\/div>\n<div class=\"custom-text \" readability=\"35\">\n<p>El pr\u00f3ximo s\u00e1bado tendr\u00e1 el siguiente amistoso vs. Olympiacos de Grecia para luego disputar dos en Inglaterra, ante Coventry City y Everton y despu\u00e9s s\u00ed afrontar el inicio de la Serie A el 18 de agosto ante el Cagliari. <\/p>\n<\/div>\n<div class=\"sc-e7b891c4-0 jPbnQF\"><img alt=\"Paulo y Oriana en su casamiento.\" src=\"http:\/\/hoycordobaweb.com\/wp-content\/uploads\/2024\/07\/a-una-semana-de-su-casamiento-dybala-volvio-a-jugar-y-fue-capitan-de-la-roma-5.jpg\" width=\"720\" height=\"100\" decoding=\"async\" data-nimg=\"future\" loading=\"lazy\"><span class=\"epigraphe\">Paulo y Oriana en su casamiento.<\/span><\/div>\n<div type=\"embed\" class=\"sc-3f46f5ae-0 djVTgz\">\n<div class=\"sc-3f46f5ae-1 fTjZec videoText\" id=\"contentTitleembedsC9aT0Hv\" type=\"embed\"><svg fill=\"#ffffff\"><symbol id=\"play\" viewBox=\"0 0 512 512\"><path d=\"M512 256C512 397.4 397.4 512 256 512C114.6 512 0 397.4 0 256C0 114.6 114.6 0 256 0C397.4 0 512 114.6 512 256zM176 168V344C176 352.7 180.7 360.7 188.3 364.9C195.8 369.2 205.1 369 212.5 364.5L356.5 276.5C363.6 272.1 368 264.4 368 256C368 247.6 363.6 239.9 356.5 235.5L212.5 147.5C205.1 142.1 195.8 142.8 188.3 147.1C180.7 151.3 176 159.3 176 168V168z\" \/><\/symbol><use xlink:href=\"#play\" \/><\/svg><\/p>\n<div class=\"right\">\n<p>Paulo Dybala<!-- --> &#8211;<!-- --> <span>&nbsp;<\/span><\/p>\n<h2 class=\"title-vid\">Casamiento Oriana Sabatini y Paulo Dybala<\/h2>\n<\/div>\n<\/div>\n<p><span class=\"back\" id=\"spanBackembedsC9aT0Hv\"><\/span><\/div>\n<div class=\"sc-a7166897-0 exHLBh\" readability=\"6.5\">\n<section readability=\"3\"><picture><img alt=\"Dieron el s\u00ed: Paulo Dybala y Oriana Sabatini se casaron en una fiesta plagada de famosos\" src=\"http:\/\/hoycordobaweb.com\/wp-content\/uploads\/2024\/07\/a-una-semana-de-su-casamiento-dybala-volvio-a-jugar-y-fue-capitan-de-la-roma-6.jpg\" width=\"290\" height=\"290\" decoding=\"async\" data-nimg=\"future\" loading=\"lazy\"><\/picture>\n<p><span>Mir\u00e1 tambi\u00e9n<\/span><\/p>\n<hr>\n<h3>Dieron el s\u00ed: Paulo Dybala y Oriana Sabatini se casaron en una fiesta plagada de famosos<\/h3>\n<\/p>\n<\/section>\n<\/div>\n<div class=\"sc-a7166897-0 exHLBh\" readability=\"6\">\n<section readability=\"2\"><picture><img alt=\"El tierno di\u00e1logo de Dybala con Oriana Sabatini\" src=\"http:\/\/hoycordobaweb.com\/wp-content\/uploads\/2024\/07\/a-una-semana-de-su-casamiento-dybala-volvio-a-jugar-y-fue-capitan-de-la-roma-7.jpg\" width=\"290\" height=\"290\" decoding=\"async\" data-nimg=\"future\" loading=\"lazy\"><\/picture>\n<p><span>Mir\u00e1 tambi\u00e9n<\/span><\/p>\n<hr>\n<h3>El tierno di\u00e1logo de Dybala con Oriana Sabatini<\/h3>\n<\/p>\n<\/section>\n<\/div>\n<div class=\"sc-a7166897-0 exHLBh\" readability=\"6\">\n<section readability=\"2\"><picture><img alt=\"Soul\u00e9 ya est\u00e1 en Roma\" src=\"http:\/\/hoycordobaweb.com\/wp-content\/uploads\/2024\/07\/a-una-semana-de-su-casamiento-dybala-volvio-a-jugar-y-fue-capitan-de-la-roma-8.jpg\" width=\"290\" height=\"290\" decoding=\"async\" data-nimg=\"future\" loading=\"lazy\"><\/picture>\n<p><span>Mir\u00e1 tambi\u00e9n<\/span><\/p>\n<hr>\n<h3>Soul\u00e9 ya est\u00e1 en Roma<\/h3>\n<\/p>\n<\/section>\n<\/div>\n<div class=\"sc-a7166897-0 exHLBh\" readability=\"6.5\">\n<section readability=\"3\"><picture><img alt=\"Paredes y Boca: el sue\u00f1o de volver con Dybala y su reacci\u00f3n cuando su pap\u00e1 casi lo lleva a River\" src=\"http:\/\/hoycordobaweb.com\/wp-content\/uploads\/2024\/07\/a-una-semana-de-su-casamiento-dybala-volvio-a-jugar-y-fue-capitan-de-la-roma-9.jpg\" width=\"290\" height=\"290\" decoding=\"async\" data-nimg=\"future\" loading=\"lazy\"><\/picture>\n<p><span>Mir\u00e1 tambi\u00e9n<\/span><\/p>\n<hr>\n<h3>Paredes y Boca: el sue\u00f1o de volver con Dybala y su reacci\u00f3n cuando su pap\u00e1 casi lo lleva a River<\/h3>\n<\/p>\n<\/section>\n<\/div>\n<\/div>\n","protected":false},"excerpt":{"rendered":"<p>27\/07\/2024 18:25hs. El pasado s\u00e1bado 20 de julio fue el casamiento del a\u00f1o con un fiest\u00f3n que dio la vuelta al mundo. Paulo Dybala y Oriana Sabatini dieron el s\u00ed y se casaron con 300 invitados en un evento realizado en Exaltaci\u00f3n de la Cruz. No pas\u00f3 ni una semana que la Joya ya volvi\u00f3 [&hellip;]<\/p>\n","protected":false},"author":1,"featured_media":80910,"comment_status":"open","ping_status":"closed","sticky":false,"template":"","format":"standard","meta":[],"categories":[16],"tags":[],"_links":{"self":[{"href":"http:\/\/hoycordobaweb.com\/index.php\/wp-json\/wp\/v2\/posts\/80909"}],"collection":[{"href":"http:\/\/hoycordobaweb.com\/index.php\/wp-json\/wp\/v2\/posts"}],"about":[{"href":"http:\/\/hoycordobaweb.com\/index.php\/wp-json\/wp\/v2\/types\/post"}],"author":[{"embeddable":true,"href":"http:\/\/hoycordobaweb.com\/index.php\/wp-json\/wp\/v2\/users\/1"}],"replies":[{"embeddable":true,"href":"http:\/\/hoycordobaweb.com\/index.php\/wp-json\/wp\/v2\/comments?post=80909"}],"version-history":[{"count":0,"href":"http:\/\/hoycordobaweb.com\/index.php\/wp-json\/wp\/v2\/posts\/80909\/revisions"}],"wp:featuredmedia":[{"embeddable":true,"href":"http:\/\/hoycordobaweb.com\/index.php\/wp-json\/wp\/v2\/media\/80910"}],"wp:attachment":[{"href":"http:\/\/hoycordobaweb.com\/index.php\/wp-json\/wp\/v2\/media?parent=80909"}],"wp:term":[{"taxonomy":"category","embeddable":true,"href":"http:\/\/hoycordobaweb.com\/index.php\/wp-json\/wp\/v2\/categories?post=80909"},{"taxonomy":"post_tag","embeddable":true,"href":"http:\/\/hoycordobaweb.com\/index.php\/wp-json\/wp\/v2\/tags?post=80909"}],"curies":[{"name":"wp","href":"https:\/\/api.w.org\/{rel}","templated":true}]}}