{"id":80877,"date":"2024-07-27T18:51:50","date_gmt":"2024-07-27T18:51:50","guid":{"rendered":"https:\/\/www.mujerhoy.com\/moda\/no-te-pierdas\/princesa-leonor-sofia-sopresa-animan-nadal-alcaraz-juegos-olimpicos-looks-20240727201425-nt.html"},"modified":"2024-07-27T18:51:50","modified_gmt":"2024-07-27T18:51:50","slug":"leonor-y-sofia-animan-a-nadal-y-alcaraz-en-los-juegos-olimpicos-chaquetas-de-espana-vaqueros-y-el-original-detalle-de-la-infanta","status":"publish","type":"post","link":"http:\/\/hoycordobaweb.com\/index.php\/2024\/07\/27\/leonor-y-sofia-animan-a-nadal-y-alcaraz-en-los-juegos-olimpicos-chaquetas-de-espana-vaqueros-y-el-original-detalle-de-la-infanta\/","title":{"rendered":"Leonor y Sof\u00eda animan a Nadal y Alcaraz en los Juegos Ol\u00edmpicos: chaquetas de Espa\u00f1a, vaqueros y el original detalle de la infanta"},"content":{"rendered":"<p><!-- AUTHOR --> <\/p>\n<div class=\"voc-author-timesocial \"> <!-- AUTHOR --> <\/p>\n<div class=\"voc-author-timesocial__signature \">\n<div class=\"voc-author-timesocial__img-c\"> <!-- IMAGE AUTHOR --> <picture class=\"voc-image-signature\"> <img class=\"voc-image-signature__img\" src=\"http:\/\/hoycordobaweb.com\/wp-content\/uploads\/2024\/07\/leonor-y-sofia-animan-a-nadal-y-alcaraz-en-los-juegos-olimpicos-chaquetas-de-espana-vaqueros-y-el-original-detalle-de-la-infanta.jpg\" alt=\"Raquel Rodr\u00edguez\"> <\/picture> <\/div>\n<p> <!-- INFO AUTHOR --> <\/div><\/div>\n<p> <!-- COMPONENTS --> <\/p>\n<p class=\"voc-paragraph\">Primera jornada oficial de los<br \/>\n<strong> Juegos Ol\u00edmpicos de Par\u00eds 2024 <\/strong>y las gradas del Estadios Ol\u00edmpico se han llenado de representaci\u00f3n royal. Si por la ma\u00f1ana ve\u00edamos a<br \/>\n<a data-voc-vtm-id=\"in-text-traffic\" href=\"https:\/\/www.mujerhoy.com\/moda\/no-te-pierdas\/maxima-holanda-look-juegos-olimpicos-matilde-belgica-conjunto-estampado-20240727132204-nt.html\" title=\"www.mujerhoy.com\"> M\u00e1xima de Holanda y Matilde de B\u00e9lgica<\/a>, por la tarde han sido Charl\u00e8ne de M\u00f3naco y <strong>Leonor y Sof\u00eda<\/strong> quienes han dejado claro que esta edici\u00f3n de las Olimpiadas va a tener much\u00edsima representaci\u00f3n de la realeza.\n<\/p>\n<p class=\"voc-paragraph\">Como ya anunci\u00f3 el rey Felipe, el compromiso de la Familia Real con el equipo ol\u00edmpico espa\u00f1ol se va a ver reflejado con la presencia de distintos miembros en diferentes competiciones y el hist\u00f3rico <strong>partido de Nadal y Alcaraz <\/strong>contra Argentina ha sido una de las elegidas. Las dos hermanas han querido animar a los dos tenistas en su primer partido de dobles,<br \/>\n<strong> imagen hist\u00f3rica para el deporte espa\u00f1ol<\/strong>.\n<\/p>\n<p class=\"voc-paragraph\">A pesar de que Carlos Alcaraz se ha estrenado en los Juegos Ol\u00edmpicos de Par\u00eds esta ma\u00f1ana, la princesa y la infanta han preferido estar en el juego celebrado por la tarde debido a que era una cita que nos iba a dejar una de las im\u00e1genes m\u00e1s comentadas de la competici\u00f3n: la de<br \/>\n<strong> Rafa Nadal y Alcaraz jugando juntos por primera vez<\/strong>.\n<\/p>\n<p class=\"voc-paragraph\">La pareja de tenistas se ha enfrentado a los argentinos en la pista central de Roland Garros y all\u00ed han aparecido las dos hermanas. Las hijas de Felipe y Letizia, con<br \/>\n<strong> looks coordinados y muy corporativos<\/strong>, han sacado su lado m\u00e1s casual y deportivo para disfrutar de este momento tan importante para el deporte espa\u00f1ol.\n<\/p>\n<p><h3 class=\"voc-detail__title\"> Leonor y Sof\u00eda eligen la chaqueta de Espa\u00f1a para ver el tenis<br \/>\n<\/h3>\n<\/p>\n<div class=\"voc-detail-photo-zoom\"> <picture data-toggle=\"modal\" data-target=\"#photoZoomModal-85\" target=\"modal\">\n<div class=\"voc-img-icon-link\"> <img loading=\"lazy\" src=\"http:\/\/hoycordobaweb.com\/wp-content\/uploads\/2024\/07\/leonor-y-sofia-animan-a-nadal-y-alcaraz-en-los-juegos-olimpicos-chaquetas-de-espana-vaqueros-y-el-original-detalle-de-la-infanta.webp\" width=\"650\" height=\"900\" alt=\"Leonor y Sof\u00eda llegando al partido de Nadal y Alcaraz. \/ CASA REAL\"> <noscript> <img src=\"http:\/\/hoycordobaweb.com\/wp-content\/uploads\/2024\/07\/leonor-y-sofia-animan-a-nadal-y-alcaraz-en-los-juegos-olimpicos-chaquetas-de-espana-vaqueros-y-el-original-detalle-de-la-infanta.webp\" alt=\"Leonor y Sof\u00eda llegando al partido de Nadal y Alcaraz. \/ CASA REAL\"> <\/noscript> <i class=\"voc-icons zoom voc-multimedia-box voc-ico-l\"><\/i> <\/div><figcaption class=\"figure-caption\">Leonor y Sof\u00eda llegando al partido de Nadal y Alcaraz. \/ CASA REAL<\/figcaption><\/picture>\n<\/div>\n<div id=\"photoZoomModal-85\" class=\"voc-lightbox modal fade voc-lightbox--photo-zoom\" role=\"dialog\" data-voc-photozoom-lightbox>\n<div class=\"voc-lightbox__dialog\" role=\"document\">\n<div class=\"voc-lightbox__content\"> <!-- Modal header --> <!-- Modal content --> <\/p>\n<div class=\"voc-lightbox__photo-container\"> <picture class> <img loading=\"lazy\" src=\"http:\/\/hoycordobaweb.com\/wp-content\/uploads\/2024\/07\/leonor-y-sofia-animan-a-nadal-y-alcaraz-en-los-juegos-olimpicos-chaquetas-de-espana-vaqueros-y-el-original-detalle-de-la-infanta.webp\" alt=\"Leonor y Sof\u00eda llegando al partido de Nadal y Alcaraz. \/ CASA REAL\"> <noscript> <img src=\"http:\/\/hoycordobaweb.com\/wp-content\/uploads\/2024\/07\/leonor-y-sofia-animan-a-nadal-y-alcaraz-en-los-juegos-olimpicos-chaquetas-de-espana-vaqueros-y-el-original-detalle-de-la-infanta.webp\" alt=\"Leonor y Sof\u00eda llegando al partido de Nadal y Alcaraz. \/ CASA REAL\"> <\/noscript> <\/picture> <\/div><\/div><\/div>\n<\/div>\n<p class=\"voc-paragraph\">Como era de esperar y<br \/>\n<a data-voc-vtm-id=\"in-text-traffic\" href=\"https:\/\/www.mujerhoy.com\/moda\/no-te-pierdas\/reina-letizia-olimpiadas-looks-juegos-olimpicos-animar-espana-20240724125734-nt.html\" title=\"www.mujerhoy.com\"> como ya hizo la reina Letizia en las ediciones anteriores<\/a>, tanto Leonor como Sof\u00eda han elegido looks con sello espa\u00f1ol para la ocasi\u00f3n y han vestido parte de<br \/>\n<strong> la equipaci\u00f3n oficial que Joma <\/strong>ha confeccionado y dise\u00f1ado para nuestra delegaci\u00f3n en Par\u00eds.\n<\/p>\n<p class=\"voc-paragraph\">Las dos han optado por lucir una<br \/>\n<strong> chaqueta de color rojo<\/strong>, un dise\u00f1o de manga larga y de corte por la cadera que han combinado con los polos que tambi\u00e9n se incluyen en esta equipaci\u00f3n. Leonor lo ha llevado en color rojo y Sof\u00eda ha preferido la opci\u00f3n en color blanco.\n<\/p>\n<div class=\"voc-detail__cmp\">\n<div class=\"voc-article-container\">\n<article class=\"voc-article voc-article--cmp-photo-text\" readability=\"26\">\n<div class=\"voc-img-container\" readability=\"7\"> <picture>\n<div class=\"voc-horizontal voc-img-icon-link\"> <img loading=\"lazy\" src=\"http:\/\/hoycordobaweb.com\/wp-content\/uploads\/2024\/07\/leonor-y-sofia-animan-a-nadal-y-alcaraz-en-los-juegos-olimpicos-chaquetas-de-espana-vaqueros-y-el-original-detalle-de-la-infanta-1.webp\" alt=\"Sof\u00eda y Leonor han llevado la chaqueta roja de Joma.\" width=\"624\" height=\"624\"> <\/div>\n<\/picture>\n<p class=\"figure-caption \"> Sof\u00eda y Leonor han llevado la chaqueta roja de Joma. \/ <span class=\"voc-photo-author\"> casa real <\/span> <\/p>\n<\/p><\/div>\n<\/article><\/div>\n<\/div>\n<p class=\"voc-paragraph\">Una vez m\u00e1s, las dos hermanas han aparecido luciendo estilismos casi id\u00e9nticos. Como ha ocurrido en ocasiones anteriores, en las que han elegido prendas similares, las dos han completados sus outfits con<br \/>\n<strong> pantalones vaqueros<\/strong>: Leonor, en color blanco y Sof\u00eda, en azul lavado.\n<\/p>\n<p class=\"voc-paragraph\">Unas zapatillas blancas pon\u00edan el toque final a estos looks de estilo deportivo con los que estaban ideales y con los que tambi\u00e9n han querido apoyar a los dos grandes tenistas. Adem\u00e1s, la infanta Sof\u00eda ha vuelto a demostrar que tiene un estilo y gusto personal llevando tambi\u00e9n unos <strong>calcetines rojos<\/strong>, un complemento original del color de nuestro pa\u00eds.\n<\/p>\n<p> <!-- TOPICS --> <\/p>\n","protected":false},"excerpt":{"rendered":"<p>Primera jornada oficial de los Juegos Ol\u00edmpicos de Par\u00eds 2024 y las gradas del Estadios Ol\u00edmpico se han llenado de representaci\u00f3n royal. Si por la ma\u00f1ana ve\u00edamos a M\u00e1xima de Holanda y Matilde de B\u00e9lgica, por la tarde han sido Charl\u00e8ne de M\u00f3naco y Leonor y Sof\u00eda quienes han dejado claro que esta edici\u00f3n de [&hellip;]<\/p>\n","protected":false},"author":1,"featured_media":80878,"comment_status":"closed","ping_status":"closed","sticky":false,"template":"","format":"standard","meta":[],"categories":[],"tags":[],"_links":{"self":[{"href":"http:\/\/hoycordobaweb.com\/index.php\/wp-json\/wp\/v2\/posts\/80877"}],"collection":[{"href":"http:\/\/hoycordobaweb.com\/index.php\/wp-json\/wp\/v2\/posts"}],"about":[{"href":"http:\/\/hoycordobaweb.com\/index.php\/wp-json\/wp\/v2\/types\/post"}],"author":[{"embeddable":true,"href":"http:\/\/hoycordobaweb.com\/index.php\/wp-json\/wp\/v2\/users\/1"}],"replies":[{"embeddable":true,"href":"http:\/\/hoycordobaweb.com\/index.php\/wp-json\/wp\/v2\/comments?post=80877"}],"version-history":[{"count":0,"href":"http:\/\/hoycordobaweb.com\/index.php\/wp-json\/wp\/v2\/posts\/80877\/revisions"}],"wp:featuredmedia":[{"embeddable":true,"href":"http:\/\/hoycordobaweb.com\/index.php\/wp-json\/wp\/v2\/media\/80878"}],"wp:attachment":[{"href":"http:\/\/hoycordobaweb.com\/index.php\/wp-json\/wp\/v2\/media?parent=80877"}],"wp:term":[{"taxonomy":"category","embeddable":true,"href":"http:\/\/hoycordobaweb.com\/index.php\/wp-json\/wp\/v2\/categories?post=80877"},{"taxonomy":"post_tag","embeddable":true,"href":"http:\/\/hoycordobaweb.com\/index.php\/wp-json\/wp\/v2\/tags?post=80877"}],"curies":[{"name":"wp","href":"https:\/\/api.w.org\/{rel}","templated":true}]}}