{"id":80871,"date":"2024-07-26T23:11:47","date_gmt":"2024-07-26T23:11:47","guid":{"rendered":"https:\/\/www.ole.com.ar\/seleccion\/enzo-fernandez-seleccion-escandalo-francia-chelsea_0_JAJbZApHMQ.html"},"modified":"2024-07-26T23:11:47","modified_gmt":"2024-07-26T23:11:47","slug":"enzo-fernandez-hablo-tras-el-escandalo-en-los-festejos-de-la-copa-america","status":"publish","type":"post","link":"http:\/\/hoycordobaweb.com\/index.php\/2024\/07\/26\/enzo-fernandez-hablo-tras-el-escandalo-en-los-festejos-de-la-copa-america\/","title":{"rendered":"Enzo Fern\u00e1ndez habl\u00f3 tras el esc\u00e1ndalo en los festejos de la Copa Am\u00e9rica"},"content":{"rendered":"<p><img src=\"http:\/\/hoycordobaweb.com\/wp-content\/uploads\/2024\/07\/enzo-fernandez-hablo-tras-el-escandalo-en-los-festejos-de-la-copa-america.jpg\"><\/p>\n<p><time class=\"createDate\" datetime=\"2024-07-26T20:11:47-03:00\">26\/07\/2024 20:11hs.<\/time><\/p>\n<div id=\"storyBody\">\n<div class=\"custom-text \" readability=\"35.133333333333\">\n<p>Se vio envuelto en un esc\u00e1ndalo que escal\u00f3 a nivel internacional. Y los ecos de la pol\u00e9mica a\u00fan retumban. <a href=\"https:\/\/www.ole.com.ar\/tema\/enzo-fernandez.html\" title=\"Enzo Fern\u00e1ndez\" alt=\"Enzo Fern\u00e1ndez\" class=\"slug\">Enzo Fern\u00e1ndez<\/a> fue sometido a duros cuestionamientos tras <strong>la viralizaci\u00f3n de un video en el que se lo vio cantando una canci\u00f3n con contenido racista y homof\u00f3bico<\/strong>, en pleno festejo tras la obtenci\u00f3n de la <a href=\"https:\/\/www.ole.com.ar\/tema\/copa-america.html\" title=\"Copa America\" alt=\"Copa America\" class=\"slug\">Copa Am\u00e9rica<\/a>. El volante de 23 a\u00f1os se grab\u00f3 en un vivo de Instagram que no pas\u00f3 inadvertido por varios de sus compa\u00f1eros franceses del Chelsea: Axel Disasi, Malo Gusto y Wesley Fofana lo repudiaron a trav\u00e9s de las redes sociales.<\/p>\n<\/div>\n<div class=\"custom-text \" readability=\"40\">\n<p>El mediocampista, que tras la repercusi\u00f3n que tuvo el cantito mostr\u00f3 su arrepentimiento mediante un comunicado publicado en su Instagram, se refiri\u00f3 al tema. <strong>\u201cTodo bien, ya ped\u00ed disculpas y todo bien. Disfrutando con la familia\u201d<\/strong>, coment\u00f3 en di\u00e1logo el programa de televisi\u00f3n A la Tarde, que se emite por el canal Am\u00e9rica. El mediocampista a\u00fan se encuentra en la Argentina.<\/p>\n<\/div>\n<div type=\"embed\" class=\"sc-3f46f5ae-0 djVTgz\">\n<div class=\"sc-3f46f5ae-1 fTjZec videoText\" id=\"contentTitleembed8i561kTd\" type=\"embed\" readability=\"56\"><svg fill=\"#ffffff\"><symbol id=\"play\" viewBox=\"0 0 512 512\"><path d=\"M512 256C512 397.4 397.4 512 256 512C114.6 512 0 397.4 0 256C0 114.6 114.6 0 256 0C397.4 0 512 114.6 512 256zM176 168V344C176 352.7 180.7 360.7 188.3 364.9C195.8 369.2 205.1 369 212.5 364.5L356.5 276.5C363.6 272.1 368 264.4 368 256C368 247.6 363.6 239.9 356.5 235.5L212.5 147.5C205.1 142.1 195.8 142.8 188.3 147.1C180.7 151.3 176 159.3 176 168V168z\" \/><\/symbol><use xlink:href=\"#play\" \/><\/svg><\/p>\n<div class=\"right\" readability=\"7\">\n<p>Selecci\u00f3n Argentina<!-- --> &#8211;<!-- --> <span>&nbsp;<\/span><\/p>\n<h2 class=\"title-vid\">El video del pol\u00e9mico canto de la Selecci\u00f3n durante los festejos<\/h2>\n<\/div>\n<\/div>\n<p><span class=\"back\" id=\"spanBackembed8i561kTd\"><\/span><\/div>\n<div class=\"custom-text \" readability=\"34.008982035928\">\n<p>A Fern\u00e1ndez tambi\u00e9n le consultaron por el escandaloso final del partido entre la <a href=\"https:\/\/www.ole.com.ar\/tema\/seleccion-argentina.html\" title=\"Selecci\u00f3n Argentina\" alt=\"Selecci\u00f3n Argentina\" class=\"slug\">Selecci\u00f3n Argentina<\/a> y Marruecos (1-2) en los Juegos Ol\u00edmpicos. <strong>\u00abNo puedo hablar\u00bb<\/strong>, manifest\u00f3. Y confirm\u00f3 que se reintegrar\u00e1 al plantel del <a href=\"https:\/\/www.ole.com.ar\/tema\/chelsea.html\" title=\"Chelsea\" alt=\"Chelsea\" class=\"slug\">Chelsea<\/a>, el club due\u00f1o de su pase y con el que tiene contrato hasta el 30 de junio de 2032:<strong> \u00abVoy a volver\u00bb.<\/strong><\/p>\n<\/div>\n<div class=\"custom-text \">\n<h2><strong>La postura del t\u00e9cnico del Chelsea<\/strong><\/h2>\n<\/div>\n<div class=\"custom-text \" readability=\"40\">\n<p>Enzo Maresca, entrenador italiano del conjunto ingl\u00e9s en el que juega el volante argentino, recientemente hizo alusi\u00f3n a la situaci\u00f3n del jugador. \u201cEs estupendo que el jugador haya hecho el comunicado para disculparse. El club tambi\u00e9n estuvo bien. <strong>Para ser honesto, no creo que cuando Enzo vuelva tenga dificultades. No hubo malas intenciones. Habl\u00e9 con Enzo. Ahora est\u00e1 todo claro. <\/strong>Al fin de cuentas, todos somos seres humanos. No hay mala intenci\u00f3n por parte de nadie. El jugador y el club aclararon la situaci\u00f3n. No hay nada que a\u00f1adir a la situaci\u00f3n\u201d, expres\u00f3 el t\u00e9cnico.<\/p>\n<\/div>\n<div class=\"sc-e7b891c4-0 jPbnQF\"><img alt=\"El posteo con el que Enzo Fern\u00e1ndez por el video.\" src=\"http:\/\/hoycordobaweb.com\/wp-content\/uploads\/2024\/07\/enzo-fernandez-hablo-tras-el-escandalo-en-los-festejos-de-la-copa-america-2.jpg\" width=\"720\" height=\"100\" decoding=\"async\" data-nimg=\"future\" loading=\"lazy\"><span class=\"epigraphe\">El posteo con el que Enzo Fern\u00e1ndez por el video.<\/span><\/div>\n<div class=\"custom-text \" readability=\"34\">\n<p><strong>El Chelsea debutar\u00e1 en la Premier League el 18 de agosto, d\u00eda en el que enfrentar\u00e1 al Manchester City<\/strong> (el \u00faltimo campe\u00f3n) en condici\u00f3n de local.<\/p>\n<\/div>\n<div class=\"custom-text \" readability=\"37\">\n<p>Algunos medios ingleses indicaron que los Blues estar\u00edan evaluando una sanci\u00f3n de 12 fechas para el futbolista. Por lo tanto, en caso de que esta medida se hiciera oficial, la temporada del mediocampista podr\u00eda verse directamente afectada porque se perder\u00eda gran parte de la Premier. Lo cierto es que por ahora no hay nada confirmado.<\/p>\n<\/div>\n<div class=\"sc-e7b891c4-0 jPbnQF\"><img alt=\"Enzo Fern\u00e1ndez fue homenajeado en el Monumental el pasado fin de semana. (Foto: Prensa River).\" src=\"http:\/\/hoycordobaweb.com\/wp-content\/uploads\/2024\/07\/enzo-fernandez-hablo-tras-el-escandalo-en-los-festejos-de-la-copa-america-3.jpg\" width=\"720\" height=\"100\" decoding=\"async\" data-nimg=\"future\" loading=\"lazy\"><span class=\"epigraphe\">Enzo Fern\u00e1ndez fue homenajeado en el Monumental el pasado fin de semana. (Foto: Prensa River).<\/span><\/div>\n<div class=\"sc-a7166897-0 exHLBh\" readability=\"6.5\">\n<section readability=\"3\"><picture><img alt=\"Argentina y un duelo clave ante Irak en los Juegos Ol\u00edmpicos: todo lo que hay que saber\" src=\"http:\/\/hoycordobaweb.com\/wp-content\/uploads\/2024\/07\/enzo-fernandez-hablo-tras-el-escandalo-en-los-festejos-de-la-copa-america-4.jpg\" width=\"290\" height=\"290\" decoding=\"async\" data-nimg=\"future\" loading=\"lazy\"><\/picture>\n<p><span>Mir\u00e1 tambi\u00e9n<\/span><\/p>\n<hr>\n<h3>Argentina y un duelo clave ante Irak en los Juegos Ol\u00edmpicos: todo lo que hay que saber<\/h3>\n<\/p>\n<\/section>\n<\/div>\n<div class=\"sc-a7166897-0 exHLBh\" readability=\"6.5\">\n<section readability=\"3\"><picture><img alt=\"La agenda de los argentinos en los Juegos Ol\u00edmpicos de Par\u00eds 2024: hora y cu\u00e1ndo compite cada uno\" src=\"http:\/\/hoycordobaweb.com\/wp-content\/uploads\/2024\/07\/enzo-fernandez-hablo-tras-el-escandalo-en-los-festejos-de-la-copa-america-5.jpg\" width=\"290\" height=\"290\" decoding=\"async\" data-nimg=\"future\" loading=\"lazy\"><\/picture>\n<p><span>Mir\u00e1 tambi\u00e9n<\/span><\/p>\n<hr>\n<h3>La agenda de los argentinos en los Juegos Ol\u00edmpicos de Par\u00eds 2024: hora y cu\u00e1ndo compite cada uno<\/h3>\n<\/p>\n<\/section>\n<\/div>\n<div class=\"sc-a7166897-0 exHLBh\" readability=\"6\">\n<section readability=\"2\"><picture><img alt=\"Los mejores videos de la ceremonia de apertura de los Juegos Ol\u00edmpicos \" src=\"http:\/\/hoycordobaweb.com\/wp-content\/uploads\/2024\/07\/enzo-fernandez-hablo-tras-el-escandalo-en-los-festejos-de-la-copa-america-6.jpg\" width=\"290\" height=\"290\" decoding=\"async\" data-nimg=\"future\" loading=\"lazy\"><\/picture>\n<p><span>Mir\u00e1 tambi\u00e9n<\/span><\/p>\n<hr>\n<h3>Los mejores videos de la ceremonia de apertura de los Juegos Ol\u00edmpicos <\/h3>\n<\/p>\n<\/section>\n<\/div>\n<div class=\"sc-a7166897-0 exHLBh\" readability=\"7.5\">\n<section readability=\"5\"><picture><img alt=\"Espectacular final: Zidane, Nadal, Serena, Tony Parker y antorcha a\u00e9rea\" src=\"http:\/\/hoycordobaweb.com\/wp-content\/uploads\/2024\/07\/enzo-fernandez-hablo-tras-el-escandalo-en-los-festejos-de-la-copa-america-7.jpg\" width=\"290\" height=\"290\" decoding=\"async\" data-nimg=\"future\" loading=\"lazy\"><\/picture>\n<p><span>Mir\u00e1 tambi\u00e9n<\/span><\/p>\n<hr>\n<h3>Espectacular final: Zidane, Nadal, Serena, Tony Parker y antorcha a\u00e9rea<\/h3>\n<\/p>\n<\/section>\n<\/div>\n<div class=\"sc-a7166897-0 exHLBh\" readability=\"6.5\">\n<section readability=\"3\"><picture><img alt=\"Fuertes cr\u00edticas por la comida en la Villa Ol\u00edmpica: &quot;A los atletas les sirven carne cruda&quot;\" src=\"http:\/\/hoycordobaweb.com\/wp-content\/uploads\/2024\/07\/enzo-fernandez-hablo-tras-el-escandalo-en-los-festejos-de-la-copa-america-8.jpg\" width=\"290\" height=\"290\" decoding=\"async\" data-nimg=\"future\" loading=\"lazy\"><\/picture>\n<p><span>Mir\u00e1 tambi\u00e9n<\/span><\/p>\n<hr>\n<h3>Fuertes cr\u00edticas por la comida en la Villa Ol\u00edmpica: \u00abA los atletas les sirven carne cruda\u00bb<\/h3>\n<\/p>\n<\/section>\n<\/div>\n<\/div>\n","protected":false},"excerpt":{"rendered":"<p>26\/07\/2024 20:11hs. Se vio envuelto en un esc\u00e1ndalo que escal\u00f3 a nivel internacional. Y los ecos de la pol\u00e9mica a\u00fan retumban. Enzo Fern\u00e1ndez fue sometido a duros cuestionamientos tras la viralizaci\u00f3n de un video en el que se lo vio cantando una canci\u00f3n con contenido racista y homof\u00f3bico, en pleno festejo tras la obtenci\u00f3n de [&hellip;]<\/p>\n","protected":false},"author":1,"featured_media":80872,"comment_status":"open","ping_status":"closed","sticky":false,"template":"","format":"standard","meta":[],"categories":[16],"tags":[],"_links":{"self":[{"href":"http:\/\/hoycordobaweb.com\/index.php\/wp-json\/wp\/v2\/posts\/80871"}],"collection":[{"href":"http:\/\/hoycordobaweb.com\/index.php\/wp-json\/wp\/v2\/posts"}],"about":[{"href":"http:\/\/hoycordobaweb.com\/index.php\/wp-json\/wp\/v2\/types\/post"}],"author":[{"embeddable":true,"href":"http:\/\/hoycordobaweb.com\/index.php\/wp-json\/wp\/v2\/users\/1"}],"replies":[{"embeddable":true,"href":"http:\/\/hoycordobaweb.com\/index.php\/wp-json\/wp\/v2\/comments?post=80871"}],"version-history":[{"count":0,"href":"http:\/\/hoycordobaweb.com\/index.php\/wp-json\/wp\/v2\/posts\/80871\/revisions"}],"wp:featuredmedia":[{"embeddable":true,"href":"http:\/\/hoycordobaweb.com\/index.php\/wp-json\/wp\/v2\/media\/80872"}],"wp:attachment":[{"href":"http:\/\/hoycordobaweb.com\/index.php\/wp-json\/wp\/v2\/media?parent=80871"}],"wp:term":[{"taxonomy":"category","embeddable":true,"href":"http:\/\/hoycordobaweb.com\/index.php\/wp-json\/wp\/v2\/categories?post=80871"},{"taxonomy":"post_tag","embeddable":true,"href":"http:\/\/hoycordobaweb.com\/index.php\/wp-json\/wp\/v2\/tags?post=80871"}],"curies":[{"name":"wp","href":"https:\/\/api.w.org\/{rel}","templated":true}]}}