{"id":80861,"date":"2024-07-27T02:47:26","date_gmt":"2024-07-27T02:47:26","guid":{"rendered":"https:\/\/www.ole.com.ar\/river-plate\/river-plate-martin-demichelis_0_pzd3iKyFvq.html"},"modified":"2024-07-27T02:47:26","modified_gmt":"2024-07-27T02:47:26","slug":"demichelis-y-un-encuentro-de-sabado-con-brito-para-medir-la-temperatura-del-momento","status":"publish","type":"post","link":"http:\/\/hoycordobaweb.com\/index.php\/2024\/07\/27\/demichelis-y-un-encuentro-de-sabado-con-brito-para-medir-la-temperatura-del-momento\/","title":{"rendered":"Demichelis y un encuentro de s\u00e1bado con Brito para medir la temperatura del momento"},"content":{"rendered":"<p><img src=\"http:\/\/hoycordobaweb.com\/wp-content\/uploads\/2024\/07\/demichelis-y-un-encuentro-de-sabado-con-brito-para-medir-la-temperatura-del-momento.jpg\"><\/p>\n<p><time class=\"createDate\" datetime=\"2024-07-26T23:47:26-03:00\">26\/07\/2024 23:47hs.<\/time><time class=\"modificatedDate\" datetime=\"2024-07-26T23:51:28-03:00\"> Actualizado al 26\/07\/2024 23:51hs.<\/time><\/p>\n<div id=\"storyBody\">\n<div class=\"custom-text \" readability=\"38\">\n<p>Para entender cu\u00e1n cr\u00edtico es el momento que atraviesa <strong>Mart\u00edn Demichelis<\/strong> como det\u00e9 de River s\u00f3lo es necesario mirar la agenda: cuando quedan apenas horas para el partido frente a Sarmiento, <strong>el t\u00e9cnico mantendr\u00e1 este s\u00e1bado un encuentro con Jorge Brito<\/strong> y, posiblemente, otros altos directivos.<\/p>\n<\/div>\n<div class=\"sc-e7b891c4-0 jPbnQF\"><img alt=\"Foto Emmanuel Fern\u00e1ndez\" src=\"http:\/\/hoycordobaweb.com\/wp-content\/uploads\/2024\/07\/demichelis-y-un-encuentro-de-sabado-con-brito-para-medir-la-temperatura-del-momento-2.jpg\" width=\"720\" height=\"100\" decoding=\"async\" data-nimg=\"future\" loading=\"lazy\"><span class=\"epigraphe\">Foto Emmanuel Fern\u00e1ndez<\/span><\/div>\n<div class=\"custom-text \" readability=\"35\">\n<p>Un cara a cara que se dar\u00e1 durante el d\u00eda y en el que la c\u00fapula buscar\u00e1 semblantear al cordob\u00e9s y conocer su an\u00e1lisis del momento futbol\u00edstico del equipo, el m\u00e1s duro en la \u00faltima d\u00e9cada en N\u00fa\u00f1ez.<\/p>\n<\/div>\n<div class=\"custom-text \" readability=\"37\">\n<p><strong>Brito pretende escuchar a Demichelis, quien por lo pronto sabe que su ciclo est\u00e1 debilitado.<\/strong> Ha recibido se\u00f1ales de ello, por lo que aseguran que no se aferrar\u00e1 al cargo si una salida asoma como lo m\u00e1s saludable.<strong> Micho entiende que ya no cuenta con un total respaldo fronteras adentro de la dirigencia.<\/strong><\/p>\n<\/div>\n<div class=\"custom-text \" readability=\"37\">\n<p>Y que los jugadores no s\u00f3lo no est\u00e1n pudiendo interpretarlo en la cancha, sino que <strong>cuando les cedi\u00f3 la palabra luego de asumirse \u201ccon energ\u00edas\u201d para revertir la crisis, eligieron un elocuente silencio<\/strong>, indicio de que la relaci\u00f3n con el plantel est\u00e1 por lo pronto muy deteriorada.<\/p>\n<\/div>\n<div class=\"custom-text \" readability=\"37\">\n<p>Entendedor del idioma riverplatense, <strong>Demichelis tampoco es ajeno a lo que se gener\u00f3 entre los hinchas: los silbidos que atronaron en los \u00faltimos partidos como local<\/strong>, los reclamos en las redes que dice no tener pero de la que est\u00e1 al tanto y hasta las pintadas que en los \u00faltimos meses lleg\u00f3 a recibir frente a su casa le han permitido dimensionar la reprobaci\u00f3n.<\/p>\n<\/div>\n<div class=\"sc-e7b891c4-0 jPbnQF\"><img alt=\"Foto: Emmanuel Fern\u00e1ndez\" src=\"http:\/\/hoycordobaweb.com\/wp-content\/uploads\/2024\/07\/demichelis-y-un-encuentro-de-sabado-con-brito-para-medir-la-temperatura-del-momento-3.jpg\" width=\"1290\" height=\"760\" decoding=\"async\" data-nimg=\"future\" loading=\"lazy\"><span class=\"epigraphe\">Foto: Emmanuel Fern\u00e1ndez<\/span><\/div>\n<div class=\"custom-text \" readability=\"38\">\n<p>Por caso, <strong>en el club se preparan para un domingo agitado, con un Monumental transformado en cabildo abierto.<\/strong> Entendiendo que es cada vez m\u00e1s dif\u00edcil detener el tsunami: seg\u00fan la encuesta de <strong>Ol\u00e9<\/strong>, ocho de cada diez fanas est\u00e1n convencidos de que el cordob\u00e9s no ser\u00e1 capaz de revertir la situaci\u00f3n.<\/p>\n<\/div>\n<div class=\"custom-text \" readability=\"37\">\n<p><strong>La dirigencia tambi\u00e9n comprende la coyuntura. <\/strong>Y en ese sentido, aunque preferir\u00edan a que fuera el devenir en la Libertadores el que decida el futuro de Demichelis, en paralelo saben que Micho tendr\u00e1 el gesto de interrumpir su contrato hasta 2025 si siente que la situaci\u00f3n se torna irreversible antes de los octavos de final ante Talleres.<\/p>\n<\/div>\n<div class=\"custom-text \" readability=\"35\">\n<p>Evit\u00e1ndoles a los dirigentes, de ese modo, asumir el costo pol\u00edtico de ir en contra de la pol\u00edtica hist\u00f3rica de esta gesti\u00f3n de gobierno de respetar los contratos.<\/p>\n<\/div>\n<div class=\"custom-text \" readability=\"37\">\n<p><strong>Est\u00e1 claro que la era Demichelis no es capaz de resistir una pi\u00f1a m\u00e1s.<\/strong> Que fueron suficientemente hirientes los duros golpes recibidos en 2024: la eliminaci\u00f3n ante Boca en la Copa de la Liga cediendo el protagonismo, la salida de la Copa Argentina a manos de Temperley, la derrota frente a Riestra y la ca\u00edda ante un Godoy Cruz an\u00e9mico.<\/p>\n<\/div>\n<div class=\"sc-e7b891c4-0 jPbnQF\"><img alt=\"Martin Demichelis.Godoy Cruz - River. Foto.Ramiro Gomez\" src=\"http:\/\/hoycordobaweb.com\/wp-content\/uploads\/2024\/07\/demichelis-y-un-encuentro-de-sabado-con-brito-para-medir-la-temperatura-del-momento-4.jpg\" width=\"720\" height=\"100\" decoding=\"async\" data-nimg=\"future\" loading=\"lazy\"><span class=\"epigraphe\">Martin Demichelis.Godoy Cruz &#8211; River. Foto.Ramiro Gomez<\/span><\/div>\n<div class=\"custom-text \" readability=\"38\">\n<p>Si luego de el meeting se asume el riesgo de otro ante Sarmiento y en un Liberti potencialmente incandescente, depender\u00e1 de lo que Brito escuche y eval\u00fae con sus pares de CD. <strong>Por lo pronto, desde River aseguran que el domingo el entrenador ser\u00e1 MD<\/strong>, que se trabaja con \u00e9l y que no se ha torcido nada en la planificaci\u00f3n m\u00e1s all\u00e1 de este cara a cara.<\/p>\n<\/div>\n<p><h2><strong>\u00bfPosibilidad de cambio?<\/strong><\/h2>\n<\/p>\n<div class=\"custom-text \" readability=\"38\">\n<p><strong>Ahora bien, \u00bfqu\u00e9 pasa si cambia el panorama y de la cumbre decanta una salida?<\/strong> Entonces se iniciar\u00e1 un proceso de b\u00fasqueda de manera urgente dada la proximidad del gran objetivo (la Copa). Aunque con la certeza de que hay un candidato que, al menos por protocolo pol\u00edtico, deber\u00e1 ser contactado:<strong> Marcelo Daniel Gallardo.<\/strong><\/p>\n<\/div>\n<div class=\"custom-text \" readability=\"36\">\n<p>Conmovido todav\u00eda por el fallecimiento de su hist\u00f3rico representante (Juan Berros) y enfocado en estar cerca de los suyos por una cuesti\u00f3n familiar, durante el viernes circul\u00f3 que <strong>el Mu\u00f1eco -decidido a quedarse en el pa\u00eds- estar\u00eda dispuesto a atender un llamado. <\/strong>Ahora bien: en el club no tienen la garant\u00eda de que Gallardo acepte regresar a menos de dos a\u00f1os de haber finalizado su gloriosa etapa como t\u00e9cnico.<\/p>\n<\/div>\n<div class=\"custom-text \" readability=\"35\">\n<p>Frente a este escenario, hablar del lunes es como referirse a la posteridad: en N\u00fa\u00f1ez ya ni el m\u00e1s optimista es capaz de aseverar por cu\u00e1nto se extender\u00e1 el ciclo Demichelis. <strong>Antes deber\u00e1 transcurrir un s\u00e1bado agitado en un ciclo que est\u00e1 match point.<\/strong><\/p>\n<\/div>\n<div class=\"sc-e7b891c4-0 jPbnQF\"><img alt=\"Martin Demichelis.Godoy Cruz - River. Foto.Ramiro Gomez\" src=\"http:\/\/hoycordobaweb.com\/wp-content\/uploads\/2024\/07\/demichelis-y-un-encuentro-de-sabado-con-brito-para-medir-la-temperatura-del-momento-5.jpg\" width=\"720\" height=\"100\" decoding=\"async\" data-nimg=\"future\" loading=\"lazy\"><span class=\"epigraphe\">Martin Demichelis.Godoy Cruz &#8211; River. Foto.Ramiro Gomez<\/span><\/div>\n<div class=\"sc-a7166897-0 exHLBh\" readability=\"6\">\n<section readability=\"2\"><picture><img alt=\"\u00a1Arrancaron los Juegos Ol\u00edmpicos Par\u00eds 2024! As\u00ed fue la ceremonia de apertura\" src=\"http:\/\/hoycordobaweb.com\/wp-content\/uploads\/2024\/07\/demichelis-y-un-encuentro-de-sabado-con-brito-para-medir-la-temperatura-del-momento-6.jpg\" width=\"290\" height=\"290\" decoding=\"async\" data-nimg=\"future\" loading=\"lazy\"><\/picture>\n<p><span>Mir\u00e1 tambi\u00e9n<\/span><\/p>\n<hr>\n<h3>\u00a1Arrancaron los Juegos Ol\u00edmpicos Par\u00eds 2024! As\u00ed fue la ceremonia de apertura<\/h3>\n<\/p>\n<\/section>\n<\/div>\n<div class=\"sc-a7166897-0 exHLBh\" readability=\"6.5\">\n<section readability=\"3\"><picture><img alt=\"Mascherano volvi\u00f3 a hablar del esc\u00e1ndalo ante Marruecos: &quot;Es un antecedente peligroso&quot;\" src=\"http:\/\/hoycordobaweb.com\/wp-content\/uploads\/2024\/07\/demichelis-y-un-encuentro-de-sabado-con-brito-para-medir-la-temperatura-del-momento-7.jpg\" width=\"290\" height=\"290\" decoding=\"async\" data-nimg=\"future\" loading=\"lazy\"><\/picture>\n<p><span>Mir\u00e1 tambi\u00e9n<\/span><\/p>\n<hr>\n<h3>Mascherano volvi\u00f3 a hablar del esc\u00e1ndalo ante Marruecos: \u00abEs un antecedente peligroso\u00bb<\/h3>\n<\/p>\n<\/section>\n<\/div>\n<div class=\"sc-a7166897-0 exHLBh\" readability=\"6\">\n<section readability=\"2\"><picture><img alt=\"El ins\u00f3lito blooper en la ceremonia inaugural de los Juegos Ol\u00edmpicos\" src=\"http:\/\/hoycordobaweb.com\/wp-content\/uploads\/2024\/07\/demichelis-y-un-encuentro-de-sabado-con-brito-para-medir-la-temperatura-del-momento-8.jpg\" width=\"290\" height=\"290\" decoding=\"async\" data-nimg=\"future\" loading=\"lazy\"><\/picture>\n<p><span>Mir\u00e1 tambi\u00e9n<\/span><\/p>\n<hr>\n<h3>El ins\u00f3lito blooper en la ceremonia inaugural de los Juegos Ol\u00edmpicos<\/h3>\n<\/p>\n<\/section>\n<\/div>\n<div class=\"sc-a7166897-0 exHLBh\" readability=\"6\">\n<section readability=\"2\"><picture><img alt=\"Enzo Fern\u00e1ndez habl\u00f3 tras el esc\u00e1ndalo en los festejos de la Copa Am\u00e9rica\" src=\"http:\/\/hoycordobaweb.com\/wp-content\/uploads\/2024\/07\/demichelis-y-un-encuentro-de-sabado-con-brito-para-medir-la-temperatura-del-momento-9.jpg\" width=\"290\" height=\"290\" decoding=\"async\" data-nimg=\"future\" loading=\"lazy\"><\/picture>\n<p><span>Mir\u00e1 tambi\u00e9n<\/span><\/p>\n<hr>\n<h3>Enzo Fern\u00e1ndez habl\u00f3 tras el esc\u00e1ndalo en los festejos de la Copa Am\u00e9rica<\/h3>\n<\/p>\n<\/section>\n<\/div>\n<\/div>\n","protected":false},"excerpt":{"rendered":"<p>26\/07\/2024 23:47hs. Actualizado al 26\/07\/2024 23:51hs. Para entender cu\u00e1n cr\u00edtico es el momento que atraviesa Mart\u00edn Demichelis como det\u00e9 de River s\u00f3lo es necesario mirar la agenda: cuando quedan apenas horas para el partido frente a Sarmiento, el t\u00e9cnico mantendr\u00e1 este s\u00e1bado un encuentro con Jorge Brito y, posiblemente, otros altos directivos. Foto Emmanuel Fern\u00e1ndez [&hellip;]<\/p>\n","protected":false},"author":1,"featured_media":80862,"comment_status":"open","ping_status":"closed","sticky":false,"template":"","format":"standard","meta":[],"categories":[16],"tags":[],"_links":{"self":[{"href":"http:\/\/hoycordobaweb.com\/index.php\/wp-json\/wp\/v2\/posts\/80861"}],"collection":[{"href":"http:\/\/hoycordobaweb.com\/index.php\/wp-json\/wp\/v2\/posts"}],"about":[{"href":"http:\/\/hoycordobaweb.com\/index.php\/wp-json\/wp\/v2\/types\/post"}],"author":[{"embeddable":true,"href":"http:\/\/hoycordobaweb.com\/index.php\/wp-json\/wp\/v2\/users\/1"}],"replies":[{"embeddable":true,"href":"http:\/\/hoycordobaweb.com\/index.php\/wp-json\/wp\/v2\/comments?post=80861"}],"version-history":[{"count":0,"href":"http:\/\/hoycordobaweb.com\/index.php\/wp-json\/wp\/v2\/posts\/80861\/revisions"}],"wp:featuredmedia":[{"embeddable":true,"href":"http:\/\/hoycordobaweb.com\/index.php\/wp-json\/wp\/v2\/media\/80862"}],"wp:attachment":[{"href":"http:\/\/hoycordobaweb.com\/index.php\/wp-json\/wp\/v2\/media?parent=80861"}],"wp:term":[{"taxonomy":"category","embeddable":true,"href":"http:\/\/hoycordobaweb.com\/index.php\/wp-json\/wp\/v2\/categories?post=80861"},{"taxonomy":"post_tag","embeddable":true,"href":"http:\/\/hoycordobaweb.com\/index.php\/wp-json\/wp\/v2\/tags?post=80861"}],"curies":[{"name":"wp","href":"https:\/\/api.w.org\/{rel}","templated":true}]}}