{"id":80766,"date":"2024-07-24T11:56:00","date_gmt":"2024-07-24T11:56:00","guid":{"rendered":"https:\/\/fm-comunicar.com.ar\/contenido\/22142\/expedicion-fotografica-por-las-terrazas-de-jesus-maria"},"modified":"2024-07-24T11:56:00","modified_gmt":"2024-07-24T11:56:00","slug":"expedicion-fotografica-por-las-terrazas-de-jesus-maria","status":"publish","type":"post","link":"http:\/\/hoycordobaweb.com\/index.php\/2024\/07\/24\/expedicion-fotografica-por-las-terrazas-de-jesus-maria\/","title":{"rendered":"Expedici\u00f3n fotogr\u00e1fica por las terrazas de Jes\u00fas Mar\u00eda"},"content":{"rendered":"<p>La actividad se realizar\u00e1 el s\u00e1bado 27 de julio a las 15 horas. El grupo se reunir\u00e1 en la puerta del Hotel Jes\u00fas Mar\u00eda, en calle Almafuerte 177.<img src=\"http:\/\/hoycordobaweb.com\/wp-content\/uploads\/2024\/07\/expedicion-fotografica-por-las-terrazas-de-jesus-maria.jpg\"><\/p>\n","protected":false},"excerpt":{"rendered":"<p>La actividad se realizar\u00e1 el s\u00e1bado 27 de julio a las 15 horas. El grupo se reunir\u00e1 en la puerta del Hotel Jes\u00fas Mar\u00eda, en calle Almafuerte 177.<\/p>\n","protected":false},"author":1,"featured_media":80767,"comment_status":"closed","ping_status":"closed","sticky":false,"template":"","format":"standard","meta":[],"categories":[18],"tags":[],"_links":{"self":[{"href":"http:\/\/hoycordobaweb.com\/index.php\/wp-json\/wp\/v2\/posts\/80766"}],"collection":[{"href":"http:\/\/hoycordobaweb.com\/index.php\/wp-json\/wp\/v2\/posts"}],"about":[{"href":"http:\/\/hoycordobaweb.com\/index.php\/wp-json\/wp\/v2\/types\/post"}],"author":[{"embeddable":true,"href":"http:\/\/hoycordobaweb.com\/index.php\/wp-json\/wp\/v2\/users\/1"}],"replies":[{"embeddable":true,"href":"http:\/\/hoycordobaweb.com\/index.php\/wp-json\/wp\/v2\/comments?post=80766"}],"version-history":[{"count":0,"href":"http:\/\/hoycordobaweb.com\/index.php\/wp-json\/wp\/v2\/posts\/80766\/revisions"}],"wp:featuredmedia":[{"embeddable":true,"href":"http:\/\/hoycordobaweb.com\/index.php\/wp-json\/wp\/v2\/media\/80767"}],"wp:attachment":[{"href":"http:\/\/hoycordobaweb.com\/index.php\/wp-json\/wp\/v2\/media?parent=80766"}],"wp:term":[{"taxonomy":"category","embeddable":true,"href":"http:\/\/hoycordobaweb.com\/index.php\/wp-json\/wp\/v2\/categories?post=80766"},{"taxonomy":"post_tag","embeddable":true,"href":"http:\/\/hoycordobaweb.com\/index.php\/wp-json\/wp\/v2\/tags?post=80766"}],"curies":[{"name":"wp","href":"https:\/\/api.w.org\/{rel}","templated":true}]}}