{"id":80744,"date":"2024-07-23T22:51:43","date_gmt":"2024-07-23T22:51:43","guid":{"rendered":"https:\/\/www.ole.com.ar\/futbol-internacional\/olympique-marsella-quiere-campeon-america-pidieron-30-millones_0_T0GbtmSne5.html"},"modified":"2024-07-23T22:51:43","modified_gmt":"2024-07-23T22:51:43","slug":"el-olympique-de-marsella-quiere-a-un-campeon-de-america-le-pidieron-30-millones","status":"publish","type":"post","link":"http:\/\/hoycordobaweb.com\/index.php\/2024\/07\/23\/el-olympique-de-marsella-quiere-a-un-campeon-de-america-le-pidieron-30-millones\/","title":{"rendered":"El Olympique de Marsella quiere a un campe\u00f3n de Am\u00e9rica: le pidieron 30 millones"},"content":{"rendered":"<p><img src=\"http:\/\/hoycordobaweb.com\/wp-content\/uploads\/2024\/07\/el-olympique-de-marsella-quiere-a-un-campeon-de-america-le-pidieron-30-millones.jpg\"><\/p>\n<p><time class=\"createDate\" datetime=\"2024-07-23T19:51:43-03:00\">23\/07\/2024 19:51hs.<\/time><\/p>\n<div id=\"storyBody\">\n<div class=\"custom-text \" readability=\"34.007246376812\">\n<p><strong><a href=\"https:\/\/www.ole.com.ar\/tema\/valentin-carboni.html\" title=\"Valent\u00edn Carboni\" alt=\"Valent\u00edn Carboni\" class=\"slug\">Valent\u00edn Carboni <\/a><\/strong>puede ser uno de los campeones de Am\u00e9rica que cambie de equipo en el actual mercado de pases. El <strong><a href=\"https:\/\/www.ole.com.ar\/tema\/olympique-de-marsella.html\" title=\"Olympique de Marsella\" alt=\"Olympique de Marsella\" class=\"slug\">Olympique de Marsella<\/a> quiere al extremo del <a href=\"https:\/\/www.ole.com.ar\/tema\/inter-de-milan.html\" title=\"Inter de Milan\" alt=\"Inter de Milan\" class=\"slug\">Inter de Mil\u00e1n<\/a><\/strong>, que jug\u00f3 cedido en el Monza durante la \u00faltima temporada. Aunque no es una operaci\u00f3n f\u00e1cil de concretarse: la dirigencia del Nerazzurro, con Javier Zanetti, solicit\u00f3 m\u00e1s de 30 millones de euros, seg\u00fan inform\u00f3 el sitio de L&#8217;Equipe. <\/p>\n<\/div>\n<div class=\"custom-text \" readability=\"35\">\n<p>Lo que en Marsella esperan es negociar una cesi\u00f3n a pr\u00e9stamo sin obligaci\u00f3n de compra. Los galos no quieren que la f\u00f3rmula sea la misma que utilizaron para contratar a Lilian Brassier (Brest) y Pierre-Emile H\u00f6jbjerg (Tottenham), que tendr\u00e1n costo fijo.<\/p>\n<\/div>\n<div class=\"custom-text \" readability=\"36\">\n<p>Carboni hab\u00eda sido un pedido del nuevo t\u00e9cnico del OM, el italiano Roberto de Zerbi, y parece que la posibilidad se potenci\u00f3 en los \u00faltimos d\u00edas, seg\u00fan inform\u00f3 la prensa.<\/p>\n<\/div>\n<div class=\"sc-e7b891c4-0 jPbnQF\"><img alt=\"Carboni en Monza.\" src=\"http:\/\/hoycordobaweb.com\/wp-content\/uploads\/2024\/07\/el-olympique-de-marsella-quiere-a-un-campeon-de-america-le-pidieron-30-millones-2.jpg\" width=\"720\" height=\"100\" decoding=\"async\" data-nimg=\"future\" loading=\"lazy\"><span class=\"epigraphe\">Carboni en Monza.<\/span><\/div>\n<div class=\"sc-e7b891c4-0 jPbnQF\"><img alt=\"L'Equipe anuncia el inter\u00e9s del OM en Valent\u00edn Carboni.\" src=\"http:\/\/hoycordobaweb.com\/wp-content\/uploads\/2024\/07\/el-olympique-de-marsella-quiere-a-un-campeon-de-america-le-pidieron-30-millones-3.jpg\" width=\"720\" height=\"100\" decoding=\"async\" data-nimg=\"future\" loading=\"lazy\"><span class=\"epigraphe\">L&#8217;Equipe anuncia el inter\u00e9s del OM en Valent\u00edn Carboni.<\/span><\/div>\n<p><h2><strong>Antecedentes positivos<\/strong><\/h2>\n<\/p>\n<div class=\"custom-text \" readability=\"39\">\n<p>Carboni desplaz\u00f3 de la lista de la Copa Am\u00e9rica a \u00c1ngel Correa, campe\u00f3n del mundo en Qatar. Fue titular en el partido ante Per\u00fa, rival ante el que el t\u00e9cnico, Lionel Scaloni, utiliz\u00f3 un plantel de mayor\u00eda de suplentes, con excepci\u00f3n del Dibu Mart\u00ednez.<\/p>\n<\/div>\n<div class=\"custom-text \" readability=\"37\">\n<p>En su temporada en el Monza, Valent\u00edn, de 19 a\u00f1os, meti\u00f3 dos goles y cuatro asistencias en 32 partidos, con un total de 1.178 minutos. <\/p>\n<\/div>\n<div class=\"custom-text \" readability=\"40\">\n<p>El futbolista es hermano de Franco, nuevo jugador de River, e hijo de Ezequiel, ex jugador y t\u00e9cnico de Lan\u00fas. En 2005, siendo un beb\u00e9, sali\u00f3 en la foto en una entrevista que Ol\u00e9 le realiz\u00f3 al padre, que jugaba en el Red Bull Salzburgo de Austria. <\/p>\n<\/div>\n<div class=\"sc-e7b891c4-0 jPbnQF\"><img alt=\"La entrevista a Ezequiel Carboni en 2005 en Ol\u00e9.\" src=\"http:\/\/hoycordobaweb.com\/wp-content\/uploads\/2024\/07\/el-olympique-de-marsella-quiere-a-un-campeon-de-america-le-pidieron-30-millones-4.jpg\" width=\"720\" height=\"100\" decoding=\"async\" data-nimg=\"future\" loading=\"lazy\"><span class=\"epigraphe\">La entrevista a Ezequiel Carboni en 2005 en Ol\u00e9.<\/span><\/div>\n<div class=\"sc-a7166897-0 exHLBh\" readability=\"6.5\">\n<section readability=\"3\"><picture><img alt=\"El nuevo destino de Luka Romero, quien hasta son\u00f3 en Boca\" src=\"http:\/\/hoycordobaweb.com\/wp-content\/uploads\/2024\/07\/el-olympique-de-marsella-quiere-a-un-campeon-de-america-le-pidieron-30-millones-5.jpg\" width=\"290\" height=\"290\" decoding=\"async\" data-nimg=\"future\" loading=\"lazy\"><\/picture>\n<p><span>Mir\u00e1 tambi\u00e9n<\/span><\/p>\n<hr>\n<h3>El nuevo destino de Luka Romero, quien hasta son\u00f3 en Boca<\/h3>\n<\/p>\n<\/section>\n<\/div>\n<div class=\"sc-a7166897-0 exHLBh\" readability=\"6\">\n<section readability=\"2\"><picture><img alt=\"Scaloni fue a ver a Newell's en el Marcelo Bielsa y recibi\u00f3 un homenaje\" src=\"http:\/\/hoycordobaweb.com\/wp-content\/uploads\/2024\/07\/el-olympique-de-marsella-quiere-a-un-campeon-de-america-le-pidieron-30-millones-6.jpg\" width=\"290\" height=\"290\" decoding=\"async\" data-nimg=\"future\" loading=\"lazy\"><\/picture>\n<p><span>Mir\u00e1 tambi\u00e9n<\/span><\/p>\n<hr>\n<h3>Scaloni fue a ver a Newell&#8217;s en el Marcelo Bielsa y recibi\u00f3 un homenaje<\/h3>\n<\/p>\n<\/section>\n<\/div>\n<\/div>\n","protected":false},"excerpt":{"rendered":"<p>23\/07\/2024 19:51hs. Valent\u00edn Carboni puede ser uno de los campeones de Am\u00e9rica que cambie de equipo en el actual mercado de pases. El Olympique de Marsella quiere al extremo del Inter de Mil\u00e1n, que jug\u00f3 cedido en el Monza durante la \u00faltima temporada. Aunque no es una operaci\u00f3n f\u00e1cil de concretarse: la dirigencia del Nerazzurro, [&hellip;]<\/p>\n","protected":false},"author":1,"featured_media":80745,"comment_status":"open","ping_status":"closed","sticky":false,"template":"","format":"standard","meta":[],"categories":[16],"tags":[],"_links":{"self":[{"href":"http:\/\/hoycordobaweb.com\/index.php\/wp-json\/wp\/v2\/posts\/80744"}],"collection":[{"href":"http:\/\/hoycordobaweb.com\/index.php\/wp-json\/wp\/v2\/posts"}],"about":[{"href":"http:\/\/hoycordobaweb.com\/index.php\/wp-json\/wp\/v2\/types\/post"}],"author":[{"embeddable":true,"href":"http:\/\/hoycordobaweb.com\/index.php\/wp-json\/wp\/v2\/users\/1"}],"replies":[{"embeddable":true,"href":"http:\/\/hoycordobaweb.com\/index.php\/wp-json\/wp\/v2\/comments?post=80744"}],"version-history":[{"count":0,"href":"http:\/\/hoycordobaweb.com\/index.php\/wp-json\/wp\/v2\/posts\/80744\/revisions"}],"wp:featuredmedia":[{"embeddable":true,"href":"http:\/\/hoycordobaweb.com\/index.php\/wp-json\/wp\/v2\/media\/80745"}],"wp:attachment":[{"href":"http:\/\/hoycordobaweb.com\/index.php\/wp-json\/wp\/v2\/media?parent=80744"}],"wp:term":[{"taxonomy":"category","embeddable":true,"href":"http:\/\/hoycordobaweb.com\/index.php\/wp-json\/wp\/v2\/categories?post=80744"},{"taxonomy":"post_tag","embeddable":true,"href":"http:\/\/hoycordobaweb.com\/index.php\/wp-json\/wp\/v2\/tags?post=80744"}],"curies":[{"name":"wp","href":"https:\/\/api.w.org\/{rel}","templated":true}]}}