{"id":80718,"date":"2024-07-23T18:43:48","date_gmt":"2024-07-23T18:43:48","guid":{"rendered":"https:\/\/fono.fcm.unc.edu.ar\/?p=12384"},"modified":"2024-07-23T18:43:48","modified_gmt":"2024-07-23T18:43:48","slug":"asimilaciones-tardias-plan-2021","status":"publish","type":"post","link":"http:\/\/hoycordobaweb.com\/index.php\/2024\/07\/23\/asimilaciones-tardias-plan-2021\/","title":{"rendered":"Asimilaciones tard\u00edas: Plan 2021"},"content":{"rendered":"<h2 class=\"fusion-post-title\">Asimilaciones tard\u00edas: Plan 2021<\/h2>\n<div class=\"post-content\" readability=\"36.646723646724\">\n<p><img loading=\"lazy\" fetchpriority=\"high\" decoding=\"async\" class=\"alignright wp-image-12385 size-fusion-400\" src=\"https:\/\/fono.fcm.unc.edu.ar\/wp-content\/uploads\/sites\/14\/2024\/07\/INFORMACION-ACADEMICA-2024-1-e1721759678358-400x406.jpg\" alt width=\"400\" height=\"406\" srcset=\"https:\/\/fono.fcm.unc.edu.ar\/wp-content\/uploads\/sites\/14\/2024\/07\/INFORMACION-ACADEMICA-2024-1-e1721759678358-66x66.jpg 66w, https:\/\/fono.fcm.unc.edu.ar\/wp-content\/uploads\/sites\/14\/2024\/07\/INFORMACION-ACADEMICA-2024-1-e1721759678358-200x203.jpg 200w, https:\/\/fono.fcm.unc.edu.ar\/wp-content\/uploads\/sites\/14\/2024\/07\/INFORMACION-ACADEMICA-2024-1-e1721759678358-296x300.jpg 296w, https:\/\/fono.fcm.unc.edu.ar\/wp-content\/uploads\/sites\/14\/2024\/07\/INFORMACION-ACADEMICA-2024-1-e1721759678358-400x406.jpg 400w, https:\/\/fono.fcm.unc.edu.ar\/wp-content\/uploads\/sites\/14\/2024\/07\/INFORMACION-ACADEMICA-2024-1-e1721759678358-600x608.jpg 600w, https:\/\/fono.fcm.unc.edu.ar\/wp-content\/uploads\/sites\/14\/2024\/07\/INFORMACION-ACADEMICA-2024-1-e1721759678358-768x779.jpg 768w, https:\/\/fono.fcm.unc.edu.ar\/wp-content\/uploads\/sites\/14\/2024\/07\/INFORMACION-ACADEMICA-2024-1-e1721759678358-800x811.jpg 800w, https:\/\/fono.fcm.unc.edu.ar\/wp-content\/uploads\/sites\/14\/2024\/07\/INFORMACION-ACADEMICA-2024-1-e1721759678358-1010x1024.jpg 1010w, https:\/\/fono.fcm.unc.edu.ar\/wp-content\/uploads\/sites\/14\/2024\/07\/INFORMACION-ACADEMICA-2024-1-e1721759678358.jpg 1076w\" sizes=\"(max-width: 400px) 100vw, 400px\">Los estudiantes que se asimilaron en forma tard\u00eda al Plan 2021 durante el a\u00f1o 2024&nbsp; y que requieran la normalizaci\u00f3n de su actuaci\u00f3n acad\u00e9mica por la condici\u00f3n de Regular en alguna de las asignaturas del Plan 90 que se detallan a&nbsp; continuaci\u00f3n a fin de impactar en la progresi\u00f3n de la cursada:<\/p>\n<ul>\n<li>Cl\u00ednica Otoneurol\u00f3gica y Laberintolog\u00eda<\/li>\n<li>Diagn\u00f3stico y Terap\u00e9utica del Lenguaje II<\/li>\n<li>M\u00e9todos y T\u00e9cnicas de la Investigaci\u00f3n Cient\u00edfica<\/li>\n<li>Introducci\u00f3n a la Salud P\u00fablica<\/li>\n<li>Diagn\u00f3stico y Terap\u00e9utica de la Fonaci\u00f3n II<\/li>\n<li>Pr\u00e1cticas de Tercer Nivel<\/li>\n<\/ul>\n<p>Deber\u00e1n ponerse en contacto con Secretar\u00eda Acad\u00e9mica de la Escuela de Fonoaudiolog\u00eda por mail a <a href=\"mailto:academfono@fcm.unc.edu.ar\">academfono@fcm.unc.edu.ar<\/a>&nbsp; hasta el 2 de agosto.<\/p>\n<\/p><\/div>\n","protected":false},"excerpt":{"rendered":"<p>Asimilaciones tard\u00edas: Plan 2021 Los estudiantes que se asimilaron en forma tard\u00eda al Plan 2021 durante el a\u00f1o 2024&nbsp; y que requieran la normalizaci\u00f3n de su actuaci\u00f3n acad\u00e9mica por la condici\u00f3n de Regular en alguna de las asignaturas del Plan 90 que se detallan a&nbsp; continuaci\u00f3n a fin de impactar en la progresi\u00f3n de la [&hellip;]<\/p>\n","protected":false},"author":1,"featured_media":0,"comment_status":"closed","ping_status":"closed","sticky":false,"template":"","format":"standard","meta":[],"categories":[1],"tags":[],"_links":{"self":[{"href":"http:\/\/hoycordobaweb.com\/index.php\/wp-json\/wp\/v2\/posts\/80718"}],"collection":[{"href":"http:\/\/hoycordobaweb.com\/index.php\/wp-json\/wp\/v2\/posts"}],"about":[{"href":"http:\/\/hoycordobaweb.com\/index.php\/wp-json\/wp\/v2\/types\/post"}],"author":[{"embeddable":true,"href":"http:\/\/hoycordobaweb.com\/index.php\/wp-json\/wp\/v2\/users\/1"}],"replies":[{"embeddable":true,"href":"http:\/\/hoycordobaweb.com\/index.php\/wp-json\/wp\/v2\/comments?post=80718"}],"version-history":[{"count":0,"href":"http:\/\/hoycordobaweb.com\/index.php\/wp-json\/wp\/v2\/posts\/80718\/revisions"}],"wp:attachment":[{"href":"http:\/\/hoycordobaweb.com\/index.php\/wp-json\/wp\/v2\/media?parent=80718"}],"wp:term":[{"taxonomy":"category","embeddable":true,"href":"http:\/\/hoycordobaweb.com\/index.php\/wp-json\/wp\/v2\/categories?post=80718"},{"taxonomy":"post_tag","embeddable":true,"href":"http:\/\/hoycordobaweb.com\/index.php\/wp-json\/wp\/v2\/tags?post=80718"}],"curies":[{"name":"wp","href":"https:\/\/api.w.org\/{rel}","templated":true}]}}