{"id":80714,"date":"2024-07-23T13:07:42","date_gmt":"2024-07-23T13:07:42","guid":{"rendered":"https:\/\/ambiente.cba.gov.ar\/?p=23830"},"modified":"2024-07-23T13:07:42","modified_gmt":"2024-07-23T13:07:42","slug":"mujeres-privadas-de-la-libertad-se-capacitan-en-moda-sustentable-y-economia-circular","status":"publish","type":"post","link":"http:\/\/hoycordobaweb.com\/index.php\/2024\/07\/23\/mujeres-privadas-de-la-libertad-se-capacitan-en-moda-sustentable-y-economia-circular\/","title":{"rendered":"Mujeres privadas de la libertad se capacitan en moda sustentable y econom\u00eda circular"},"content":{"rendered":"<div><img src=\"http:\/\/hoycordobaweb.com\/wp-content\/uploads\/2024\/07\/mujeres-privadas-de-la-libertad-se-capacitan-en-moda-sustentable-y-economia-circular.jpg\" class=\"ff-og-image-inserted\"><\/div>\n<ul class=\" eplus-wrapper eplus-styles-uid-9f1e77\">\n<li class=\" eplus-wrapper\"><strong>El espacio de formaci\u00f3n se realiza a trav\u00e9s de la articulaci\u00f3n entre el Ministerio de Justicia y Trabajo y el Ministerio de Ambiente y Econom\u00eda Circular.<\/strong><\/li>\n<li class=\" eplus-wrapper\"><strong>Los talleres son coordinados por N\u00e9stor Moio, referente de moda sustentable en la provincia.<\/strong><\/li>\n<li class=\" eplus-wrapper\"><strong>La iniciativa se lleva a cabo en el marco del Taller textil que se dicta en el Establecimiento Penitenciario N3 de Mujeres.<\/strong><\/li>\n<\/ul>\n<p class=\" eplus-wrapper\">Inici\u00f3 un espacio de capacitaci\u00f3n innovador en moda sustentable y econom\u00eda circular en el marco del taller textil que funciona en el Establecimiento Penitenciario de Mujeres N\u00b0 3, a trav\u00e9s de la articulaci\u00f3n entre el Ministerio de Justicia y Trabajo y el Ministerio de Ambiente y Econom\u00eda Circular.<\/p>\n<p class=\" eplus-wrapper\">Las mujeres privadas de su libertad obtendr\u00e1n conocimiento sobre moda sustentable y desarrollar\u00e1n habilidades para el aprovechamiento de los desechos de la industria textil y tips para confecci\u00f3n de prendas con estos materiales, especialmente telas de jeans, con el prop\u00f3sito que en un futuro puedan vender sus trabajos y as\u00ed tambi\u00e9n favorecer la econom\u00eda circular.<\/p>\n<p class=\" eplus-wrapper\">En la apertura de la capacitaci\u00f3n, el ministro de Justicia y Trabajo, Juli\u00e1n L\u00f3pez, se dirigi\u00f3 a las participantes: \u201c<em>Queremos que tengan actividades para hacer y que tengan fundamentalmente la posibilidad de aprender un oficio. Ustedes, moment\u00e1neamente privadas de su libertad, tienen que tener acceso a nuevas oportunidades<\/em>\u201d.<\/p>\n<p class=\" eplus-wrapper\">Por su parte, Mar\u00eda Victoria Flores, ministra de Ambiente y Econom\u00eda Circular, indic\u00f3 que el residuo genera oportunidades indistintamente de las circunstancias.<\/p>\n<p class=\" eplus-wrapper\">\u201c<em>Lo que ustedes est\u00e1n haciendo tiene un impacto ambiental muy importante<\/em>.&nbsp;<em>Porque todos estos pedacitos de tela no terminan enterrados, no terminan en un basural, no terminan contaminando. Y est\u00e1n generando una oportunidad, que hoy es el aprendizaje de nuevas t\u00e9cnicas<\/em>\u201d, se\u00f1al\u00f3.<\/p>\n<p class=\" eplus-wrapper\">N\u00e9stor Moio, referente de moda sustentable en la provincia, es quien dictar\u00e1 y coordinar\u00e1 los talleres que ser\u00e1n para dos grupos de 20 internas, algunas con conocimientos avanzados de costura y para quienes reci\u00e9n quieren iniciarse en el oficio.<\/p>\n<p class=\" eplus-wrapper\">La industria de la moda es la segunda m\u00e1s contaminante del planeta. De hecho, para producir un jean se necesitan 5.000 litros de agua. \u201c<em>La moda sostenible y la econom\u00eda circular nos ayuda a nosotros en lo econ\u00f3mico y a cuidar al planeta, que hace tanta falta<\/em>\u201d, indic\u00f3 Moio.<\/p>\n<p class=\" eplus-wrapper\">El curso se organiza en cuatro m\u00f3dulos te\u00f3ricos pr\u00e1cticos. Durante el primero, las participantes confeccionaron individuales, almohadones y alfombras para perros. En el segundo, realizar\u00e1n bolsos, mochilas y ri\u00f1oneras; mientras en el tercero, producir\u00e1n tote bugs, bolsos de mayor complicaci\u00f3n en su confecci\u00f3n y otras mochilas.<\/p>\n<p class=\" eplus-wrapper\">Por \u00faltimo, como el prop\u00f3sito es que adquieran herramientas para emprender y favorecer la econom\u00eda circular, abordar\u00e1n t\u00e9cnicas de venta, fotograf\u00eda e imagen de los productos para su valoraci\u00f3n, entre otras recomendaciones de marketing.<\/p>\n<p class=\" eplus-wrapper\">En lo que fue la primera clase, Moio destac\u00f3 el involucramiento y el entusiasmo de las internas, y lo lindo de los objetos que salieron en este abordaje a t\u00e9cnicas de moda sustentable.<\/p>\n","protected":false},"excerpt":{"rendered":"<p>El espacio de formaci\u00f3n se realiza a trav\u00e9s de la articulaci\u00f3n entre el Ministerio de Justicia y Trabajo y el Ministerio de Ambiente y Econom\u00eda Circular. Los talleres son coordinados por N\u00e9stor Moio, referente de moda sustentable en la provincia. La iniciativa se lleva a cabo en el marco del Taller textil que se dicta [&hellip;]<\/p>\n","protected":false},"author":1,"featured_media":80715,"comment_status":"closed","ping_status":"closed","sticky":false,"template":"","format":"standard","meta":[],"categories":[2,19],"tags":[],"_links":{"self":[{"href":"http:\/\/hoycordobaweb.com\/index.php\/wp-json\/wp\/v2\/posts\/80714"}],"collection":[{"href":"http:\/\/hoycordobaweb.com\/index.php\/wp-json\/wp\/v2\/posts"}],"about":[{"href":"http:\/\/hoycordobaweb.com\/index.php\/wp-json\/wp\/v2\/types\/post"}],"author":[{"embeddable":true,"href":"http:\/\/hoycordobaweb.com\/index.php\/wp-json\/wp\/v2\/users\/1"}],"replies":[{"embeddable":true,"href":"http:\/\/hoycordobaweb.com\/index.php\/wp-json\/wp\/v2\/comments?post=80714"}],"version-history":[{"count":0,"href":"http:\/\/hoycordobaweb.com\/index.php\/wp-json\/wp\/v2\/posts\/80714\/revisions"}],"wp:featuredmedia":[{"embeddable":true,"href":"http:\/\/hoycordobaweb.com\/index.php\/wp-json\/wp\/v2\/media\/80715"}],"wp:attachment":[{"href":"http:\/\/hoycordobaweb.com\/index.php\/wp-json\/wp\/v2\/media?parent=80714"}],"wp:term":[{"taxonomy":"category","embeddable":true,"href":"http:\/\/hoycordobaweb.com\/index.php\/wp-json\/wp\/v2\/categories?post=80714"},{"taxonomy":"post_tag","embeddable":true,"href":"http:\/\/hoycordobaweb.com\/index.php\/wp-json\/wp\/v2\/tags?post=80714"}],"curies":[{"name":"wp","href":"https:\/\/api.w.org\/{rel}","templated":true}]}}