{"id":80642,"date":"2024-07-21T15:47:30","date_gmt":"2024-07-21T15:47:30","guid":{"rendered":"https:\/\/ladecimaweb.com\/?p=28115"},"modified":"2024-07-21T15:47:30","modified_gmt":"2024-07-21T15:47:30","slug":"en-serio-no-comprenden-el-fenomeno-milei-y-el-por-que-de-su-respaldo-popular","status":"publish","type":"post","link":"http:\/\/hoycordobaweb.com\/index.php\/2024\/07\/21\/en-serio-no-comprenden-el-fenomeno-milei-y-el-por-que-de-su-respaldo-popular\/","title":{"rendered":"\u00bfEn serio no comprenden el \u201cfen\u00f3meno Milei\u201d y el por qu\u00e9 de su respaldo popular?"},"content":{"rendered":"<div class=\"boldgrid-section\">\n<div class=\"container\">\n<div class=\"row\">\n<div class=\"col-md-12 col-xs-12 col-sm-12\">\n<p class><em>(Mario Albera)<\/em> En sus cr\u00f3nicas y an\u00e1lisis pol\u00edticos, los colegas periodistas reflejan el supuesto desconcierto de la clase dirigente mediterr\u00e1nea sobre la imagen positiva del presidente Javier Milei en la provincia mantenida arriba del 60 por ciento.&nbsp;<\/p>\n<p class>&#8220;<span>El dato no deja de sorprender al \u201cc\u00edrculo rojo\u201d cordob\u00e9s&#8221;, escribe el analista local, que trata de &#8220;incr\u00e9dulos&#8221; a los miembros del &#8220;c\u00edrculo rojo&#8221; que integran encumbrados pol\u00edticos y empresarios.&nbsp;<\/span><\/p>\n<p>El supuesto intr\u00edngulis es c\u00f3mo el presidente conserva tama\u00f1a imagen con semejante ajuste y recesi\u00f3n econ\u00f3mica.&nbsp;<\/p>\n<p class><strong>\u00bfEn serio no entienden el &#8220;fen\u00f3meno Milei&#8221; y el por qu\u00e9 de su respaldo popular? \u00bfEn serio no le encuentran una &#8220;explicaci\u00f3n razonable&#8221; a esta nueva etapa de la Argentina?<\/strong><\/p>\n<p class>Arriesgo dos explicaciones con forma de certeza.&nbsp;<\/p>\n<p class>El respaldo popular no se debe a que la gente apoya el ajuste econ\u00f3mico brutal. Por el contrario, lo sufre con el aumento del costo de vida por tarifas de servicios p\u00fablicos, combustibles y alimentos, desregulados.&nbsp; Pero <strong>aventuro que la gente respalda a Milei porque entendi\u00f3 la analog\u00eda de que un gobierno es como un hogar: no puede gastar m\u00e1s de lo que no tiene para vivir y crecer.<\/strong> Porque gastar de m\u00e1s empobrece y pulveriza el valor de la moneda nacional.&nbsp;<\/p>\n<p class>Por ende, la sociedad entiende que Milei se ocupa de lo que, desde la Convertibilidad -por subestimaci\u00f3n, negligencia o ideolog\u00eda- los sucesivos gobiernos democr\u00e1ticos no se ocuparon: de <strong>intentar domar por las astas el toro de la inflaci\u00f3n<\/strong>. En este sentido, Milei encarna un<strong> cambio cultural que es gobernar sin d\u00e9ficit fiscal<\/strong>, algo harto pregonado pero no practicado. Y del que se ocupan hasta pa\u00edses como la China comunista.&nbsp;<\/p>\n<p class><strong>A Milei le puede ir bien o mal en esta cruzada, pero lo seguro es que despu\u00e9s de \u00e9l, darle a la maquinita para emitir pesos descontroladamente ser\u00e1 algo prohibitivo. <\/strong>Y mal visto, porque el mile\u00edsmo est\u00e1 haciendo escuela con esto en el entendimiento social. El solo haberse ocupado del flagelo (c\u00e1ncer) inflacionario, ya es un activo pol\u00edtico legitimador del poder presente y cotizante para el futuro electoral del libertario.&nbsp;<\/p>\n<p class>La segunda explicaci\u00f3n que explica el fen\u00f3meno y su respaldo popular es la absoluta falta de contrincantes. <strong>\u00bfQui\u00e9n es el dirigente o rival pol\u00edtico con capacidad y carisma para ofrecer un relato alternativo y seductor para el electorado, y disputarle la centralidad del discurso a Javier Gerardo?<\/strong> Es tan incipiente el fen\u00f3meno, y la fantas\u00eda de los opositores m\u00e1s ac\u00e9rrimos por el helic\u00f3ptero, que ese dirigente con un relato nuevo y cre\u00edble demorar\u00e1 en parir. Porque resulta m\u00e1s sencillo y tentador tejer conspiraciones y operaciones desestabilizantes que crear ideas nuevas que emparden la narrativa del equilibrio fiscal. <strong>En esto, Javo lleva la delantera.<\/strong><\/p>\n<p class>El respaldo popular a Milei se entiende adem\u00e1s porque enfrente tiene a Cristina Kirchner, Axel Kicillof, Sergio Massa -en bambalinas-, Guillermo Moreno; es decir, <strong>campeones de la inflaci\u00f3n y el despilfarro p\u00fablico<\/strong>, postales de color sepia y con aroma a fracaso, mientras que los que buscan emerger como lo nuevo o moderados (Losteau, Schiaretti, Pichetto), son percibidos como &#8220;la casta&#8221;, los profesionales que hicieron carrera en la pol\u00edtica, con todo lo bueno y malo que ello significa.&nbsp;<\/p>\n<p class>Ser\u00e1 dif\u00edcil el renacer de un retador para un presidente que adem\u00e1s de su determinaci\u00f3n y liderazgo carism\u00e1tico, y de un pragmatismo para la negociaci\u00f3n pol\u00edtica, es un profesional formado en la ciencia econ\u00f3mica, todo un plus para una sociedad como la nuestra adiestrada en el idioma del d\u00f3lar, devaluaci\u00f3n y cepos. Que es lo mismo que decir obsesionada por la inflaci\u00f3n.&nbsp; &nbsp; &nbsp; &nbsp; &nbsp; &nbsp;<\/p>\n<p>&nbsp;<\/p>\n<p class>\n<div class=\"ubm_banner\"><a href=\"https:\/\/www.cba.gov.ar\/cordoba-sumo-250-moviles-policiales-al-patrullaje-preventivo\/\" target=\"_blank\" rel=\"dofollow noopener noreferrer\"><img src=\"http:\/\/hoycordobaweb.com\/wp-content\/uploads\/2024\/07\/en-serio-no-comprenden-el-fenomeno-milei-y-el-por-que-de-su-respaldo-popular.gif\" width=\"900\" alt><\/a><\/div>\n<\/div>\n<\/div>\n<\/div>\n<\/div>\n<p>La entrada <a rel=\"nofollow\" href=\"https:\/\/ladecimaweb.com\/en-serio-no-comprenden-el-fenomeno-milei-y-el-por-que-de-su-respaldo-popular\/\">\u00bfEn serio no comprenden el &#8220;fen\u00f3meno Milei&#8221; y el por qu\u00e9 de su respaldo popular?<\/a> se public\u00f3 primero en <a rel=\"nofollow\" href=\"https:\/\/ladecimaweb.com\">LaDecima<\/a>.<\/p>\n","protected":false},"excerpt":{"rendered":"<p>(Mario Albera) En sus cr\u00f3nicas y an\u00e1lisis pol\u00edticos, los colegas periodistas reflejan el supuesto desconcierto de la clase dirigente mediterr\u00e1nea sobre la imagen positiva del presidente Javier Milei en la provincia mantenida arriba del 60 por ciento.&nbsp; &#8220;El dato no deja de sorprender al \u201cc\u00edrculo rojo\u201d cordob\u00e9s&#8221;, escribe el analista local, que trata de &#8220;incr\u00e9dulos&#8221; [&hellip;]<\/p>\n","protected":false},"author":1,"featured_media":0,"comment_status":"closed","ping_status":"closed","sticky":false,"template":"","format":"standard","meta":[],"categories":[32],"tags":[],"_links":{"self":[{"href":"http:\/\/hoycordobaweb.com\/index.php\/wp-json\/wp\/v2\/posts\/80642"}],"collection":[{"href":"http:\/\/hoycordobaweb.com\/index.php\/wp-json\/wp\/v2\/posts"}],"about":[{"href":"http:\/\/hoycordobaweb.com\/index.php\/wp-json\/wp\/v2\/types\/post"}],"author":[{"embeddable":true,"href":"http:\/\/hoycordobaweb.com\/index.php\/wp-json\/wp\/v2\/users\/1"}],"replies":[{"embeddable":true,"href":"http:\/\/hoycordobaweb.com\/index.php\/wp-json\/wp\/v2\/comments?post=80642"}],"version-history":[{"count":0,"href":"http:\/\/hoycordobaweb.com\/index.php\/wp-json\/wp\/v2\/posts\/80642\/revisions"}],"wp:attachment":[{"href":"http:\/\/hoycordobaweb.com\/index.php\/wp-json\/wp\/v2\/media?parent=80642"}],"wp:term":[{"taxonomy":"category","embeddable":true,"href":"http:\/\/hoycordobaweb.com\/index.php\/wp-json\/wp\/v2\/categories?post=80642"},{"taxonomy":"post_tag","embeddable":true,"href":"http:\/\/hoycordobaweb.com\/index.php\/wp-json\/wp\/v2\/tags?post=80642"}],"curies":[{"name":"wp","href":"https:\/\/api.w.org\/{rel}","templated":true}]}}