{"id":80635,"date":"2024-07-15T08:46:00","date_gmt":"2024-07-15T08:46:00","guid":{"rendered":"https:\/\/fm-comunicar.com.ar\/contenido\/22096\/homenajearon-a-hector-artico-en-la-fiesta-del-codeguin"},"modified":"2024-07-15T08:46:00","modified_gmt":"2024-07-15T08:46:00","slug":"homenajearon-a-hector-artico-en-la-fiesta-del-codeguin","status":"publish","type":"post","link":"http:\/\/hoycordobaweb.com\/index.php\/2024\/07\/15\/homenajearon-a-hector-artico-en-la-fiesta-del-codeguin\/","title":{"rendered":"Homenajearon a Hector \u00c1rtico en la Fiesta del Codegu\u00edn"},"content":{"rendered":"<p>El ex futbolista que surgi\u00f3 en el Club El Porvenir fue protagonista en el evento. Lleg\u00f3 a ser campe\u00f3n con River, haciendo dupla con Roberto Perfumo. Se emocion\u00f3 al recordar su infancia en Puesto Viejo.<img src=\"http:\/\/hoycordobaweb.com\/wp-content\/uploads\/2024\/07\/homenajearon-a-hector-artico-en-la-fiesta-del-codeguin.jpg\"><\/p>\n","protected":false},"excerpt":{"rendered":"<p>El ex futbolista que surgi\u00f3 en el Club El Porvenir fue protagonista en el evento. Lleg\u00f3 a ser campe\u00f3n con River, haciendo dupla con Roberto Perfumo. Se emocion\u00f3 al recordar su infancia en Puesto Viejo.<\/p>\n","protected":false},"author":1,"featured_media":80636,"comment_status":"closed","ping_status":"closed","sticky":false,"template":"","format":"standard","meta":[],"categories":[18],"tags":[],"_links":{"self":[{"href":"http:\/\/hoycordobaweb.com\/index.php\/wp-json\/wp\/v2\/posts\/80635"}],"collection":[{"href":"http:\/\/hoycordobaweb.com\/index.php\/wp-json\/wp\/v2\/posts"}],"about":[{"href":"http:\/\/hoycordobaweb.com\/index.php\/wp-json\/wp\/v2\/types\/post"}],"author":[{"embeddable":true,"href":"http:\/\/hoycordobaweb.com\/index.php\/wp-json\/wp\/v2\/users\/1"}],"replies":[{"embeddable":true,"href":"http:\/\/hoycordobaweb.com\/index.php\/wp-json\/wp\/v2\/comments?post=80635"}],"version-history":[{"count":0,"href":"http:\/\/hoycordobaweb.com\/index.php\/wp-json\/wp\/v2\/posts\/80635\/revisions"}],"wp:featuredmedia":[{"embeddable":true,"href":"http:\/\/hoycordobaweb.com\/index.php\/wp-json\/wp\/v2\/media\/80636"}],"wp:attachment":[{"href":"http:\/\/hoycordobaweb.com\/index.php\/wp-json\/wp\/v2\/media?parent=80635"}],"wp:term":[{"taxonomy":"category","embeddable":true,"href":"http:\/\/hoycordobaweb.com\/index.php\/wp-json\/wp\/v2\/categories?post=80635"},{"taxonomy":"post_tag","embeddable":true,"href":"http:\/\/hoycordobaweb.com\/index.php\/wp-json\/wp\/v2\/tags?post=80635"}],"curies":[{"name":"wp","href":"https:\/\/api.w.org\/{rel}","templated":true}]}}