{"id":80602,"date":"2024-07-19T13:47:38","date_gmt":"2024-07-19T13:47:38","guid":{"rendered":"https:\/\/ladecimaweb.com\/?p=28093"},"modified":"2024-07-19T13:47:38","modified_gmt":"2024-07-19T13:47:38","slug":"imputan-por-homicidio-simple-al-companero-de-estudio-de-la-joven-de-inaudi-asesinada","status":"publish","type":"post","link":"http:\/\/hoycordobaweb.com\/index.php\/2024\/07\/19\/imputan-por-homicidio-simple-al-companero-de-estudio-de-la-joven-de-inaudi-asesinada\/","title":{"rendered":"Imputan por homicidio simple al compa\u00f1ero de estudio de la joven de Inaudi asesinada"},"content":{"rendered":"<div class=\"boldgrid-section\">\n<div class=\"container\">\n<div class=\"row\">\n<div class=\"col-md-12 col-xs-12 col-sm-12\">\n<p class><span>(MPF) La Fiscal\u00eda de Instrucci\u00f3n del Distrito I de Feria orden\u00f3 la detenci\u00f3n e imput\u00f3 a un sujeto de 21 a\u00f1os de edad por considerarlo supuesto autor del homicidio de Catalina Guti\u00e9rrez, tambi\u00e9n de 21 a\u00f1os, estudiante de Arquitectura con residencia en la ciudad de C\u00f3rdoba. <\/span><\/p>\n<p class><span><strong>La causa est\u00e1 caratulada como Homicidio Simple. Este delito prev\u00e9 una pena de reclusi\u00f3n de ocho a veinticinco a\u00f1os.&nbsp;<\/strong><\/span><\/p>\n<p><span>El detenido es N\u00e9stor Daniel Aguilar Soto, conocido como \u201cNuni\u201d, seg\u00fan confirmaron fuentes policiales a la prensa.&nbsp;<\/span><\/p>\n<p class><span>Esto a ra\u00edz de la investigaci\u00f3n iniciada por lo ocurrido cerca de la medianoche del 17 de julio de 2024, cuando se hall\u00f3 un autom\u00f3vil Renault Cl\u00edo de color gris en calle Pedro Echague de Barrio Kennedy, en cuyo interior se encontr\u00f3 el cuerpo sin vida de la v\u00edctima.<\/span><\/p>\n<p class>&nbsp;<\/p>\n<p class>\n<div class=\"ubm_banner\"><a href=\"https:\/\/www.cba.gov.ar\/cordoba-sumo-250-moviles-policiales-al-patrullaje-preventivo\/\" target=\"_blank\" rel=\"dofollow noopener noreferrer\"><img src=\"http:\/\/hoycordobaweb.com\/wp-content\/uploads\/2024\/07\/imputan-por-homicidio-simple-al-companero-de-estudio-de-la-joven-de-inaudi-asesinada.gif\" width=\"900\" alt><\/a><\/div>\n<\/div>\n<\/div>\n<\/div>\n<\/div>\n<p>La entrada <a rel=\"nofollow\" href=\"https:\/\/ladecimaweb.com\/imputan-por-homicidio-simple-al-companero-de-estudio-de-la-joven-asesinada\/\">Imputan por homicidio simple al compa\u00f1ero de estudio de la joven de Inaudi asesinada<\/a> se public\u00f3 primero en <a rel=\"nofollow\" href=\"https:\/\/ladecimaweb.com\">LaDecima<\/a>.<\/p>\n","protected":false},"excerpt":{"rendered":"<p>(MPF) La Fiscal\u00eda de Instrucci\u00f3n del Distrito I de Feria orden\u00f3 la detenci\u00f3n e imput\u00f3 a un sujeto de 21 a\u00f1os de edad por considerarlo supuesto autor del homicidio de Catalina Guti\u00e9rrez, tambi\u00e9n de 21 a\u00f1os, estudiante de Arquitectura con residencia en la ciudad de C\u00f3rdoba. La causa est\u00e1 caratulada como Homicidio Simple. Este delito [&hellip;]<\/p>\n","protected":false},"author":1,"featured_media":0,"comment_status":"closed","ping_status":"closed","sticky":false,"template":"","format":"standard","meta":[],"categories":[32],"tags":[],"_links":{"self":[{"href":"http:\/\/hoycordobaweb.com\/index.php\/wp-json\/wp\/v2\/posts\/80602"}],"collection":[{"href":"http:\/\/hoycordobaweb.com\/index.php\/wp-json\/wp\/v2\/posts"}],"about":[{"href":"http:\/\/hoycordobaweb.com\/index.php\/wp-json\/wp\/v2\/types\/post"}],"author":[{"embeddable":true,"href":"http:\/\/hoycordobaweb.com\/index.php\/wp-json\/wp\/v2\/users\/1"}],"replies":[{"embeddable":true,"href":"http:\/\/hoycordobaweb.com\/index.php\/wp-json\/wp\/v2\/comments?post=80602"}],"version-history":[{"count":0,"href":"http:\/\/hoycordobaweb.com\/index.php\/wp-json\/wp\/v2\/posts\/80602\/revisions"}],"wp:attachment":[{"href":"http:\/\/hoycordobaweb.com\/index.php\/wp-json\/wp\/v2\/media?parent=80602"}],"wp:term":[{"taxonomy":"category","embeddable":true,"href":"http:\/\/hoycordobaweb.com\/index.php\/wp-json\/wp\/v2\/categories?post=80602"},{"taxonomy":"post_tag","embeddable":true,"href":"http:\/\/hoycordobaweb.com\/index.php\/wp-json\/wp\/v2\/tags?post=80602"}],"curies":[{"name":"wp","href":"https:\/\/api.w.org\/{rel}","templated":true}]}}