{"id":80599,"date":"2024-07-21T04:49:13","date_gmt":"2024-07-21T04:49:13","guid":{"rendered":"http:\/\/hoycordobaweb.com\/index.php\/2024\/07\/21\/tras-su-efimero-paso-por-ecuador-un-futbolista-de-liga-de-quito-volvera-al-futbol-argentino\/"},"modified":"2024-07-21T04:49:13","modified_gmt":"2024-07-21T04:49:13","slug":"tras-su-efimero-paso-por-ecuador-un-futbolista-de-liga-de-quito-volvera-al-futbol-argentino","status":"publish","type":"post","link":"http:\/\/hoycordobaweb.com\/index.php\/2024\/07\/21\/tras-su-efimero-paso-por-ecuador-un-futbolista-de-liga-de-quito-volvera-al-futbol-argentino\/","title":{"rendered":"Tras su ef\u00edmero paso por Ecuador, un futbolista de Liga de Quito volver\u00e1 al <b>f\u00fatbol argentino<\/b>"},"content":{"rendered":"<p>Andres Zanini, del ascenso <b>argentina<\/b> un gigante de Sudam\u00e9rica. El jugador estuvo tan solo 7 meses en Liga Deportiva Universitaria de Quito. Lleg\u00f3 a&nbsp;&#8230; <\/p>\n","protected":false},"excerpt":{"rendered":"<p>Andres Zanini, del ascenso argentina un gigante de Sudam\u00e9rica. El jugador estuvo tan solo 7 meses en Liga Deportiva Universitaria de Quito. Lleg\u00f3 a&nbsp;&#8230;<\/p>\n","protected":false},"author":1,"featured_media":0,"comment_status":"closed","ping_status":"closed","sticky":false,"template":"","format":"standard","meta":[],"categories":[22],"tags":[],"_links":{"self":[{"href":"http:\/\/hoycordobaweb.com\/index.php\/wp-json\/wp\/v2\/posts\/80599"}],"collection":[{"href":"http:\/\/hoycordobaweb.com\/index.php\/wp-json\/wp\/v2\/posts"}],"about":[{"href":"http:\/\/hoycordobaweb.com\/index.php\/wp-json\/wp\/v2\/types\/post"}],"author":[{"embeddable":true,"href":"http:\/\/hoycordobaweb.com\/index.php\/wp-json\/wp\/v2\/users\/1"}],"replies":[{"embeddable":true,"href":"http:\/\/hoycordobaweb.com\/index.php\/wp-json\/wp\/v2\/comments?post=80599"}],"version-history":[{"count":0,"href":"http:\/\/hoycordobaweb.com\/index.php\/wp-json\/wp\/v2\/posts\/80599\/revisions"}],"wp:attachment":[{"href":"http:\/\/hoycordobaweb.com\/index.php\/wp-json\/wp\/v2\/media?parent=80599"}],"wp:term":[{"taxonomy":"category","embeddable":true,"href":"http:\/\/hoycordobaweb.com\/index.php\/wp-json\/wp\/v2\/categories?post=80599"},{"taxonomy":"post_tag","embeddable":true,"href":"http:\/\/hoycordobaweb.com\/index.php\/wp-json\/wp\/v2\/tags?post=80599"}],"curies":[{"name":"wp","href":"https:\/\/api.w.org\/{rel}","templated":true}]}}