{"id":80588,"date":"2024-07-19T18:37:23","date_gmt":"2024-07-19T18:37:23","guid":{"rendered":"https:\/\/fono.fcm.unc.edu.ar\/?p=12367"},"modified":"2024-07-19T18:37:23","modified_gmt":"2024-07-19T18:37:23","slug":"examenes-oficiales-informacion-importante","status":"publish","type":"post","link":"http:\/\/hoycordobaweb.com\/index.php\/2024\/07\/19\/examenes-oficiales-informacion-importante\/","title":{"rendered":"Ex\u00e1menes oficiales: informaci\u00f3n importante"},"content":{"rendered":"<h2 class=\"fusion-post-title\">Ex\u00e1menes oficiales: informaci\u00f3n importante<\/h2>\n<div class=\"post-content\" readability=\"38\">\n<p><img loading=\"lazy\" fetchpriority=\"high\" decoding=\"async\" class=\"alignright size-fusion-400 wp-image-12370\" src=\"https:\/\/fono.fcm.unc.edu.ar\/wp-content\/uploads\/sites\/14\/2024\/07\/WhatsApp-Image-2024-07-19-at-15.30.27-400x410.jpeg\" alt width=\"400\" height=\"410\" srcset=\"https:\/\/fono.fcm.unc.edu.ar\/wp-content\/uploads\/sites\/14\/2024\/07\/WhatsApp-Image-2024-07-19-at-15.30.27-200x205.jpeg 200w, https:\/\/fono.fcm.unc.edu.ar\/wp-content\/uploads\/sites\/14\/2024\/07\/WhatsApp-Image-2024-07-19-at-15.30.27-293x300.jpeg 293w, https:\/\/fono.fcm.unc.edu.ar\/wp-content\/uploads\/sites\/14\/2024\/07\/WhatsApp-Image-2024-07-19-at-15.30.27-400x410.jpeg 400w, https:\/\/fono.fcm.unc.edu.ar\/wp-content\/uploads\/sites\/14\/2024\/07\/WhatsApp-Image-2024-07-19-at-15.30.27-600x615.jpeg 600w, https:\/\/fono.fcm.unc.edu.ar\/wp-content\/uploads\/sites\/14\/2024\/07\/WhatsApp-Image-2024-07-19-at-15.30.27-768x787.jpeg 768w, https:\/\/fono.fcm.unc.edu.ar\/wp-content\/uploads\/sites\/14\/2024\/07\/WhatsApp-Image-2024-07-19-at-15.30.27-800x820.jpeg 800w, https:\/\/fono.fcm.unc.edu.ar\/wp-content\/uploads\/sites\/14\/2024\/07\/WhatsApp-Image-2024-07-19-at-15.30.27-999x1024.jpeg 999w, https:\/\/fono.fcm.unc.edu.ar\/wp-content\/uploads\/sites\/14\/2024\/07\/WhatsApp-Image-2024-07-19-at-15.30.27.jpeg 1080w\" sizes=\"(max-width: 400px) 100vw, 400px\">Luego del receso invernal se retoman los ex\u00e1menes oficiales correspondientes al turno del mes de julio.<\/p>\n<p>Debido a las medidas de fuerza de p\u00fablico conocimiento los docentes que adhieran a la misma informar\u00e1n por Guaran\u00ed a estudiantes inscriptos una vez cerrada la inscripci\u00f3n. Aquellos estudiantes que necesiten informaci\u00f3n con mayor anticipaci\u00f3n deber\u00e1n comunicarse por mail con los docentes titulares de la asignatura.<\/p>\n<\/p><\/div>\n","protected":false},"excerpt":{"rendered":"<p>Ex\u00e1menes oficiales: informaci\u00f3n importante Luego del receso invernal se retoman los ex\u00e1menes oficiales correspondientes al turno del mes de julio. Debido a las medidas de fuerza de p\u00fablico conocimiento los docentes que adhieran a la misma informar\u00e1n por Guaran\u00ed a estudiantes inscriptos una vez cerrada la inscripci\u00f3n. Aquellos estudiantes que necesiten informaci\u00f3n con mayor anticipaci\u00f3n [&hellip;]<\/p>\n","protected":false},"author":1,"featured_media":0,"comment_status":"closed","ping_status":"closed","sticky":false,"template":"","format":"standard","meta":[],"categories":[1],"tags":[],"_links":{"self":[{"href":"http:\/\/hoycordobaweb.com\/index.php\/wp-json\/wp\/v2\/posts\/80588"}],"collection":[{"href":"http:\/\/hoycordobaweb.com\/index.php\/wp-json\/wp\/v2\/posts"}],"about":[{"href":"http:\/\/hoycordobaweb.com\/index.php\/wp-json\/wp\/v2\/types\/post"}],"author":[{"embeddable":true,"href":"http:\/\/hoycordobaweb.com\/index.php\/wp-json\/wp\/v2\/users\/1"}],"replies":[{"embeddable":true,"href":"http:\/\/hoycordobaweb.com\/index.php\/wp-json\/wp\/v2\/comments?post=80588"}],"version-history":[{"count":0,"href":"http:\/\/hoycordobaweb.com\/index.php\/wp-json\/wp\/v2\/posts\/80588\/revisions"}],"wp:attachment":[{"href":"http:\/\/hoycordobaweb.com\/index.php\/wp-json\/wp\/v2\/media?parent=80588"}],"wp:term":[{"taxonomy":"category","embeddable":true,"href":"http:\/\/hoycordobaweb.com\/index.php\/wp-json\/wp\/v2\/categories?post=80588"},{"taxonomy":"post_tag","embeddable":true,"href":"http:\/\/hoycordobaweb.com\/index.php\/wp-json\/wp\/v2\/tags?post=80588"}],"curies":[{"name":"wp","href":"https:\/\/api.w.org\/{rel}","templated":true}]}}