{"id":80586,"date":"2024-07-20T14:01:02","date_gmt":"2024-07-20T14:01:02","guid":{"rendered":"https:\/\/www.trendencias.com\/zapatos-mujer\/gioseppo-tiene-al-50-toda-su-coleccion-yo-me-quedo-estas-sandalias-doradas-tacon-sensato-para-lucir-vacaciones"},"modified":"2024-07-20T14:01:02","modified_gmt":"2024-07-20T14:01:02","slug":"gioseppo-tiene-al-50-toda-su-coleccion-y-yo-me-quedo-con-estas-sandalias-doradas-de-tacon-sensato-para-lucir-en-vacaciones","status":"publish","type":"post","link":"http:\/\/hoycordobaweb.com\/index.php\/2024\/07\/20\/gioseppo-tiene-al-50-toda-su-coleccion-y-yo-me-quedo-con-estas-sandalias-doradas-de-tacon-sensato-para-lucir-en-vacaciones\/","title":{"rendered":"Gioseppo tiene al 50% toda su colecci\u00f3n y yo me quedo con estas sandalias doradas de tac\u00f3n sensato para lucir en vacaciones"},"content":{"rendered":"<p>Las sandalias doradas son un <em>must <\/em>de nuestro armario, un cl\u00e1sico que nunca falla, le pasa lo mismo que a las de color negro. Un calzado de fondo de armario que combina ideal con los estilismos de noche de verano y con los looks de invitada. Una apuesta segura.<\/p>\n<p><!-- BREAK 1 --> <\/p>\n<p>Dispuestas a conquistarnos en cada momento y con diferentes <em>looks, <\/em>las sandalias doradas son una apuesta vers\u00e1til y f\u00e1cil de combinar con todo nuestro armario estival, que van a salir al rescate en todas las ocasiones. Y sin son en el tac\u00f3n de moda, el tac\u00f3n sensato, mucho mejor.<\/p>\n<p><!-- BREAK 2 --><\/p>\n<div class=\"article-asset article-asset-normal article-asset-center\">\n<div class=\"desvio-container\">\n<div class=\"desvio\">\n<div class=\"desvio-figure js-desvio-figure\"> <a href=\"https:\/\/www.trendencias.com\/zapatos-mujer\/sandalias-negras-tacon-sensato-rebajas-gioseppo-que-aman-invitadas-boda-verano\"> <img loading=\"lazy\" alt=\"Las sandalias negras de tac\u00f3n sensato en rebajas de Gioseppo que aman las invitadas de boda de verano\" width=\"375\" height=\"142\" src=\"http:\/\/hoycordobaweb.com\/wp-content\/uploads\/2024\/07\/gioseppo-tiene-al-50-toda-su-coleccion-y-yo-me-quedo-con-estas-sandalias-doradas-de-tacon-sensato-para-lucir-en-vacaciones.jpg\"> <\/a> <\/div><\/div><\/div>\n<\/div>\n<p>Y en las rebajas de <strong>Gioseppo, <\/strong>vas a encontrar varios modelos de tac\u00f3n sensato ideales, concretamente dise\u00f1os en dorado, apunt\u00e1ndose as\u00ed a la tendencia de los metalizados, aunque en realidad son un b\u00e1sico. Dise\u00f1os con estilazo que vas a poder lucir de la ma\u00f1ana a la noche y en ocasiones especiales.<\/p>\n<p><!-- BREAK 3 --> <\/p>\n<p>Las sandalias doradas son las perfectas aliadas para lucir con un <em>look<\/em> de invitada. Se trata de una de las apuestas m\u00e1s vers\u00e1tiles y sofisticadas para lucir en los eventos m\u00e1s especiales y con m\u00e1s glamour. Puedes combinarlas con todo tipo de prendas, vestidos largos, de c\u00f3ctel, pantalones, faldas <em>midi,<\/em> de tul o <em>jumpsuit, <\/em>y hasta con vaqueros para looks de noche. &nbsp;Y lo mejor de todo, queda bien con todos los colores.<\/p>\n<p><!-- BREAK 4 --><\/p>\n<p>Os propongo estos tres modelos de tac\u00f3n c\u00f3modo que son un flechazo y a los que les vas a sacar el m\u00e1ximo partido.<\/p>\n<div class=\"article-asset-image article-asset-normal article-asset-center\">\n<div class=\"asset-content\"> <img class=\"centro_sinmarco\" height=\"1200\" width=\"1200\" loading=\"lazy\" decoding=\"async\" sizes=\"100vw\" fetchpriority=\"high\" srcset=\"http:\/\/hoycordobaweb.com\/wp-content\/uploads\/2024\/07\/gioseppo-tiene-al-50-toda-su-coleccion-y-yo-me-quedo-con-estas-sandalias-doradas-de-tacon-sensato-para-lucir-en-vacaciones-1.jpg 450w, http:\/\/hoycordobaweb.com\/wp-content\/uploads\/2024\/07\/gioseppo-tiene-al-50-toda-su-coleccion-y-yo-me-quedo-con-estas-sandalias-doradas-de-tacon-sensato-para-lucir-en-vacaciones-5.jpg 681w, http:\/\/hoycordobaweb.com\/wp-content\/uploads\/2024\/07\/gioseppo-tiene-al-50-toda-su-coleccion-y-yo-me-quedo-con-estas-sandalias-doradas-de-tacon-sensato-para-lucir-en-vacaciones-6.jpg 1024w, http:\/\/hoycordobaweb.com\/wp-content\/uploads\/2024\/07\/gioseppo-tiene-al-50-toda-su-coleccion-y-yo-me-quedo-con-estas-sandalias-doradas-de-tacon-sensato-para-lucir-en-vacaciones-7.jpg 1366w\" src=\"http:\/\/hoycordobaweb.com\/wp-content\/uploads\/2024\/07\/gioseppo-tiene-al-50-toda-su-coleccion-y-yo-me-quedo-con-estas-sandalias-doradas-de-tacon-sensato-para-lucir-en-vacaciones-1.jpg\" alt=\"sandalias dorads\"> <noscript><img alt=\"sandalias dorads\" class=\"centro_sinmarco\" src=\"http:\/\/hoycordobaweb.com\/wp-content\/uploads\/2024\/07\/gioseppo-tiene-al-50-toda-su-coleccion-y-yo-me-quedo-con-estas-sandalias-doradas-de-tacon-sensato-para-lucir-en-vacaciones-1.jpg\"><\/noscript> <\/div>\n<\/div>\n<p>Sandalias trenzadas son un flechazo. Un modelo sofisticado y ultra c\u00f3modo de piel, de tac\u00f3n sensato ancho con pala y tal\u00f3n trenzados en color dorado y plata, de plantilla acolchada de piel curtida en un proceso de curtici\u00f3n m\u00e1s sostenible bajo los est\u00e1ndares de<em> Leather Working Group. <\/em>Su precio era de 79,95 euros y ahora es de <a rel=\"noopener, noreferrer\" href=\"https:\/\/gioseppo.com\/es-es\/sandalias-tacon-con-pala-trenzada-bicolor-para-mujer-ladock\">54,95 euros.<\/a><\/p>\n<p><!-- BREAK 5 --><\/p>\n<div class=\"article-asset-image article-asset-normal article-asset-center\">\n<div class=\"asset-content\"> <img class=\"centro_sinmarco\" height=\"1200\" width=\"1200\" loading=\"lazy\" decoding=\"async\" sizes=\"100vw\" fetchpriority=\"high\" srcset=\"http:\/\/hoycordobaweb.com\/wp-content\/uploads\/2024\/07\/gioseppo-tiene-al-50-toda-su-coleccion-y-yo-me-quedo-con-estas-sandalias-doradas-de-tacon-sensato-para-lucir-en-vacaciones-2.jpg 450w, http:\/\/hoycordobaweb.com\/wp-content\/uploads\/2024\/07\/gioseppo-tiene-al-50-toda-su-coleccion-y-yo-me-quedo-con-estas-sandalias-doradas-de-tacon-sensato-para-lucir-en-vacaciones-8.jpg 681w, http:\/\/hoycordobaweb.com\/wp-content\/uploads\/2024\/07\/gioseppo-tiene-al-50-toda-su-coleccion-y-yo-me-quedo-con-estas-sandalias-doradas-de-tacon-sensato-para-lucir-en-vacaciones-9.jpg 1024w, http:\/\/hoycordobaweb.com\/wp-content\/uploads\/2024\/07\/gioseppo-tiene-al-50-toda-su-coleccion-y-yo-me-quedo-con-estas-sandalias-doradas-de-tacon-sensato-para-lucir-en-vacaciones-10.jpg 1366w\" src=\"http:\/\/hoycordobaweb.com\/wp-content\/uploads\/2024\/07\/gioseppo-tiene-al-50-toda-su-coleccion-y-yo-me-quedo-con-estas-sandalias-doradas-de-tacon-sensato-para-lucir-en-vacaciones-2.jpg\" alt=\"sandalias dorads\"> <noscript><img alt=\"sandalias dorads\" class=\"centro_sinmarco\" src=\"http:\/\/hoycordobaweb.com\/wp-content\/uploads\/2024\/07\/gioseppo-tiene-al-50-toda-su-coleccion-y-yo-me-quedo-con-estas-sandalias-doradas-de-tacon-sensato-para-lucir-en-vacaciones-2.jpg\"><\/noscript> <\/div>\n<\/div>\n<p>Sandalias doradas trenzadas de tac\u00f3n sensato forrado en piel. Su precio era de 79,95 euros y ahora es de <a rel=\"noopener, noreferrer\" href=\"https:\/\/gioseppo.com\/es-es\/sandalias-de-tacon-doradas-piel-con-trenzados-para-mujer-maliq\">59,95 euros.<\/a><\/p>\n<div class=\"article-asset-image article-asset-normal article-asset-center\">\n<div class=\"asset-content\"> <img class=\"centro_sinmarco\" height=\"1200\" width=\"1200\" loading=\"lazy\" decoding=\"async\" sizes=\"100vw\" fetchpriority=\"high\" srcset=\"http:\/\/hoycordobaweb.com\/wp-content\/uploads\/2024\/07\/gioseppo-tiene-al-50-toda-su-coleccion-y-yo-me-quedo-con-estas-sandalias-doradas-de-tacon-sensato-para-lucir-en-vacaciones-3.jpg 450w, http:\/\/hoycordobaweb.com\/wp-content\/uploads\/2024\/07\/gioseppo-tiene-al-50-toda-su-coleccion-y-yo-me-quedo-con-estas-sandalias-doradas-de-tacon-sensato-para-lucir-en-vacaciones-11.jpg 681w, http:\/\/hoycordobaweb.com\/wp-content\/uploads\/2024\/07\/gioseppo-tiene-al-50-toda-su-coleccion-y-yo-me-quedo-con-estas-sandalias-doradas-de-tacon-sensato-para-lucir-en-vacaciones-12.jpg 1024w, http:\/\/hoycordobaweb.com\/wp-content\/uploads\/2024\/07\/gioseppo-tiene-al-50-toda-su-coleccion-y-yo-me-quedo-con-estas-sandalias-doradas-de-tacon-sensato-para-lucir-en-vacaciones-13.jpg 1366w\" src=\"http:\/\/hoycordobaweb.com\/wp-content\/uploads\/2024\/07\/gioseppo-tiene-al-50-toda-su-coleccion-y-yo-me-quedo-con-estas-sandalias-doradas-de-tacon-sensato-para-lucir-en-vacaciones-3.jpg\" alt=\"sandalias dorads\"> <noscript><img alt=\"sandalias dorads\" class=\"centro_sinmarco\" src=\"http:\/\/hoycordobaweb.com\/wp-content\/uploads\/2024\/07\/gioseppo-tiene-al-50-toda-su-coleccion-y-yo-me-quedo-con-estas-sandalias-doradas-de-tacon-sensato-para-lucir-en-vacaciones-3.jpg\"><\/noscript> <\/div>\n<\/div>\n<p>Sandalias mule doradas de doble tira y tac\u00f3n sensato. Su precio es de 54,95 euros y ahora es de <a rel=\"noopener, noreferrer\" href=\"https:\/\/gioseppo.com\/es-es\/sandalias-doradas-con-doble-tira-y-tacon-para-mujer-butteaux\">39,95 euros.<\/a><\/p>\n<p>Fotos | <a rel=\"noopener, noreferrer\" href=\"https:\/\/gioseppo.com\/es-es\/sandalias-tacon-con-pala-trenzada-bicolor-para-mujer-ladock\">Gioseppo, <\/a><a rel=\"noopener, noreferrer\" href=\"https:\/\/www.instagram.com\/p\/C9cen-0IYhb\/?hl=es&amp;img_index=5\">@vickymartinberrocal<\/a><\/p>\n<p>En Trendencias | <a href=\"https:\/\/www.trendencias.com\/eventos\/cuando-empiezan-rebajas-verano-inditex-mango-h-m-corte-ingles\">Cu\u00e1ndo empiezan las rebajas de verano 2024 en Inditex, Mango, H&amp;M, El Corte Ingl\u00e9s y m\u00e1s<\/a><\/p>\n<p>En Trendencias | <a href=\"https:\/\/www.trendencias.com\/marcas\/vestidos-pantalones-blusas-faldas-complementos-bonitos-novedades-zara-mujer\">Los vestidos, pantalones, blusas, faldas y complementos m\u00e1s bonitos de las novedades de Zara Mujer<\/a><\/p>\n<p>En Trendencias | <a href=\"https:\/\/www.trendencias.com\/propuestas-y-consejos\/21-vestidos-invitada-boda-colores-precio-zara-mango-asos-corte-ingles-h-m\">27 vestidos de invitada de boda por colores y precio de Zara, Mango, Asos, El Corte Ingl\u00e9s, H&amp;M y m\u00e1s<\/a><\/p>\n","protected":false},"excerpt":{"rendered":"<p>Las sandalias doradas son un must de nuestro armario, un cl\u00e1sico que nunca falla, le pasa lo mismo que a las de color negro. Un calzado de fondo de armario que combina ideal con los estilismos de noche de verano y con los looks de invitada. Una apuesta segura. Dispuestas a conquistarnos en cada momento [&hellip;]<\/p>\n","protected":false},"author":1,"featured_media":80587,"comment_status":"closed","ping_status":"closed","sticky":false,"template":"","format":"standard","meta":[],"categories":[],"tags":[],"_links":{"self":[{"href":"http:\/\/hoycordobaweb.com\/index.php\/wp-json\/wp\/v2\/posts\/80586"}],"collection":[{"href":"http:\/\/hoycordobaweb.com\/index.php\/wp-json\/wp\/v2\/posts"}],"about":[{"href":"http:\/\/hoycordobaweb.com\/index.php\/wp-json\/wp\/v2\/types\/post"}],"author":[{"embeddable":true,"href":"http:\/\/hoycordobaweb.com\/index.php\/wp-json\/wp\/v2\/users\/1"}],"replies":[{"embeddable":true,"href":"http:\/\/hoycordobaweb.com\/index.php\/wp-json\/wp\/v2\/comments?post=80586"}],"version-history":[{"count":0,"href":"http:\/\/hoycordobaweb.com\/index.php\/wp-json\/wp\/v2\/posts\/80586\/revisions"}],"wp:featuredmedia":[{"embeddable":true,"href":"http:\/\/hoycordobaweb.com\/index.php\/wp-json\/wp\/v2\/media\/80587"}],"wp:attachment":[{"href":"http:\/\/hoycordobaweb.com\/index.php\/wp-json\/wp\/v2\/media?parent=80586"}],"wp:term":[{"taxonomy":"category","embeddable":true,"href":"http:\/\/hoycordobaweb.com\/index.php\/wp-json\/wp\/v2\/categories?post=80586"},{"taxonomy":"post_tag","embeddable":true,"href":"http:\/\/hoycordobaweb.com\/index.php\/wp-json\/wp\/v2\/tags?post=80586"}],"curies":[{"name":"wp","href":"https:\/\/api.w.org\/{rel}","templated":true}]}}