{"id":80566,"date":"2024-07-20T00:57:20","date_gmt":"2024-07-20T00:57:20","guid":{"rendered":"https:\/\/www.ole.com.ar\/rosario-central\/video-tremenda-ovacion-giovani-locelso-gigante-arroyito-rosario-central-campeon-copa-america_0_aKmFAYzFNB.html"},"modified":"2024-07-20T00:57:20","modified_gmt":"2024-07-20T00:57:20","slug":"el-homenaje-de-rosario-central-a-gio-lo-celso-tras-consagrarse-bicampeon-de-america","status":"publish","type":"post","link":"http:\/\/hoycordobaweb.com\/index.php\/2024\/07\/20\/el-homenaje-de-rosario-central-a-gio-lo-celso-tras-consagrarse-bicampeon-de-america\/","title":{"rendered":"El homenaje de Rosario Central a Gio Lo Celso tras consagrarse bicampe\u00f3n de Am\u00e9rica"},"content":{"rendered":"<p><img src=\"http:\/\/hoycordobaweb.com\/wp-content\/uploads\/2024\/07\/el-homenaje-de-rosario-central-a-gio-lo-celso-tras-consagrarse-bicampeon-de-america.jpg\"><\/p>\n<p><time class=\"createDate\" datetime=\"2024-07-19T21:57:20-03:00\">19\/07\/2024 21:57hs.<\/time><\/p>\n<div id=\"storyBody\">\n<div class=\"custom-text \" readability=\"33.40412979351\">\n<p>Despu\u00e9s de consagrarse bicampe\u00f3n de Am\u00e9rica, <a href=\"https:\/\/www.ole.com.ar\/tema\/giovani-lo-celso.html\" title=\"Giovani Lo Celso\" alt=\"Giovani Lo Celso\" class=\"slug\">Giovani Lo Celso<\/a> aprovech\u00f3 sus vacaciones para darse una vuelta por el lugar donde todo comenz\u00f3. En el d\u00eda que se cumplieron exactamente nueve a\u00f1os de su debut en la Primera Divisi\u00f3n de <a href=\"https:\/\/www.ole.com.ar\/tema\/rosario-central.html\" title=\"Rosario Central\" alt=\"Rosario Central\" class=\"slug\">Rosario Central<\/a>, el volante de la <a href=\"https:\/\/www.ole.com.ar\/tema\/seleccion-argentina.html\" title=\"Selecci\u00f3n Argentina\" alt=\"Selecci\u00f3n Argentina\" class=\"slug\">Selecci\u00f3n <\/a><strong>regres\u00f3 al Gigante de Arroyito, donde fue homenajeado.<\/strong> <\/p>\n<\/div>\n<div class=\"custom-text \" readability=\"40\">\n<p>Gio lleg\u00f3 al estadio canalla manejando su auto particular, acompa\u00f1ado por su hija, y dialog\u00f3 brevemente con los medios presentes antes de ingresar. \u00abContento de disfrutar otra vez del Gigante con la familia. <strong>No lo tom\u00e9 como revancha<\/strong> (se perdi\u00f3 el Mundial por lesi\u00f3n), sino como una linda oportunidad, la verdad que se dio todo\u00bb, tir\u00f3. <\/p>\n<\/div>\n<div class=\"custom-text \" readability=\"35.209580838323\">\n<p>Justo se dio la casualidad de que<a href=\"https:\/\/www.ole.com.ar\/futbol-primera\/liga-futbol-rosario-central-sarmiento-junin-canalla-partido_0_88WbLS3iVB.html\" target=\"_blank\" title=\" el partido con Sarmiento\" alt=\" el partido con Sarmiento\" rel=\"noopener noreferrer\"> el partido de este viernes con Sarmiento<\/a> coincidi\u00f3 con un aniversario redondo de su bautismo en la Primera del club. Fue el 19 de julio de 2015, de la mano del Chacho Coudet, en un encuentro que termin\u00f3 0-0 contra V\u00e9lez. En ese entonces, Gio ten\u00eda 19 a\u00f1os. Hoy, con 28, es un jugador consagrado.<\/p>\n<\/div>\n<div class=\"custom-text \" readability=\"40.448548812665\">\n<p>Adem\u00e1s, a Lo Celso le preguntaron por un rumor que toma fuerza en Europa: <strong>la posibilidad de convertirse en compa\u00f1ero del <a href=\"https:\/\/www.ole.com.ar\/tema\/damian-emiliano-martinez.html\" title=\"Dami\u00e1n Emiliano Mart\u00ednez\" alt=\"Dami\u00e1n Emiliano Mart\u00ednez\" class=\"slug\">Dibu Mart\u00ednez<\/a> en el Aston Villa.<\/strong> \u00abNo nada, me entero por ustedes\u00bb, la tir\u00f3 afuera el futbolista del Tottenham entre risas, y agreg\u00f3: \u00abDe momento aprovechar, disfrutar de las vacaciones, descansar, festejar lo que se logr\u00f3 que no se da todos los d\u00edas\u00bb.<\/p>\n<\/div>\n<div class=\"custom-embedhtml\" readability=\"6.2710084033613\">\n<blockquote class=\"twitter-tweet\" readability=\"6.6890756302521\">\n<p lang=\"es\" dir=\"ltr\">\u00a1HOLA BICAMPE\u00d3N! \ud83c\udde6\ud83c\uddf7\ud83c\udfc6\ud83d\udc4f\ud83c\udffb<\/p>\n<p>El saludo de Giovani Lo Celso para todo el pueblo Canalla en su regreso al Gigante tras la obtenci\u00f3n de la Copa Am\u00e9rica <a href=\"https:\/\/t.co\/IuBWlFu4L4\">pic.twitter.com\/IuBWlFu4L4<\/a><\/p>\n<p>\u2014 Rosario Central (@RosarioCentral) <a href=\"https:\/\/twitter.com\/RosarioCentral\/status\/1814447165021794787?ref_src=twsrc%5Etfw\">July 19, 2024<\/a><\/p><\/blockquote><\/div>\n<div class=\"custom-text \" readability=\"37.994722955145\">\n<p>Una vez en el interior del estadio, Gio fue homenajeado por los tres m\u00e1ximos referentes que tiene el equipo: el t\u00e9cnico <a href=\"https:\/\/www.ole.com.ar\/tema\/miguel-angel-russo.html\" title=\"Miguel Angel Russo\" alt=\"Miguel Angel Russo\" class=\"slug\">Miguel \u00c1ngel Russo<\/a>, Jorge Broun y Marco Ruben. Le hicieron entrega de <strong>una plaqueta y una camiseta de Central, con su apellido y el 10 en la espalda<\/strong>. \u00abGracias por la c\u00e1lida bienvenida, un saludo a todos los canallas\u00bb, dijo en un video posteado por el club.<\/p>\n<\/div>\n<div class=\"custom-text \" readability=\"37\">\n<p>De yapa, adem\u00e1s de disfrutar la goleada como un hincha m\u00e1s desde uno de los palcos,<strong> Gio pudo ver en primera persona a su hermano Francesco Lo Celso, <\/strong>titular frente al conjunto de Jun\u00edn. Una noche con impronta canalla y redonda por d\u00f3nde se la mire.<\/p>\n<\/div>\n<p><h2>El enojo de Di Mar\u00eda<\/h2>\n<\/p>\n<div class=\"custom-text \" readability=\"33.128834355828\">\n<p>En el transcurso del jueves, distintos medios rosarinos publicaron que, m\u00e1s all\u00e1 de Lo Celso, el Canalla hab\u00eda invitado a <a href=\"https:\/\/www.ole.com.ar\/tema\/angel-di-maria.html\" title=\"Angel DI Mar\u00eda\" alt=\"Angel DI Mar\u00eda\" class=\"slug\">\u00c1ngel Di Mar\u00eda<\/a> para homenajearlo en el Gigante, pero<strong> Fideo hab\u00eda contestado que no podr\u00eda asistir. <\/strong>Esta informaci\u00f3n <a href=\"https:\/\/www.ole.com.ar\/seleccion\/di-maria-respuesta-central-homenaje-sarmiento_0_oTI3RusWZE.html\" target=\"_blank\" title=\"gener\u00f3 una fuerte reacci\u00f3n de Angelito\" alt=\"gener\u00f3 una fuerte reacci\u00f3n de Angelito\" rel=\"noopener noreferrer\">gener\u00f3 una fuerte reacci\u00f3n de Angelito<\/a>, que sali\u00f3 con los botines de punta&#8230;<\/p>\n<\/div>\n<div class=\"sc-e7b891c4-0 jPbnQF\"><img alt=\"El descargo de Di Mar\u00eda en Instagram.\" src=\"http:\/\/hoycordobaweb.com\/wp-content\/uploads\/2024\/07\/el-homenaje-de-rosario-central-a-gio-lo-celso-tras-consagrarse-bicampeon-de-america-2.jpg\" width=\"720\" height=\"100\" decoding=\"async\" data-nimg=\"future\" loading=\"lazy\"><span class=\"epigraphe\">El descargo de Di Mar\u00eda en Instagram.<\/span><\/div>\n<div class=\"custom-text \" readability=\"38\">\n<p>\u00abQu\u00e9 manera de hacer campa\u00f1a en contra m\u00eda. <strong>Por qu\u00e9 no se la agarran con los que no quieren que vuelva<\/strong>. Gracias\u00bb, escribi\u00f3 Di Mar\u00eda en una historia de Intagram, en respuesta a la informaci\u00f3n que dio infocanaya sobre lo que ocurrir\u00eda este viernes en el Gigante. Finalmente, Fideo no estuvo presente.<\/p>\n<\/div>\n<div class=\"custom-text \" readability=\"41\">\n<p>A los 36 a\u00f1os, Angelito le dijo adi\u00f3s al seleccionado pero no a su carrera, que <strong>continuar\u00e1 en Benfica de Portugal<\/strong>. Con Gonzalo Belloso a la cabeza, la dirigencia de Central le hizo una oferta para que regresara, pero despu\u00e9s de todo lo que ocurri\u00f3, con repetidas amenazas en el medio, Di Mar\u00eda opt\u00f3 por seguir en el club portugu\u00e9s.<\/p>\n<\/div>\n<div class=\"sc-a7166897-0 exHLBh\" readability=\"6\">\n<section readability=\"2\"><picture><img alt=\"Los posteos a Licha Mart\u00ednez: se\u00f1al de un partido m\u00e1s de Di Mar\u00eda\" src=\"http:\/\/hoycordobaweb.com\/wp-content\/uploads\/2024\/07\/el-homenaje-de-rosario-central-a-gio-lo-celso-tras-consagrarse-bicampeon-de-america-3.jpg\" width=\"290\" height=\"290\" decoding=\"async\" data-nimg=\"future\" loading=\"lazy\"><\/picture>\n<p><span>Mir\u00e1 tambi\u00e9n<\/span><\/p>\n<hr>\n<h3>Los posteos a Licha Mart\u00ednez: se\u00f1al de un partido m\u00e1s de Di Mar\u00eda<\/h3>\n<\/p>\n<\/section>\n<\/div>\n<div class=\"sc-a7166897-0 exHLBh\" readability=\"6\">\n<section readability=\"2\"><picture><img alt=\"Central guard\u00f3 para la Copa y aplast\u00f3 a Sarmiento\" src=\"http:\/\/hoycordobaweb.com\/wp-content\/uploads\/2024\/07\/el-homenaje-de-rosario-central-a-gio-lo-celso-tras-consagrarse-bicampeon-de-america-4.jpg\" width=\"290\" height=\"290\" decoding=\"async\" data-nimg=\"future\" loading=\"lazy\"><\/picture>\n<p><span>Mir\u00e1 tambi\u00e9n<\/span><\/p>\n<hr>\n<h3>Central guard\u00f3 para la Copa y aplast\u00f3 a Sarmiento<\/h3>\n<\/p>\n<\/section>\n<\/div>\n<div class=\"sc-a7166897-0 exHLBh\" readability=\"6.5\">\n<section readability=\"3\"><picture><img alt=\"Los Juegos Ol\u00edmpicos, m\u00e1s que la tercera...\" src=\"http:\/\/hoycordobaweb.com\/wp-content\/uploads\/2024\/07\/el-homenaje-de-rosario-central-a-gio-lo-celso-tras-consagrarse-bicampeon-de-america-5.jpg\" width=\"290\" height=\"290\" decoding=\"async\" data-nimg=\"future\" loading=\"lazy\"><\/picture>\n<p><span>Mir\u00e1 tambi\u00e9n<\/span><\/p>\n<hr>\n<h3>Los Juegos Ol\u00edmpicos, m\u00e1s que la tercera&#8230;<\/h3>\n<\/p>\n<\/section>\n<\/div>\n<\/div>\n","protected":false},"excerpt":{"rendered":"<p>19\/07\/2024 21:57hs. Despu\u00e9s de consagrarse bicampe\u00f3n de Am\u00e9rica, Giovani Lo Celso aprovech\u00f3 sus vacaciones para darse una vuelta por el lugar donde todo comenz\u00f3. En el d\u00eda que se cumplieron exactamente nueve a\u00f1os de su debut en la Primera Divisi\u00f3n de Rosario Central, el volante de la Selecci\u00f3n regres\u00f3 al Gigante de Arroyito, donde fue [&hellip;]<\/p>\n","protected":false},"author":1,"featured_media":80567,"comment_status":"open","ping_status":"closed","sticky":false,"template":"","format":"standard","meta":[],"categories":[16],"tags":[],"_links":{"self":[{"href":"http:\/\/hoycordobaweb.com\/index.php\/wp-json\/wp\/v2\/posts\/80566"}],"collection":[{"href":"http:\/\/hoycordobaweb.com\/index.php\/wp-json\/wp\/v2\/posts"}],"about":[{"href":"http:\/\/hoycordobaweb.com\/index.php\/wp-json\/wp\/v2\/types\/post"}],"author":[{"embeddable":true,"href":"http:\/\/hoycordobaweb.com\/index.php\/wp-json\/wp\/v2\/users\/1"}],"replies":[{"embeddable":true,"href":"http:\/\/hoycordobaweb.com\/index.php\/wp-json\/wp\/v2\/comments?post=80566"}],"version-history":[{"count":0,"href":"http:\/\/hoycordobaweb.com\/index.php\/wp-json\/wp\/v2\/posts\/80566\/revisions"}],"wp:featuredmedia":[{"embeddable":true,"href":"http:\/\/hoycordobaweb.com\/index.php\/wp-json\/wp\/v2\/media\/80567"}],"wp:attachment":[{"href":"http:\/\/hoycordobaweb.com\/index.php\/wp-json\/wp\/v2\/media?parent=80566"}],"wp:term":[{"taxonomy":"category","embeddable":true,"href":"http:\/\/hoycordobaweb.com\/index.php\/wp-json\/wp\/v2\/categories?post=80566"},{"taxonomy":"post_tag","embeddable":true,"href":"http:\/\/hoycordobaweb.com\/index.php\/wp-json\/wp\/v2\/tags?post=80566"}],"curies":[{"name":"wp","href":"https:\/\/api.w.org\/{rel}","templated":true}]}}