{"id":80499,"date":"2024-07-13T12:41:57","date_gmt":"2024-07-13T12:41:57","guid":{"rendered":"https:\/\/ambiente.cba.gov.ar\/?p=23732"},"modified":"2024-07-13T12:41:57","modified_gmt":"2024-07-13T12:41:57","slug":"viveros-aliados-la-iniciativa-de-ambiente-para-fortalecer-la-produccion-de-flora-nativa","status":"publish","type":"post","link":"http:\/\/hoycordobaweb.com\/index.php\/2024\/07\/13\/viveros-aliados-la-iniciativa-de-ambiente-para-fortalecer-la-produccion-de-flora-nativa\/","title":{"rendered":"\u00abViveros aliados\u00bb: la iniciativa de Ambiente para fortalecer la producci\u00f3n de flora nativa"},"content":{"rendered":"<div><img src=\"http:\/\/hoycordobaweb.com\/wp-content\/uploads\/2024\/07\/viveros-aliados-la-iniciativa-de-ambiente-para-fortalecer-la-produccion-de-flora-nativa.jpg\" class=\"ff-og-image-inserted\"><\/div>\n<ul>\n<li><strong>La estrategia se inscribe dentro de M\u00e1s Flora Cordobesa, el programa de forestaci\u00f3n que impulsa la cartera ambiental provincial.<\/strong><\/li>\n<li><strong>Participan fundaciones, asociaciones civiles, instituciones educativas y cooperativas de toda la provincia.<\/strong><\/li>\n<li><strong>En una primera instancia, el Ministerio de Ambiente y Econom\u00eda Circular entreg\u00f3 kits de producci\u00f3n a 25 beneficiarios de C\u00f3rdoba Capital.<\/strong><\/li>\n<\/ul>\n<p>El Ministerio de Ambiente y Econom\u00eda Circular, a cargo de Victoria Flores, present\u00f3 el programa <strong>\u201cViveros aliados\u201d<\/strong>, que tiene como objetivo potenciar la producci\u00f3n de especies de flora aut\u00f3ctona, y promover la restauraci\u00f3n de nuestros ecosistemas.<\/p>\n<p>A trav\u00e9s de esta iniciativa, se busca <strong>complementar la producci\u00f3n de \u00e1rboles nativos de los viveros provinciales <\/strong>y al mismo tiempo, fortalecer el empleo verde en viveros de todo el territorio provincial.<\/p>\n<p>En este marco, la cartera ambiental entreg\u00f3 kits de producci\u00f3n a 25 beneficiarios de C\u00f3rdoba Capital, entre los que se encuentran fundaciones, asociaciones civiles, instituciones educativas y cooperativas, <strong>con todo lo necesario para que puedan instalar los viveros<\/strong> en los espacios donde realizan sus actividades.<\/p>\n<p>El kit incluye la estructura de postes, media sombra, pl\u00e1stico para la base, caja germinadora 100% reciclada, caja de semillas, precintos, bulones de sujeci\u00f3n, bolsas de arena y tierra y semillas de especies nativas para comenzar la producci\u00f3n.<\/p>\n<p>Adem\u00e1s, se les brind\u00f3 una capacitaci\u00f3n te\u00f3rica acerca de la importancia de cultivar especies nativas con trazabilidad de origen, y una formaci\u00f3n pr\u00e1ctica sobre el armado y la puesta en marcha del vivero.<\/p>\n<p>Se trat\u00f3 de una primera instancia que estuvo destinada a las organizaciones de C\u00f3rdoba Capital; pr\u00f3ximamente, se realizar\u00e1 la jornada correspondiente para beneficiarios del interior de la provincia.<\/p>\n<p>La iniciativa forma parte del programa <strong>M\u00e1s Flora Cordobesa<\/strong>, que se propone la plantaci\u00f3n de 200 mil ejemplares de flora nativa hasta marzo de 2025 y luego, incrementar esa cifra anual para realizar la mayor forestaci\u00f3n de \u00e1rboles aut\u00f3ctonos en la historia de la provincia.<\/p>\n<p>Para esto, el plan prev\u00e9 la generaci\u00f3n de alianzas estrat\u00e9gicas con el sector privado, universidades, instituciones y comunidades locales. El programa se impulsa desde la Subsecretar\u00eda de Biodiversidad, a cargo de Miguel Magnasco, y <strong>cuenta con el financiamiento de la Fundaci\u00f3n Banco de C\u00f3rdoba.<\/strong><\/p>\n","protected":false},"excerpt":{"rendered":"<p>La estrategia se inscribe dentro de M\u00e1s Flora Cordobesa, el programa de forestaci\u00f3n que impulsa la cartera ambiental provincial. Participan fundaciones, asociaciones civiles, instituciones educativas y cooperativas de toda la provincia. En una primera instancia, el Ministerio de Ambiente y Econom\u00eda Circular entreg\u00f3 kits de producci\u00f3n a 25 beneficiarios de C\u00f3rdoba Capital. El Ministerio de [&hellip;]<\/p>\n","protected":false},"author":1,"featured_media":80500,"comment_status":"closed","ping_status":"closed","sticky":false,"template":"","format":"standard","meta":[],"categories":[2,19],"tags":[],"_links":{"self":[{"href":"http:\/\/hoycordobaweb.com\/index.php\/wp-json\/wp\/v2\/posts\/80499"}],"collection":[{"href":"http:\/\/hoycordobaweb.com\/index.php\/wp-json\/wp\/v2\/posts"}],"about":[{"href":"http:\/\/hoycordobaweb.com\/index.php\/wp-json\/wp\/v2\/types\/post"}],"author":[{"embeddable":true,"href":"http:\/\/hoycordobaweb.com\/index.php\/wp-json\/wp\/v2\/users\/1"}],"replies":[{"embeddable":true,"href":"http:\/\/hoycordobaweb.com\/index.php\/wp-json\/wp\/v2\/comments?post=80499"}],"version-history":[{"count":0,"href":"http:\/\/hoycordobaweb.com\/index.php\/wp-json\/wp\/v2\/posts\/80499\/revisions"}],"wp:featuredmedia":[{"embeddable":true,"href":"http:\/\/hoycordobaweb.com\/index.php\/wp-json\/wp\/v2\/media\/80500"}],"wp:attachment":[{"href":"http:\/\/hoycordobaweb.com\/index.php\/wp-json\/wp\/v2\/media?parent=80499"}],"wp:term":[{"taxonomy":"category","embeddable":true,"href":"http:\/\/hoycordobaweb.com\/index.php\/wp-json\/wp\/v2\/categories?post=80499"},{"taxonomy":"post_tag","embeddable":true,"href":"http:\/\/hoycordobaweb.com\/index.php\/wp-json\/wp\/v2\/tags?post=80499"}],"curies":[{"name":"wp","href":"https:\/\/api.w.org\/{rel}","templated":true}]}}