{"id":80497,"date":"2024-07-18T19:39:12","date_gmt":"2024-07-18T19:39:12","guid":{"rendered":"https:\/\/www.trendencias.com\/celebrities\/protagonista-aqui-no-hay-quien-viva-que-dimitio-serie-para-cumplir-su-sueno"},"modified":"2024-07-18T19:39:12","modified_gmt":"2024-07-18T19:39:12","slug":"el-protagonista-de-aqui-no-hay-quien-viva-que-dimitio-de-la-serie-para-cumplir-su-sueno","status":"publish","type":"post","link":"http:\/\/hoycordobaweb.com\/index.php\/2024\/07\/18\/el-protagonista-de-aqui-no-hay-quien-viva-que-dimitio-de-la-serie-para-cumplir-su-sueno\/","title":{"rendered":"El protagonista de &#8216;Aqu\u00ed no hay quien viva&#8217; que dimiti\u00f3 de la serie para cumplir su sue\u00f1o"},"content":{"rendered":"<p>Se podr\u00eda decir que <strong>Roberto <\/strong>fue uno de los personajes principales de &#8216;Aqu\u00ed no hay quien viva&#8217;. Recordemos que cuando la serie comenz\u00f3, hace ya dos d\u00e9cadas, una de las primeras im\u00e1genes fue la de \u00e9ste con Luc\u00eda mud\u00e1ndose al edificio, dando lugar a que pens\u00e1ramos que las tramas girar\u00edan en torno a ellos.<\/p>\n<p><!-- BREAK 1 --> <\/p>\n<div class=\"article-asset article-asset-normal article-asset-center\">\n<div class=\"desvio-container\">\n<div class=\"desvio\">\n<div class=\"desvio-figure js-desvio-figure\"> <a href=\"https:\/\/www.trendencias.com\/celebrities\/que-fue-sofia-nieto-actriz-aqui-no-hay-quien-viva-que-lleva-anos-desaparecida\"> <img loading=\"lazy\" alt=\"Qu\u00e9 fue de Sof\u00eda Nieto, la actriz de 'Aqu\u00ed no hay quien viva' que lleva a\u00f1os desaparecida\" width=\"375\" height=\"142\" src=\"http:\/\/hoycordobaweb.com\/wp-content\/uploads\/2024\/07\/el-protagonista-de-aqui-no-hay-quien-viva-que-dimitio-de-la-serie-para-cumplir-su-sueno.jpg\"> <\/a> <\/div><\/div><\/div>\n<\/div>\n<p>Bien es cierto que luego cada convecino dispon\u00eda de sus propios devenires, pero Roberto, interpretado por <strong>Daniel Guzm\u00e1n<\/strong>, siempre mantuvo una gran presencia en la ficci\u00f3n. Aunque, eso s\u00ed, un buen d\u00eda el arquitecto y su lema \u00ab\u00a1Vamos, no me jodas!\u00bb se marcharon de la calle Desenga\u00f1o 21 alegando que se mudaba a Puerto Ban\u00fas a vivir de dibujar caricaturas. \u00bfA qu\u00e9 se debi\u00f3 esta espantada? Te lo contamos.<\/p>\n<p><!-- BREAK 2 --><\/p>\n<h2>De Desenga\u00f1o 21 al Goya<\/h2>\n<p>Cabe se\u00f1alar que Guzm\u00e1n nunca ha estado presente en los cap\u00edtulos de &#8216;La que se avecina&#8217;. Ni se quiera en apariciones especiales como ocurri\u00f3 con Laura Pamplona, de quien te desvel\u00e1bamos la <a href=\"https:\/\/www.trendencias.com\/celebrities\/dolorosa-perdida-laura-pamplona-aqui-no-hay-quien-viva-muerte-su-hermana-incendio\">tragedia familiar<\/a> que sufri\u00f3 de adolescente, o <a href=\"https:\/\/www.trendencias.com\/celebrities\/que-fue-carmen-balague-actriz-aqui-no-hay-quien-viva-que-se-avecina-motivo-peso-que-dimitio-serie\">Carmen Balagu\u00e9<\/a>.<\/p>\n<p><!-- BREAK 3 --> <\/p>\n<div class=\"article-asset-image article-asset-normal article-asset-center\">\n<div class=\"asset-content\"> <img class=\"centro_sinmarco\" height=\"549\" width=\"976\" loading=\"lazy\" decoding=\"async\" sizes=\"100vw\" fetchpriority=\"high\" srcset=\"http:\/\/hoycordobaweb.com\/wp-content\/uploads\/2024\/07\/el-protagonista-de-aqui-no-hay-quien-viva-que-dimitio-de-la-serie-para-cumplir-su-sueno-1.jpg 450w, http:\/\/hoycordobaweb.com\/wp-content\/uploads\/2024\/07\/el-protagonista-de-aqui-no-hay-quien-viva-que-dimitio-de-la-serie-para-cumplir-su-sueno-4.jpg 681w, http:\/\/hoycordobaweb.com\/wp-content\/uploads\/2024\/07\/el-protagonista-de-aqui-no-hay-quien-viva-que-dimitio-de-la-serie-para-cumplir-su-sueno-5.jpg 1024w, http:\/\/hoycordobaweb.com\/wp-content\/uploads\/2024\/07\/el-protagonista-de-aqui-no-hay-quien-viva-que-dimitio-de-la-serie-para-cumplir-su-sueno-6.jpg 1366w\" src=\"http:\/\/hoycordobaweb.com\/wp-content\/uploads\/2024\/07\/el-protagonista-de-aqui-no-hay-quien-viva-que-dimitio-de-la-serie-para-cumplir-su-sueno-1.jpg\" alt=\"u\"> <noscript><img alt=\"u\" class=\"centro_sinmarco\" src=\"http:\/\/hoycordobaweb.com\/wp-content\/uploads\/2024\/07\/el-protagonista-de-aqui-no-hay-quien-viva-que-dimitio-de-la-serie-para-cumplir-su-sueno-1.jpg\"><\/noscript> <\/div>\n<\/div>\n<p>El motivo del adi\u00f3s del artista se debi\u00f3 a que decidi\u00f3 dejarlo todo para cumplir su sue\u00f1o: \u00abMe fui por dirigir mi pel\u00edcula. Me hicieron elegir entre la serie y la pel\u00edcula y eleg\u00ed la pel\u00edcula. Lo que pasa que despu\u00e9s <strong>he estado 10 a\u00f1os sin trabajar como actor<\/strong>\u00ab, confesaba Daniel en &#8216;<a rel=\"noopener, noreferrer\" href=\"https:\/\/www.youtube.com\/watch?v=DdBWHv_4_wE\">Cinco tenedores<\/a>&#8216; de Movistar+.<\/p>\n<p><!-- BREAK 4 --><\/p>\n<p>Y lo logr\u00f3, pero, como bien dice \u00e9l, su filme no se estren\u00f3 hasta 2015. Hablo de &#8216;A cambio de nada&#8217;, por la que obtuvo un Goya al Mejor Director Novel y al Mejor Actor revelaci\u00f3n, siendo \u00e9ste para Miguel Herr\u00e1n: \u00abHas conseguido que un chaval sin ilusiones descubra un mundo nuevo, quiera estudiar, quiera trabajar y se agarre a esta vida nueva como si no hubiera otra\u00bb, fueron las palabras que el protagonista de &#8216;La Casa de Papel&#8217;, que <a href=\"https:\/\/www.trendencias.com\/celebrities\/historia-amor-miguel-herran-celia-pedraza-ruptura-bebe-incluidos\">acaba de separarse<\/a> tras convertirse en padre primerizo, le dedic\u00f3 al director.<\/p>\n<p><!-- BREAK 5 --><\/p>\n<blockquote class=\"tiktok-embed\" cite=\"https:\/\/www.tiktok.com\/@elgoyometro\/video\/7129083124151094533\" data-video-id=\"7129083124151094533\" data-embed-from=\"oembed\" readability=\"2.5243902439024\">\n<section readability=\"1.6829268292683\"> <a target=\"_blank\" title=\"@elgoyometro\" href=\"https:\/\/www.tiktok.com\/@elgoyometro?refer=embed\" rel=\"noopener noreferrer\">@elgoyometro<\/a> <\/p>\n<p>Miguel Herr\u00e1n recibe en 2016 el Goya a Mejor actor revelaci\u00f3n y dedica unas bonitas palabras de agradecimiento a Daniel Guzm\u00e1n. <a title=\"goyas\" target=\"_blank\" href=\"https:\/\/www.tiktok.com\/tag\/goyas?refer=embed\" rel=\"noopener noreferrer\">#goyas<\/a> <a title=\"goya\" target=\"_blank\" href=\"https:\/\/www.tiktok.com\/tag\/goya?refer=embed\" rel=\"noopener noreferrer\">#goya<\/a> <a title=\"goyas2016\" target=\"_blank\" href=\"https:\/\/www.tiktok.com\/tag\/goyas2016?refer=embed\" rel=\"noopener noreferrer\">#goyas2016<\/a> <a title=\"premiosgoya\" target=\"_blank\" href=\"https:\/\/www.tiktok.com\/tag\/premiosgoya?refer=embed\" rel=\"noopener noreferrer\">#premiosgoya<\/a> <a title=\"miguelherr\u00e1n\" target=\"_blank\" href=\"https:\/\/www.tiktok.com\/tag\/miguelherr%C3%A1n?refer=embed\" rel=\"noopener noreferrer\">#miguelherr\u00e1n<\/a> <a title=\"acambiodenada\" target=\"_blank\" href=\"https:\/\/www.tiktok.com\/tag\/acambiodenada?refer=embed\" rel=\"noopener noreferrer\">#acambiodenada<\/a><\/p>\n<p> <a target=\"_blank\" title=\"\u266c sonido original - El Goy\u00f3metro\" href=\"https:\/\/www.tiktok.com\/music\/sonido-original-7129083146591537926?refer=embed\" rel=\"noopener noreferrer\">\u266c sonido original &#8211; El Goy\u00f3metro<\/a> <\/section>\n<\/blockquote>\n<p>Guzm\u00e1n, cuya segunda peli, de t\u00edtulo &#8216;Canallas&#8217;, se estrenaba en 2022, tambi\u00e9n destac\u00f3 su negativa a NO volver a hacer cine: \u00abHe hecho en 17 a\u00f1os dos pel\u00edculas, que no quiero decir que sean como mis hijos, pero en cierta manera me han quitado de vivir. Ahora quiero hacer cosas m\u00e1s convencionales. El cine me ha pasado factura en relaciones con amigos, con mis padres&#8230; He dejado de vivir. <strong>A m\u00ed el cine me dio la vida y como siga as\u00ed me la va a quitar<\/strong>\u00ab, se lamentaba el cineasta en el citado programa.<\/p>\n<p><!-- BREAK 6 --> <\/p>\n<div class=\"article-asset-image article-asset-normal article-asset-center\">\n<div class=\"asset-content\"> <img class=\"centro_sinmarco\" height=\"545\" width=\"976\" loading=\"lazy\" decoding=\"async\" sizes=\"100vw\" fetchpriority=\"high\" srcset=\"http:\/\/hoycordobaweb.com\/wp-content\/uploads\/2024\/07\/el-protagonista-de-aqui-no-hay-quien-viva-que-dimitio-de-la-serie-para-cumplir-su-sueno-2.jpg 450w, http:\/\/hoycordobaweb.com\/wp-content\/uploads\/2024\/07\/el-protagonista-de-aqui-no-hay-quien-viva-que-dimitio-de-la-serie-para-cumplir-su-sueno-7.jpg 681w, http:\/\/hoycordobaweb.com\/wp-content\/uploads\/2024\/07\/el-protagonista-de-aqui-no-hay-quien-viva-que-dimitio-de-la-serie-para-cumplir-su-sueno-8.jpg 1024w, http:\/\/hoycordobaweb.com\/wp-content\/uploads\/2024\/07\/el-protagonista-de-aqui-no-hay-quien-viva-que-dimitio-de-la-serie-para-cumplir-su-sueno-9.jpg 1366w\" src=\"http:\/\/hoycordobaweb.com\/wp-content\/uploads\/2024\/07\/el-protagonista-de-aqui-no-hay-quien-viva-que-dimitio-de-la-serie-para-cumplir-su-sueno-2.jpg\" alt=\"h\"> <noscript><img alt=\"h\" class=\"centro_sinmarco\" src=\"http:\/\/hoycordobaweb.com\/wp-content\/uploads\/2024\/07\/el-protagonista-de-aqui-no-hay-quien-viva-que-dimitio-de-la-serie-para-cumplir-su-sueno-2.jpg\"><\/noscript> <\/div>\n<\/div>\n<p>Por otro lado, el vecino del tercero, que despu\u00e9s vivi\u00f3 en el \u00e1tico junto a Andr\u00e9s Guerra, hizo hincapi\u00e9 en que sus pocas ganas de participar en proyectos de la peque\u00f1a pantalla fueron la clave de su retirada de &#8216;<a href=\"https:\/\/www.trendencias.com\/tag\/aqui%20no%20hay%20quien%20viva\">ANHQV<\/a>&#8216;: \u00ab<strong>No aguanto m\u00e1s de tres temporadas en una serie<\/strong>, porque hacer televisi\u00f3n es muy complicado, porque cambias el est\u00e1ndar de la interpretaci\u00f3n y todo vale, pero no todo vale. Yo busco un resultado muy concreto y cuando se olvida ya ese resultado prefiero irme a otra cosa\u00bb, reconoc\u00eda el actor en &#8216;Cinco tenedores&#8217;.<\/p>\n<p><!-- BREAK 7 --><\/p>\n<p>Fotos | Antena 3, RTVE<\/p>\n<p>En Trendencias |<a href=\"https:\/\/www.trendencias.com\/celebrities\/que-fue-anna-allen-nueva-actriz-que-se-avecina-que-se-invento-carrera-hollywood-photoshop\"> Qu\u00e9 fue de Anna Allen, la nueva actriz de &#8216;La que se avecina&#8217; que se invent\u00f3 una carrera en Hollywood con Photoshop<\/a><\/p>\n<p>En Trendencias | <a href=\"https:\/\/www.trendencias.com\/celebrities\/que-fue-pilar-punzano-falsa-ines-alcantara-cuentame-como-paso-su-nueva-vida-gran-bronca-imanol-arias\">Qu\u00e9 fue de Pilar Punzano, la \u00abfalsa\u00bb In\u00e9s Alc\u00e1ntara de &#8216;Cu\u00e9ntame c\u00f3mo pas\u00f3&#8217;: su nueva vida tras la gran bronca con Imanol Arias<\/a><\/p>\n","protected":false},"excerpt":{"rendered":"<p>Se podr\u00eda decir que Roberto fue uno de los personajes principales de &#8216;Aqu\u00ed no hay quien viva&#8217;. Recordemos que cuando la serie comenz\u00f3, hace ya dos d\u00e9cadas, una de las primeras im\u00e1genes fue la de \u00e9ste con Luc\u00eda mud\u00e1ndose al edificio, dando lugar a que pens\u00e1ramos que las tramas girar\u00edan en torno a ellos. Bien [&hellip;]<\/p>\n","protected":false},"author":1,"featured_media":80498,"comment_status":"closed","ping_status":"closed","sticky":false,"template":"","format":"standard","meta":[],"categories":[],"tags":[],"_links":{"self":[{"href":"http:\/\/hoycordobaweb.com\/index.php\/wp-json\/wp\/v2\/posts\/80497"}],"collection":[{"href":"http:\/\/hoycordobaweb.com\/index.php\/wp-json\/wp\/v2\/posts"}],"about":[{"href":"http:\/\/hoycordobaweb.com\/index.php\/wp-json\/wp\/v2\/types\/post"}],"author":[{"embeddable":true,"href":"http:\/\/hoycordobaweb.com\/index.php\/wp-json\/wp\/v2\/users\/1"}],"replies":[{"embeddable":true,"href":"http:\/\/hoycordobaweb.com\/index.php\/wp-json\/wp\/v2\/comments?post=80497"}],"version-history":[{"count":0,"href":"http:\/\/hoycordobaweb.com\/index.php\/wp-json\/wp\/v2\/posts\/80497\/revisions"}],"wp:featuredmedia":[{"embeddable":true,"href":"http:\/\/hoycordobaweb.com\/index.php\/wp-json\/wp\/v2\/media\/80498"}],"wp:attachment":[{"href":"http:\/\/hoycordobaweb.com\/index.php\/wp-json\/wp\/v2\/media?parent=80497"}],"wp:term":[{"taxonomy":"category","embeddable":true,"href":"http:\/\/hoycordobaweb.com\/index.php\/wp-json\/wp\/v2\/categories?post=80497"},{"taxonomy":"post_tag","embeddable":true,"href":"http:\/\/hoycordobaweb.com\/index.php\/wp-json\/wp\/v2\/tags?post=80497"}],"curies":[{"name":"wp","href":"https:\/\/api.w.org\/{rel}","templated":true}]}}