{"id":80489,"date":"2024-07-18T20:23:24","date_gmt":"2024-07-18T20:23:24","guid":{"rendered":"https:\/\/www.mujerhoy.com\/moda\/no-te-pierdas\/isabel-diaz-ayuso-vestido-rojo-invitada-escote-espalda-20240718213528-nt.html"},"modified":"2024-07-18T20:23:24","modified_gmt":"2024-07-18T20:23:24","slug":"isabel-diaz-ayuso-sorprende-con-un-espectacular-vestido-rojo-con-la-espalda-al-aire-en-los-premios-mariano-de-cavia","status":"publish","type":"post","link":"http:\/\/hoycordobaweb.com\/index.php\/2024\/07\/18\/isabel-diaz-ayuso-sorprende-con-un-espectacular-vestido-rojo-con-la-espalda-al-aire-en-los-premios-mariano-de-cavia\/","title":{"rendered":"Isabel D\u00edaz Ayuso sorprende con un espectacular vestido rojo con la espalda al aire en los Premios Mariano de Cavia"},"content":{"rendered":"<p><!-- AUTHOR --> <\/p>\n<div class=\"voc-author-timesocial \"> <!-- AUTHOR --> <\/p>\n<div class=\"voc-author-timesocial__signature \">\n<div class=\"voc-author-timesocial__img-c\"> <!-- IMAGE AUTHOR --> <picture class=\"voc-image-signature\"> <img class=\"voc-image-signature__img\" src=\"http:\/\/hoycordobaweb.com\/wp-content\/uploads\/2024\/07\/isabel-diaz-ayuso-sorprende-con-un-espectacular-vestido-rojo-con-la-espalda-al-aire-en-los-premios-mariano-de-cavia.jpg\" alt=\"Raquel Rodr\u00edguez\"> <\/picture> <\/div>\n<p> <!-- INFO AUTHOR --> <\/div><\/div>\n<p> <!-- COMPONENTS --> <\/p>\n<p class=\"voc-paragraph\">A pesar de que la absoluta protagonista es siempre <a data-voc-vtm-id=\"in-text-traffic\" href=\"https:\/\/www.mujerhoy.com\/moda\/no-te-pierdas\/reina-letizia-looks-espectaculares-premios-mariano-de-cavia-20240718073914-nt.html\" title=\"www.mujerhoy.com\">la reina Letizia y sus espectaculares looks,<\/a> lo cierto es que<br \/>\n<strong> los Premios Mariano de Cavia <\/strong>son una cita a la que acuden otros rostros destacados. La monarca pone el list\u00f3n muy alto estil\u00edsticamente hablando, pero las invitadas tambi\u00e9n sacan su versi\u00f3n m\u00e1s elegante y cada a\u00f1o vemos <strong>looks muy elegantes y especiales<\/strong>.\n<\/p>\n<p class=\"voc-paragraph\">Y esta nueva edici\u00f3n celebrada esta noche en la nueva sede de ABC no pod\u00eda ser menos. <strong>Los premios de periodismo m\u00e1s prestigiosos<\/strong> no solo reunen a lo mejor de la profesi\u00f3n del a\u00f1o y son presididos por Felipe y Letizia &#8211;<br \/>\n<a data-voc-vtm-id=\"in-text-traffic\" href=\"https:\/\/www.mujerhoy.com\/moda\/no-te-pierdas\/reina-letizia-vestido-blanco-premios-mariano-cavia-look-elegante-sandalias-tacon-comodo-20240718210137-nt.html\" title=\"www.mujerhoy.com\">ha arrasado con este vestido blanco<\/a>-, tambi\u00e9n son encuentro de personalidades que derrochan estilo como es el caso de <strong>Isabel D\u00edaz Ayuso <\/strong>y el precioso vestido rojo que ha escogido para esta edici\u00f3n.\n<\/p>\n<p class=\"voc-paragraph\">Isabel D\u00edaz Ayuso ha vuelto a <strong>elegir su color fetiche <\/strong>y ha demostrado que el rojo es el color del acierto. Al igual que la reina Letizia, la presidenta de la Comunidad de Madrid ha hecho de esta tonalidad su mejor aliado a la hora de vestirse y el vestido elegido para esta gala de Premios es el mejor ejemplo de lo mucho que favorece.\n<\/p>\n<p class=\"voc-paragraph\">Esta vez se ha decantado por un vestido largo repleto de detalles que hac\u00edan de \u00e9l una de las prendas m\u00e1s especiales que ha llevado hasta la fecha. Cuando se trata de citas en las que se requiere un<br \/>\n<strong> vestido de invitada o de c\u00f3ctel<\/strong>, la pol\u00edtica del Partido Popular pone toda la carne en el asador y siempre consigue ser las m\u00e1s destacadas. Y s\u00ed, en esta cita no pod\u00eda ser menos.\n<\/p>\n<div class=\"voc-detail-photo-zoom\"> <picture data-toggle=\"modal\" data-target=\"#photoZoomModal-67\" target=\"modal\">\n<div class=\"voc-img-icon-link\"> <img loading=\"lazy\" src=\"http:\/\/hoycordobaweb.com\/wp-content\/uploads\/2024\/07\/isabel-diaz-ayuso-sorprende-con-un-espectacular-vestido-rojo-con-la-espalda-al-aire-en-los-premios-mariano-de-cavia.webp\" width=\"650\" height=\"900\" alt=\"Isabel D\u00edaz Ayuso arrasa con un look de invitada perfecto. \/ LIMITED PICTURES\"> <noscript> <img src=\"http:\/\/hoycordobaweb.com\/wp-content\/uploads\/2024\/07\/isabel-diaz-ayuso-sorprende-con-un-espectacular-vestido-rojo-con-la-espalda-al-aire-en-los-premios-mariano-de-cavia.webp\" alt=\"Isabel D\u00edaz Ayuso arrasa con un look de invitada perfecto. \/ LIMITED PICTURES\"> <\/noscript> <i class=\"voc-icons zoom voc-multimedia-box voc-ico-l\"><\/i> <\/div><figcaption class=\"figure-caption\">Isabel D\u00edaz Ayuso arrasa con un look de invitada perfecto. \/ LIMITED PICTURES<\/figcaption><\/picture>\n<\/div>\n<div id=\"photoZoomModal-67\" class=\"voc-lightbox modal fade voc-lightbox--photo-zoom\" role=\"dialog\" data-voc-photozoom-lightbox>\n<div class=\"voc-lightbox__dialog\" role=\"document\">\n<div class=\"voc-lightbox__content\"> <!-- Modal header --> <!-- Modal content --> <\/p>\n<div class=\"voc-lightbox__photo-container\"> <picture class> <img loading=\"lazy\" src=\"http:\/\/hoycordobaweb.com\/wp-content\/uploads\/2024\/07\/isabel-diaz-ayuso-sorprende-con-un-espectacular-vestido-rojo-con-la-espalda-al-aire-en-los-premios-mariano-de-cavia.webp\" alt=\"Isabel D\u00edaz Ayuso arrasa con un look de invitada perfecto. \/ LIMITED PICTURES\"> <noscript> <img src=\"http:\/\/hoycordobaweb.com\/wp-content\/uploads\/2024\/07\/isabel-diaz-ayuso-sorprende-con-un-espectacular-vestido-rojo-con-la-espalda-al-aire-en-los-premios-mariano-de-cavia.webp\" alt=\"Isabel D\u00edaz Ayuso arrasa con un look de invitada perfecto. \/ LIMITED PICTURES\"> <\/noscript> <\/picture> <\/div><\/div><\/div>\n<\/div>\n<p class=\"voc-paragraph\">El vestido elegido era de corte recto y cuello redondo y estaba caracterizado por unas mangas con volantes efecto capa de lo m\u00e1s originales. Y aunque de frente era lo \u00fanico especial, lo cierto es que la sorpresa estaba en la parte de atr\u00e1s: un <strong>escote a la espalda muy pronunciado <\/strong>que sacaba su versi\u00f3n m\u00e1s sexy.\n<\/p>\n<p class=\"voc-paragraph\">Y la sorpresa no solo ha llegado con el dise\u00f1o, tambi\u00e9n con la marca escogida. Y es que, para este tipo de ocasiones Ayuso se decanta siempre por Victoria, la firma de Vicky Mart\u00edn Berrocal, pero esta vez ha elegido <strong>Lola Casademun<\/strong>t, otra firma espa\u00f1ola con la que ha demostrado que el made in Spain est\u00e1 muy presente en su armario.\n<\/p>\n<div class=\"voc-detail-photo-zoom\"> <picture data-toggle=\"modal\" data-target=\"#photoZoomModal-332\" target=\"modal\">\n<div class=\"voc-img-icon-link\"> <img loading=\"lazy\" src=\"http:\/\/hoycordobaweb.com\/wp-content\/uploads\/2024\/07\/isabel-diaz-ayuso-sorprende-con-un-espectacular-vestido-rojo-con-la-espalda-al-aire-en-los-premios-mariano-de-cavia-1.webp\" width=\"650\" height=\"900\" alt=\"El vestido de Lola Casademunt.\"> <noscript> <img src=\"http:\/\/hoycordobaweb.com\/wp-content\/uploads\/2024\/07\/isabel-diaz-ayuso-sorprende-con-un-espectacular-vestido-rojo-con-la-espalda-al-aire-en-los-premios-mariano-de-cavia-1.webp\" alt=\"El vestido de Lola Casademunt.\"> <\/noscript> <i class=\"voc-icons zoom voc-multimedia-box voc-ico-l\"><\/i> <\/div><figcaption class=\"figure-caption\">El vestido de Lola Casademunt.<\/figcaption><\/picture>\n<\/div>\n<div id=\"photoZoomModal-332\" class=\"voc-lightbox modal fade voc-lightbox--photo-zoom\" role=\"dialog\" data-voc-photozoom-lightbox>\n<div class=\"voc-lightbox__dialog\" role=\"document\">\n<div class=\"voc-lightbox__content\"> <!-- Modal header --> <!-- Modal content --> <\/p>\n<div class=\"voc-lightbox__photo-container\"> <picture class> <img loading=\"lazy\" src=\"http:\/\/hoycordobaweb.com\/wp-content\/uploads\/2024\/07\/isabel-diaz-ayuso-sorprende-con-un-espectacular-vestido-rojo-con-la-espalda-al-aire-en-los-premios-mariano-de-cavia-1.webp\" alt=\"El vestido de Lola Casademunt.\"> <noscript> <img src=\"http:\/\/hoycordobaweb.com\/wp-content\/uploads\/2024\/07\/isabel-diaz-ayuso-sorprende-con-un-espectacular-vestido-rojo-con-la-espalda-al-aire-en-los-premios-mariano-de-cavia-1.webp\" alt=\"El vestido de Lola Casademunt.\"> <\/noscript> <\/picture> <\/div><\/div><\/div>\n<\/div>\n<p class=\"voc-paragraph\">Una pieza perfecta para conseguir un look de invitada de diez que si te ha gustado tanto como a Ayuso lo puedes comprar <strong>rebajad\u00edsimo<\/strong>. Costaba 199 euros y ahora puedes hacerte con \u00e9l por 99 euros. \u00a1Descuentazo! La mala noticia es que solo est\u00e1 disponible en la talla XS y S.\n<\/p>\n<p class=\"voc-paragraph\">Tambi\u00e9n est\u00e1 disponible en negro, color que Isabel D\u00edaz Ayuso eligi\u00f3 para los complementos. La presidenta de la Comunidad de madrid complet\u00f3 el look con unas <strong>sandalias de tac\u00f3n y un bolso de mano <\/strong>tipo clutch alargado. Unos pendientes dorados colgantes que quedaban a la vista gracias a un recogido bajo.\n<\/p>\n<p> <!-- TOPICS --> <\/p>\n","protected":false},"excerpt":{"rendered":"<p>A pesar de que la absoluta protagonista es siempre la reina Letizia y sus espectaculares looks, lo cierto es que los Premios Mariano de Cavia son una cita a la que acuden otros rostros destacados. La monarca pone el list\u00f3n muy alto estil\u00edsticamente hablando, pero las invitadas tambi\u00e9n sacan su versi\u00f3n m\u00e1s elegante y cada [&hellip;]<\/p>\n","protected":false},"author":1,"featured_media":80490,"comment_status":"closed","ping_status":"closed","sticky":false,"template":"","format":"standard","meta":[],"categories":[],"tags":[],"_links":{"self":[{"href":"http:\/\/hoycordobaweb.com\/index.php\/wp-json\/wp\/v2\/posts\/80489"}],"collection":[{"href":"http:\/\/hoycordobaweb.com\/index.php\/wp-json\/wp\/v2\/posts"}],"about":[{"href":"http:\/\/hoycordobaweb.com\/index.php\/wp-json\/wp\/v2\/types\/post"}],"author":[{"embeddable":true,"href":"http:\/\/hoycordobaweb.com\/index.php\/wp-json\/wp\/v2\/users\/1"}],"replies":[{"embeddable":true,"href":"http:\/\/hoycordobaweb.com\/index.php\/wp-json\/wp\/v2\/comments?post=80489"}],"version-history":[{"count":0,"href":"http:\/\/hoycordobaweb.com\/index.php\/wp-json\/wp\/v2\/posts\/80489\/revisions"}],"wp:featuredmedia":[{"embeddable":true,"href":"http:\/\/hoycordobaweb.com\/index.php\/wp-json\/wp\/v2\/media\/80490"}],"wp:attachment":[{"href":"http:\/\/hoycordobaweb.com\/index.php\/wp-json\/wp\/v2\/media?parent=80489"}],"wp:term":[{"taxonomy":"category","embeddable":true,"href":"http:\/\/hoycordobaweb.com\/index.php\/wp-json\/wp\/v2\/categories?post=80489"},{"taxonomy":"post_tag","embeddable":true,"href":"http:\/\/hoycordobaweb.com\/index.php\/wp-json\/wp\/v2\/tags?post=80489"}],"curies":[{"name":"wp","href":"https:\/\/api.w.org\/{rel}","templated":true}]}}