{"id":80469,"date":"2024-07-17T23:24:41","date_gmt":"2024-07-17T23:24:41","guid":{"rendered":"http:\/\/hoycordobaweb.com\/index.php\/2024\/07\/17\/escandalo-racismo-en-el-futbol-argentino-pulso\/"},"modified":"2024-07-17T23:24:41","modified_gmt":"2024-07-17T23:24:41","slug":"escandalo-racismo-en-el-futbol-argentino-pulso","status":"publish","type":"post","link":"http:\/\/hoycordobaweb.com\/index.php\/2024\/07\/17\/escandalo-racismo-en-el-futbol-argentino-pulso\/","title":{"rendered":"Esc\u00e1ndalo: Racismo en el <b>f\u00fatbol argentino<\/b> &#8211; Pulso"},"content":{"rendered":"<p>Esc\u00e1ndalo de racismo en el <b>f\u00fatbol argentino<\/b>. C\u00e1nticos racistas en Argentina: \u00bfQu\u00e9 medidas se tomar\u00e1n? Por AP. Julio 17, 2024 05:21 p.m.. A. En un giro&nbsp;&#8230; <\/p>\n","protected":false},"excerpt":{"rendered":"<p>Esc\u00e1ndalo de racismo en el f\u00fatbol argentino. C\u00e1nticos racistas en Argentina: \u00bfQu\u00e9 medidas se tomar\u00e1n? Por AP. Julio 17, 2024 05:21 p.m.. A. En un giro&nbsp;&#8230;<\/p>\n","protected":false},"author":1,"featured_media":0,"comment_status":"closed","ping_status":"closed","sticky":false,"template":"","format":"standard","meta":[],"categories":[22],"tags":[],"_links":{"self":[{"href":"http:\/\/hoycordobaweb.com\/index.php\/wp-json\/wp\/v2\/posts\/80469"}],"collection":[{"href":"http:\/\/hoycordobaweb.com\/index.php\/wp-json\/wp\/v2\/posts"}],"about":[{"href":"http:\/\/hoycordobaweb.com\/index.php\/wp-json\/wp\/v2\/types\/post"}],"author":[{"embeddable":true,"href":"http:\/\/hoycordobaweb.com\/index.php\/wp-json\/wp\/v2\/users\/1"}],"replies":[{"embeddable":true,"href":"http:\/\/hoycordobaweb.com\/index.php\/wp-json\/wp\/v2\/comments?post=80469"}],"version-history":[{"count":0,"href":"http:\/\/hoycordobaweb.com\/index.php\/wp-json\/wp\/v2\/posts\/80469\/revisions"}],"wp:attachment":[{"href":"http:\/\/hoycordobaweb.com\/index.php\/wp-json\/wp\/v2\/media?parent=80469"}],"wp:term":[{"taxonomy":"category","embeddable":true,"href":"http:\/\/hoycordobaweb.com\/index.php\/wp-json\/wp\/v2\/categories?post=80469"},{"taxonomy":"post_tag","embeddable":true,"href":"http:\/\/hoycordobaweb.com\/index.php\/wp-json\/wp\/v2\/tags?post=80469"}],"curies":[{"name":"wp","href":"https:\/\/api.w.org\/{rel}","templated":true}]}}