{"id":80451,"date":"2024-07-17T22:44:38","date_gmt":"2024-07-17T22:44:38","guid":{"rendered":"https:\/\/www.trendencias.com\/mexico\/christian-nodal-comparte-fotos-a-johnny-deep-internet-explota-al-notar-gran-parecido-dos"},"modified":"2024-07-17T22:44:38","modified_gmt":"2024-07-17T22:44:38","slug":"christian-nodal-comparte-fotos-junto-a-johnny-deep-y-el-internet-explota-al-notar-el-gran-parecido-entre-los-dos","status":"publish","type":"post","link":"http:\/\/hoycordobaweb.com\/index.php\/2024\/07\/17\/christian-nodal-comparte-fotos-junto-a-johnny-deep-y-el-internet-explota-al-notar-el-gran-parecido-entre-los-dos\/","title":{"rendered":"Christian Nodal comparte fotos junto a Johnny Deep y el internet explota al notar el gran parecido entre los dos"},"content":{"rendered":"<p>De nueva cuenta, <strong>Christian Nodal est\u00e1 en boca de todos<\/strong>, y es que no s\u00f3lo se ha convertido en una de las estrellas sensaci\u00f3n del momento desde que anunci\u00f3 su separaci\u00f3n de Cazzu, sino que, desde el anuncio de relaci\u00f3n con \u00c1ngela Aguilar, el cantante se ha vuelto en todo un referente de estilo, que le ha valido convertirse en un icono de la moda que ahora se rodea con grandes celebridades de la industria, <strong>hasta con el mismo actor Johnny Deep<\/strong>.<\/p>\n<p><!-- BREAK 1 --> <\/p>\n<p>A trav\u00e9s de unas fotograf\u00edas que el cantante comparti\u00f3 en su cuenta de Instagram, el int\u00e9rprete se encontr\u00f3 con el actor de &#8216;Piratas del Caribe&#8217; en el recinto <strong>en donde el tenor Andrea Bocelli<\/strong> llev\u00f3 a cabo un concierto especial <a href=\"https:\/\/www.trendencias.com\/mexico\/christian-nodal-unico-mexicano-concierto-andrea-bocelli-italia-asi-presumio-redes\">por sus 30 a\u00f1os de carrera<\/a>.<\/p>\n<p><!-- BREAK 2 --><\/p>\n<p>En las im\u00e1genes que r\u00e1pidamente le dieron la vuelta al mundo, se les puede ver a ambos tomados del brazo posando para las fotograf\u00edas, en donde no dejaron de compararlos por su gran parecido, y es que, como algunos aseguran, <strong>Nodal tiene un gran parecido a Deep cuando era joven.<\/strong><\/p>\n<p><!-- BREAK 3 --> <\/p>\n<div class=\"article-asset-image article-asset-normal article-asset-center\">\n<div class=\"asset-content\"> <a rel=\"noopener, noreferrer\" href=\"https:\/\/www.instagram.com\/p\/C9iXNUYMs_U\/?img_index=1\"> <img class=\"centro_sinmarco\" height=\"2880\" width=\"5120\" loading=\"lazy\" decoding=\"async\" sizes=\"100vw\" fetchpriority=\"high\" srcset=\"http:\/\/hoycordobaweb.com\/wp-content\/uploads\/2024\/07\/christian-nodal-comparte-fotos-junto-a-johnny-deep-y-el-internet-explota-al-notar-el-gran-parecido-entre-los-dos.jpg 450w, http:\/\/hoycordobaweb.com\/wp-content\/uploads\/2024\/07\/christian-nodal-comparte-fotos-junto-a-johnny-deep-y-el-internet-explota-al-notar-el-gran-parecido-entre-los-dos-2.jpg 681w, http:\/\/hoycordobaweb.com\/wp-content\/uploads\/2024\/07\/christian-nodal-comparte-fotos-junto-a-johnny-deep-y-el-internet-explota-al-notar-el-gran-parecido-entre-los-dos-3.jpg 1024w, http:\/\/hoycordobaweb.com\/wp-content\/uploads\/2024\/07\/christian-nodal-comparte-fotos-junto-a-johnny-deep-y-el-internet-explota-al-notar-el-gran-parecido-entre-los-dos-4.jpg 1366w\" src=\"http:\/\/hoycordobaweb.com\/wp-content\/uploads\/2024\/07\/christian-nodal-comparte-fotos-junto-a-johnny-deep-y-el-internet-explota-al-notar-el-gran-parecido-entre-los-dos.jpg\" alt=\"Desktop\"> <noscript><img alt=\"Desktop\" class=\"centro_sinmarco\" src=\"http:\/\/hoycordobaweb.com\/wp-content\/uploads\/2024\/07\/christian-nodal-comparte-fotos-junto-a-johnny-deep-y-el-internet-explota-al-notar-el-gran-parecido-entre-los-dos.jpg\"><\/noscript> <\/a> <\/div>\n<\/div>\n<p>Por los tatuajes y el estilo desenfadado de ambos, no dejaron de llover comentarios como que \u00ab<a rel=\"noopener, noreferrer\" href=\"https:\/\/www.instagram.com\/p\/C9iXNUYMs_U\/c\/18022339517093053\/?img_index=1\">parecen hermanos separados al nacer\u00bb<\/a>, o en donde se preguntan \u00abcu\u00e1l es cu\u00e1l, <a rel=\"noopener, noreferrer\" href=\"https:\/\/www.instagram.com\/p\/C9iXNUYMs_U\/c\/17984002202549873\/?img_index=1\">porque creo que ya veo doble<\/a>\u00ab.<\/p>\n<p><!-- BREAK 4 --><\/p>\n<p>Los comentarios nacieron a ra\u00edz de que, en una publicaci\u00f3n para Instagram, Nodal se dej\u00f3 ver <a href=\"https:\/\/www.trendencias.com\/celebrities\/christian-nodal-publica-nuevas-fotos-tatuajes-cara-afirman-que-tiene-gran-parecido-johnny-deep\">sin los tatuajes que lleva en la cara<\/a> y que se han convertido en se\u00f1a de su f\u00edsico, mismos que comenz\u00f3 a aumentar en n\u00famero <strong>desde su sonado romance con la cantante Belinda<\/strong>.<\/p>\n<p><!-- BREAK 5 --><\/p>\n<p>Fotos <a rel=\"noopener, noreferrer\" href=\"https:\/\/www.instagram.com\/p\/C9iXNUYMs_U\/c\/17984002202549873\/?img_index=1\">de Instagram<\/a><\/p>\n<p>En Trendencias | <a href=\"https:\/\/www.trendencias.com\/mexico\/christian-nodal-unico-mexicano-concierto-andrea-bocelli-italia-asi-presumio-redes\">Christian Nodal fue el \u00fanico cantante mexicano en el concierto de Andrea Bocelli en Italia y as\u00ed lo presumi\u00f3 en redes<\/a><\/p>\n<p>En Trendencias | <a href=\"https:\/\/www.trendencias.com\/mexico\/google-celebra-legado-divo-juarez-juan-gabriel-doodle-especial-video\">Del \u00abNoa Noa\u00bb a \u00abAmor eterno\u00bb: as\u00ed es como el Doodle de Google rinde homenaje a la trayectoria de Juan Gabriel<\/a><\/p>\n","protected":false},"excerpt":{"rendered":"<p>De nueva cuenta, Christian Nodal est\u00e1 en boca de todos, y es que no s\u00f3lo se ha convertido en una de las estrellas sensaci\u00f3n del momento desde que anunci\u00f3 su separaci\u00f3n de Cazzu, sino que, desde el anuncio de relaci\u00f3n con \u00c1ngela Aguilar, el cantante se ha vuelto en todo un referente de estilo, que [&hellip;]<\/p>\n","protected":false},"author":1,"featured_media":80452,"comment_status":"closed","ping_status":"closed","sticky":false,"template":"","format":"standard","meta":[],"categories":[],"tags":[],"_links":{"self":[{"href":"http:\/\/hoycordobaweb.com\/index.php\/wp-json\/wp\/v2\/posts\/80451"}],"collection":[{"href":"http:\/\/hoycordobaweb.com\/index.php\/wp-json\/wp\/v2\/posts"}],"about":[{"href":"http:\/\/hoycordobaweb.com\/index.php\/wp-json\/wp\/v2\/types\/post"}],"author":[{"embeddable":true,"href":"http:\/\/hoycordobaweb.com\/index.php\/wp-json\/wp\/v2\/users\/1"}],"replies":[{"embeddable":true,"href":"http:\/\/hoycordobaweb.com\/index.php\/wp-json\/wp\/v2\/comments?post=80451"}],"version-history":[{"count":0,"href":"http:\/\/hoycordobaweb.com\/index.php\/wp-json\/wp\/v2\/posts\/80451\/revisions"}],"wp:featuredmedia":[{"embeddable":true,"href":"http:\/\/hoycordobaweb.com\/index.php\/wp-json\/wp\/v2\/media\/80452"}],"wp:attachment":[{"href":"http:\/\/hoycordobaweb.com\/index.php\/wp-json\/wp\/v2\/media?parent=80451"}],"wp:term":[{"taxonomy":"category","embeddable":true,"href":"http:\/\/hoycordobaweb.com\/index.php\/wp-json\/wp\/v2\/categories?post=80451"},{"taxonomy":"post_tag","embeddable":true,"href":"http:\/\/hoycordobaweb.com\/index.php\/wp-json\/wp\/v2\/tags?post=80451"}],"curies":[{"name":"wp","href":"https:\/\/api.w.org\/{rel}","templated":true}]}}